{"id":52005,"date":"2024-01-09T14:14:21","date_gmt":"2024-01-09T13:14:21","guid":{"rendered":"https:\/\/wbp.lublin.pl\/?p=52005"},"modified":"2026-02-03T13:43:05","modified_gmt":"2026-02-03T12:43:05","slug":"poranek-u-hieronima-odc-183","status":"publish","type":"post","link":"https:\/\/wbp.lublin.pl\/index.php\/2024\/01\/09\/poranek-u-hieronima-odc-183\/","title":{"rendered":"Poranek u Hieronima odc. 183"},"content":{"rendered":"\n<!--more-->\n\n\n<div class=\"wp-block-image\">\n<figure class=\"aligncenter size-full is-resized\"><img data-dominant-color=\"93a3ae\" data-has-transparency=\"false\" decoding=\"async\" sizes=\"(max-width: 940px) 100vw, 940px\" src=\"https:\/\/wbp.lublin.pl\/wp-content\/uploads\/2024\/01\/Poranek-u-Hieronima-1-jpg.webp\" alt=\"\" class=\"wp-image-52006 not-transparent\" style=\"--dominant-color: #93a3ae; width:717px;height:auto\"\/><\/figure>\n<\/div>\n\n\n<p class=\"wp-block-paragraph\">Go\u015bciem &#8222;Poranka u Hieronima&#8221; b\u0119dzie <strong>Ma\u0142gorzata Przytu\u0142a-Sawicka<\/strong> &#8211; z zawodu reporta\u017cystka radiowa, z pasji i zami\u0142owania podr\u00f3\u017cniczka. Laureatka licznych konkurs\u00f3w krajowych i mi\u0119dzynarodowych. Literatka. W programie opowie o swojej przygodzie z Australi\u0105, jej zapachach, d\u017awi\u0119kach i spotkaniach z fascynuj\u0105cymi lud\u017ami.<\/p>\n\n\n\n<p class=\"wp-block-paragraph\">Zaprasza Lidia G\u0142\u0119bicka<\/p>\n\n\n\n<p class=\"wp-block-paragraph\">Poranek u Hieronima jest emitowany w ka\u017cd\u0105 \u015brod\u0119 o godz. 10.00 na fb Biblioteki <a href=\"https:\/\/www.facebook.com\/wbplublin\">https:\/\/www.facebook.com\/wbplublin<\/a><\/p>\n\n\n\n<p class=\"wp-block-paragraph\">Premiera nowego odcinka &#8211; 10 stycznia 2024.<\/p>\n\n\n\n<p class=\"wp-block-paragraph\">Odcinki archiwalne s\u0105 dost\u0119pne na kanale YouTube Biblioteki<\/p>\n\n\n\n<figure class=\"wp-block-embed is-type-video is-provider-youtube wp-block-embed-youtube wp-embed-aspect-16-9 wp-has-aspect-ratio\"><div class=\"wp-block-embed__wrapper\">\n<iframe loading=\"lazy\" title=\"Poranek u Hieronima - odc. 183\" width=\"887\" height=\"499\" src=\"https:\/\/www.youtube.com\/embed\/UWhGhBv8s_E?feature=oembed\" frameborder=\"0\" allow=\"accelerometer; autoplay; clipboard-write; encrypted-media; gyroscope; picture-in-picture; web-share\" referrerpolicy=\"strict-origin-when-cross-origin\" allowfullscreen><\/iframe>\n<\/div><\/figure>\n\n\n\n<p class=\"has-text-align-center wp-block-paragraph\">ZAPRASZAMY! <\/p>\n","protected":false},"excerpt":{"rendered":"","protected":false},"author":20,"featured_media":52006,"comment_status":"closed","ping_status":"closed","sticky":false,"template":"","format":"standard","meta":{"_tec_requires_first_save":true,"_crdt_document":"","pgc_sgb_lightbox_settings":"","_EventAllDay":false,"_EventTimezone":"","_EventStartDate":"","_EventEndDate":"","_EventStartDateUTC":"","_EventEndDateUTC":"","_EventShowMap":false,"_EventShowMapLink":false,"_EventURL":"","_EventCost":"","_EventCostDescription":"","_EventCurrencySymbol":"","_EventCurrencyCode":"","_EventCurrencyPosition":"","_EventDateTimeSeparator":"","_EventTimeRangeSeparator":"","_EventOrganizerID":[],"_EventVenueID":[],"_OrganizerEmail":"","_OrganizerPhone":"","_OrganizerWebsite":"","_VenueAddress":"","_VenueCity":"","_VenueCountry":"","_VenueProvince":"","_VenueState":"","_VenueZip":"","_VenuePhone":"","_VenueURL":"","_VenueStateProvince":"","_VenueLat":"","_VenueLng":"","_VenueShowMap":false,"_VenueShowMapLink":false,"_tribe_blocks_recurrence_rules":"","_tribe_blocks_recurrence_description":"","_tribe_blocks_recurrence_exclusions":"","footnotes":""},"categories":[638,10],"tags":[],"class_list":["post-52005","post","type-post","status-publish","format-standard","has-post-thumbnail","hentry","category-poranek-u-hieronima","category-aktualnosci"],"publishpress_future_action":{"enabled":false,"date":"2026-05-06 17:27:31","action":"change-status","newStatus":"draft","terms":[],"taxonomy":"category","extraData":[]},"publishpress_future_workflow_manual_trigger":{"enabledWorkflows":[]},"_links":{"self":[{"href":"https:\/\/wbp.lublin.pl\/index.php\/wp-json\/wp\/v2\/posts\/52005","targetHints":{"allow":["GET"]}}],"collection":[{"href":"https:\/\/wbp.lublin.pl\/index.php\/wp-json\/wp\/v2\/posts"}],"about":[{"href":"https:\/\/wbp.lublin.pl\/index.php\/wp-json\/wp\/v2\/types\/post"}],"author":[{"embeddable":true,"href":"https:\/\/wbp.lublin.pl\/index.php\/wp-json\/wp\/v2\/users\/20"}],"replies":[{"embeddable":true,"href":"https:\/\/wbp.lublin.pl\/index.php\/wp-json\/wp\/v2\/comments?post=52005"}],"version-history":[{"count":3,"href":"https:\/\/wbp.lublin.pl\/index.php\/wp-json\/wp\/v2\/posts\/52005\/revisions"}],"predecessor-version":[{"id":78524,"href":"https:\/\/wbp.lublin.pl\/index.php\/wp-json\/wp\/v2\/posts\/52005\/revisions\/78524"}],"wp:featuredmedia":[{"embeddable":true,"href":"https:\/\/wbp.lublin.pl\/index.php\/wp-json\/wp\/v2\/media\/52006"}],"wp:attachment":[{"href":"https:\/\/wbp.lublin.pl\/index.php\/wp-json\/wp\/v2\/media?parent=52005"}],"wp:term":[{"taxonomy":"category","embeddable":true,"href":"https:\/\/wbp.lublin.pl\/index.php\/wp-json\/wp\/v2\/categories?post=52005"},{"taxonomy":"post_tag","embeddable":true,"href":"https:\/\/wbp.lublin.pl\/index.php\/wp-json\/wp\/v2\/tags?post=52005"}],"curies":[{"name":"wp","href":"https:\/\/api.w.org\/{rel}","templated":true}]}}