{"id":53132,"date":"2024-01-23T19:39:14","date_gmt":"2024-01-23T18:39:14","guid":{"rendered":"https:\/\/wbp.lublin.pl\/?p=53132"},"modified":"2026-02-03T13:33:27","modified_gmt":"2026-02-03T12:33:27","slug":"poranek-u-hieronima-odc-186","status":"publish","type":"post","link":"https:\/\/wbp.lublin.pl\/index.php\/2024\/01\/23\/poranek-u-hieronima-odc-186\/","title":{"rendered":"Poranek u Hieronima odc. 186"},"content":{"rendered":"\n<!--more-->\n\n\n<div class=\"wp-block-image\">\n<figure class=\"aligncenter size-full is-resized\"><img data-dominant-color=\"ead49e\" data-has-transparency=\"false\" decoding=\"async\" sizes=\"(max-width: 940px) 100vw, 940px\" src=\"https:\/\/wbp.lublin.pl\/wp-content\/uploads\/2024\/01\/Poranek-u-Hieronima-2-1-jpg.webp\" alt=\"\" class=\"wp-image-53133 not-transparent\" style=\"--dominant-color: #ead49e; width:626px;height:auto\"\/><\/figure>\n<\/div>\n\n\n<p class=\"wp-block-paragraph\">Nasze studio odwiedz\u0105 prawdziwi pasjonaci tradycji pszczelarskiej &#8211; <strong>Ewa i Andrzej<\/strong> <strong>Janczarkowie<\/strong>. Zapytamy o przepis na dobry mi\u00f3d, o \u017cycie pasieki podyktowane porami roku, ale tak\u017ce o wyr\u00f3b \u015bwiec &#8211; jest to bowiem w ich rodzinie tradycja przekazywana z pokolenia na pokolenie. Andrzej Janczarek specjalizuje si\u0119 w produkcji gromnic z wosku pszczelego, za\u015b \u017cona Ewa &#8211; w tworzeniu \u015bwieczek w najr\u00f3\u017cniejszych kszta\u0142tach. Zapytamy tak\u017ce, co wsp\u00f3lnego maj\u0105 nasi go\u015bcie z tradycyjnym strojem janowsko-kra\u015bnickim.<\/p>\n\n\n\n<p class=\"wp-block-paragraph\">Rozmow\u0119 poprowadzi Dorota Mo\u015bcibrodzka<\/p>\n\n\n\n<p class=\"wp-block-paragraph\">Premiera nowego odcinka Poranka u Hieronima: 31 stycznia 2024, godz. 10.00<\/p>\n\n\n\n<p class=\"wp-block-paragraph\">Odcinki archiwalne s\u0105 dost\u0119pne na kanale YouTube Biblioteki<\/p>\n\n\n\n<figure class=\"wp-block-embed is-type-video is-provider-youtube wp-block-embed-youtube wp-embed-aspect-16-9 wp-has-aspect-ratio\"><div class=\"wp-block-embed__wrapper\">\n<iframe loading=\"lazy\" title=\"Poranek u Hieronima - odc. 186\" width=\"887\" height=\"499\" src=\"https:\/\/www.youtube.com\/embed\/9U95AIgqjWs?feature=oembed\" frameborder=\"0\" allow=\"accelerometer; autoplay; clipboard-write; encrypted-media; gyroscope; picture-in-picture; web-share\" referrerpolicy=\"strict-origin-when-cross-origin\" allowfullscreen><\/iframe>\n<\/div><\/figure>\n\n\n\n<p class=\"has-text-align-center wp-block-paragraph\">ZAPRASZAMY! <\/p>\n","protected":false},"excerpt":{"rendered":"","protected":false},"author":20,"featured_media":53133,"comment_status":"closed","ping_status":"closed","sticky":false,"template":"","format":"standard","meta":{"_tec_requires_first_save":true,"_crdt_document":"","pgc_sgb_lightbox_settings":"","_EventAllDay":false,"_EventTimezone":"","_EventStartDate":"","_EventEndDate":"","_EventStartDateUTC":"","_EventEndDateUTC":"","_EventShowMap":false,"_EventShowMapLink":false,"_EventURL":"","_EventCost":"","_EventCostDescription":"","_EventCurrencySymbol":"","_EventCurrencyCode":"","_EventCurrencyPosition":"","_EventDateTimeSeparator":"","_EventTimeRangeSeparator":"","_EventOrganizerID":[],"_EventVenueID":[],"_OrganizerEmail":"","_OrganizerPhone":"","_OrganizerWebsite":"","_VenueAddress":"","_VenueCity":"","_VenueCountry":"","_VenueProvince":"","_VenueState":"","_VenueZip":"","_VenuePhone":"","_VenueURL":"","_VenueStateProvince":"","_VenueLat":"","_VenueLng":"","_VenueShowMap":false,"_VenueShowMapLink":false,"_tribe_blocks_recurrence_rules":"","_tribe_blocks_recurrence_description":"","_tribe_blocks_recurrence_exclusions":"","footnotes":""},"categories":[638,10],"tags":[],"class_list":["post-53132","post","type-post","status-publish","format-standard","has-post-thumbnail","hentry","category-poranek-u-hieronima","category-aktualnosci"],"publishpress_future_action":{"enabled":false,"date":"2026-05-06 15:53:34","action":"change-status","newStatus":"draft","terms":[],"taxonomy":"category","extraData":[]},"publishpress_future_workflow_manual_trigger":{"enabledWorkflows":[]},"_links":{"self":[{"href":"https:\/\/wbp.lublin.pl\/index.php\/wp-json\/wp\/v2\/posts\/53132","targetHints":{"allow":["GET"]}}],"collection":[{"href":"https:\/\/wbp.lublin.pl\/index.php\/wp-json\/wp\/v2\/posts"}],"about":[{"href":"https:\/\/wbp.lublin.pl\/index.php\/wp-json\/wp\/v2\/types\/post"}],"author":[{"embeddable":true,"href":"https:\/\/wbp.lublin.pl\/index.php\/wp-json\/wp\/v2\/users\/20"}],"replies":[{"embeddable":true,"href":"https:\/\/wbp.lublin.pl\/index.php\/wp-json\/wp\/v2\/comments?post=53132"}],"version-history":[{"count":3,"href":"https:\/\/wbp.lublin.pl\/index.php\/wp-json\/wp\/v2\/posts\/53132\/revisions"}],"predecessor-version":[{"id":78518,"href":"https:\/\/wbp.lublin.pl\/index.php\/wp-json\/wp\/v2\/posts\/53132\/revisions\/78518"}],"wp:featuredmedia":[{"embeddable":true,"href":"https:\/\/wbp.lublin.pl\/index.php\/wp-json\/wp\/v2\/media\/53133"}],"wp:attachment":[{"href":"https:\/\/wbp.lublin.pl\/index.php\/wp-json\/wp\/v2\/media?parent=53132"}],"wp:term":[{"taxonomy":"category","embeddable":true,"href":"https:\/\/wbp.lublin.pl\/index.php\/wp-json\/wp\/v2\/categories?post=53132"},{"taxonomy":"post_tag","embeddable":true,"href":"https:\/\/wbp.lublin.pl\/index.php\/wp-json\/wp\/v2\/tags?post=53132"}],"curies":[{"name":"wp","href":"https:\/\/api.w.org\/{rel}","templated":true}]}}