{"id":54037,"date":"2024-02-16T10:18:55","date_gmt":"2024-02-16T09:18:55","guid":{"rendered":"https:\/\/wbp.lublin.pl\/?p=54037"},"modified":"2024-03-04T10:59:21","modified_gmt":"2024-03-04T09:59:21","slug":"promocja-ksiazki-igrzyska-olimpijskie-dawniej-i-dzis-w-obiektywie","status":"publish","type":"post","link":"https:\/\/wbp.lublin.pl\/index.php\/2024\/02\/16\/promocja-ksiazki-igrzyska-olimpijskie-dawniej-i-dzis-w-obiektywie\/","title":{"rendered":"Spotkanie pt. \u201eIgrzyska Olimpijskie dawniej i dzi\u015b\u201d w obiektywie"},"content":{"rendered":"\n<!--more-->\n\n\n\n<p class=\"wp-block-paragraph\">W czwartek, 15 lutego 2024 r., w Wojew\u00f3dzkiej Bibliotece Publicznej im. Hieronima \u0141opaci\u0144skiego w Lublinie odby\u0142o si\u0119 spotkanie z dr. hab. Dariuszem S\u0142apkiem, prof. UMCS, pt. \u201eIgrzyska Olimpijskie dawniej i dzi\u015b\u201d. Wydarzenie zainaugurowa\u0142o cykl spotka\u0144 zwi\u0105zanych z obchodami Roku Polskiego Olimpijczyka ustanowionego przez Sejm RP, kt\u00f3re b\u0119d\u0105 organizowane w naszej ksi\u0105\u017cnicy.<\/p>\n\n\n\n<p class=\"wp-block-paragraph\"><\/p>\n\n\n\n<figure class=\"wp-block-gallery has-nested-images columns-default is-cropped wp-block-gallery-1 is-layout-flex wp-block-gallery-is-layout-flex\">\n<figure class=\"wp-block-image size-large\"><a href=\"https:\/\/wbp.lublin.pl\/wp-content\/uploads\/2024\/02\/1-scaled.webp\"><img data-dominant-color=\"777192\" data-has-transparency=\"false\" style=\"--dominant-color: #777192;\" loading=\"lazy\" decoding=\"async\" width=\"750\" height=\"1080\" sizes=\"auto, (max-width: 750px) 100vw, 750px\" data-id=\"54038\" src=\"https:\/\/wbp.lublin.pl\/wp-content\/uploads\/2024\/02\/1-750x1080.webp\" alt=\"\" class=\"wp-image-54038 not-transparent\" srcset=\"https:\/\/wbp.lublin.pl\/wp-content\/uploads\/2024\/02\/1-750x1080.webp 750w, https:\/\/wbp.lublin.pl\/wp-content\/uploads\/2024\/02\/1-417x600.webp 417w, https:\/\/wbp.lublin.pl\/wp-content\/uploads\/2024\/02\/1-278x400.webp 278w, https:\/\/wbp.lublin.pl\/wp-content\/uploads\/2024\/02\/1-768x1106.webp 768w, https:\/\/wbp.lublin.pl\/wp-content\/uploads\/2024\/02\/1-1066x1536.webp 1066w, https:\/\/wbp.lublin.pl\/wp-content\/uploads\/2024\/02\/1-1422x2048.webp 1422w, https:\/\/wbp.lublin.pl\/wp-content\/uploads\/2024\/02\/1-947x1364.webp 947w, https:\/\/wbp.lublin.pl\/wp-content\/uploads\/2024\/02\/1-624x899.webp 624w, https:\/\/wbp.lublin.pl\/wp-content\/uploads\/2024\/02\/1-scaled.webp 1777w\" \/><\/a><figcaption class=\"wp-element-caption\">Go\u015bci spotkania przywita\u0142 Andrzej Rolla \u2013 Dyrektor WBP<\/figcaption><\/figure>\n\n\n\n<figure class=\"wp-block-image size-large\"><a href=\"https:\/\/wbp.lublin.pl\/wp-content\/uploads\/2024\/02\/2-scaled.webp\"><img data-dominant-color=\"584f4e\" data-has-transparency=\"false\" style=\"--dominant-color: #584f4e;\" loading=\"lazy\" decoding=\"async\" width=\"721\" height=\"1080\" sizes=\"auto, (max-width: 721px) 100vw, 721px\" data-id=\"54039\" src=\"https:\/\/wbp.lublin.pl\/wp-content\/uploads\/2024\/02\/2-721x1080.webp\" alt=\"\" class=\"wp-image-54039 not-transparent\" srcset=\"https:\/\/wbp.lublin.pl\/wp-content\/uploads\/2024\/02\/2-721x1080.webp 721w, https:\/\/wbp.lublin.pl\/wp-content\/uploads\/2024\/02\/2-401x600.webp 401w, https:\/\/wbp.lublin.pl\/wp-content\/uploads\/2024\/02\/2-267x400.webp 267w, https:\/\/wbp.lublin.pl\/wp-content\/uploads\/2024\/02\/2-768x1150.webp 768w, https:\/\/wbp.lublin.pl\/wp-content\/uploads\/2024\/02\/2-1025x1536.webp 1025w, https:\/\/wbp.lublin.pl\/wp-content\/uploads\/2024\/02\/2-1367x2048.webp 1367w, https:\/\/wbp.lublin.pl\/wp-content\/uploads\/2024\/02\/2-947x1419.webp 947w, https:\/\/wbp.lublin.pl\/wp-content\/uploads\/2024\/02\/2-624x935.webp 624w, https:\/\/wbp.lublin.pl\/wp-content\/uploads\/2024\/02\/2-scaled.webp 1709w\" \/><\/a><figcaption class=\"wp-element-caption\">Spotkanie poprowadzi\u0142 Mariusz Olejarczyk (Dzia\u0142 Naukowo-Wydawniczy WBP)<\/figcaption><\/figure>\n\n\n\n<figure class=\"wp-block-image size-large\"><a href=\"https:\/\/wbp.lublin.pl\/wp-content\/uploads\/2024\/02\/3-scaled.webp\"><img data-dominant-color=\"6e66ab\" data-has-transparency=\"false\" style=\"--dominant-color: #6e66ab;\" loading=\"lazy\" decoding=\"async\" width=\"802\" height=\"1080\" sizes=\"auto, (max-width: 802px) 100vw, 802px\" data-id=\"54040\" src=\"https:\/\/wbp.lublin.pl\/wp-content\/uploads\/2024\/02\/3-802x1080.webp\" alt=\"\" class=\"wp-image-54040 not-transparent\" srcset=\"https:\/\/wbp.lublin.pl\/wp-content\/uploads\/2024\/02\/3-802x1080.webp 802w, https:\/\/wbp.lublin.pl\/wp-content\/uploads\/2024\/02\/3-446x600.webp 446w, https:\/\/wbp.lublin.pl\/wp-content\/uploads\/2024\/02\/3-297x400.webp 297w, https:\/\/wbp.lublin.pl\/wp-content\/uploads\/2024\/02\/3-768x1034.webp 768w, https:\/\/wbp.lublin.pl\/wp-content\/uploads\/2024\/02\/3-1141x1536.webp 1141w, https:\/\/wbp.lublin.pl\/wp-content\/uploads\/2024\/02\/3-1521x2048.webp 1521w, https:\/\/wbp.lublin.pl\/wp-content\/uploads\/2024\/02\/3-947x1275.webp 947w, https:\/\/wbp.lublin.pl\/wp-content\/uploads\/2024\/02\/3-624x840.webp 624w, https:\/\/wbp.lublin.pl\/wp-content\/uploads\/2024\/02\/3-scaled.webp 1901w\" \/><\/a><figcaption class=\"wp-element-caption\">Dr hab. Dariusz S\u0142apek przybli\u017cy\u0142 zebranym staro\u017cytn\u0105 i nowo\u017cytn\u0105 ide\u0119 olimpizmu<\/figcaption><\/figure>\n\n\n\n<figure class=\"wp-block-image size-large\"><a href=\"https:\/\/wbp.lublin.pl\/wp-content\/uploads\/2024\/02\/4-scaled.webp\"><img data-dominant-color=\"6a636d\" data-has-transparency=\"false\" style=\"--dominant-color: #6a636d;\" loading=\"lazy\" decoding=\"async\" width=\"1618\" height=\"1080\" sizes=\"auto, (max-width: 1618px) 100vw, 1618px\" data-id=\"54041\" src=\"https:\/\/wbp.lublin.pl\/wp-content\/uploads\/2024\/02\/4-1618x1080.webp\" alt=\"\" class=\"wp-image-54041 not-transparent\" srcset=\"https:\/\/wbp.lublin.pl\/wp-content\/uploads\/2024\/02\/4-1618x1080.webp 1618w, https:\/\/wbp.lublin.pl\/wp-content\/uploads\/2024\/02\/4-600x401.webp 600w, https:\/\/wbp.lublin.pl\/wp-content\/uploads\/2024\/02\/4-400x267.webp 400w, https:\/\/wbp.lublin.pl\/wp-content\/uploads\/2024\/02\/4-768x513.webp 768w, https:\/\/wbp.lublin.pl\/wp-content\/uploads\/2024\/02\/4-1536x1025.webp 1536w, https:\/\/wbp.lublin.pl\/wp-content\/uploads\/2024\/02\/4-2048x1367.webp 2048w, https:\/\/wbp.lublin.pl\/wp-content\/uploads\/2024\/02\/4-947x632.webp 947w, https:\/\/wbp.lublin.pl\/wp-content\/uploads\/2024\/02\/4-624x417.webp 624w, https:\/\/wbp.lublin.pl\/wp-content\/uploads\/2024\/02\/4-84x56.webp 84w\" \/><\/a><figcaption class=\"wp-element-caption\">Maciej Powa\u0142a-Nied\u017awiecki zaprosi\u0142 na kolejne spotkanie olimpijskie, kt\u00f3re odb\u0119dzie si\u0119 6 marca 2024 r. o godz. 17 w Galerii WBP. Go\u015b\u0107mi specjalnymi b\u0119d\u0105 Andrzej G\u0142\u0105b \u2013 zapa\u015bnik, zdobywca srebrnego medalu na igrzyskach w Seulu w 1988 r. oraz Mariusz Siembida \u2013 p\u0142ywak, uczestnik igrzysk w Atlancie (1996) i Sydney (2000)<\/figcaption><\/figure>\n\n\n\n<figure class=\"wp-block-image size-large\"><a href=\"https:\/\/wbp.lublin.pl\/wp-content\/uploads\/2024\/02\/5-scaled.webp\"><img data-dominant-color=\"9f805f\" data-has-transparency=\"false\" style=\"--dominant-color: #9f805f;\" loading=\"lazy\" decoding=\"async\" width=\"1618\" height=\"1080\" sizes=\"auto, (max-width: 1618px) 100vw, 1618px\" data-id=\"54042\" src=\"https:\/\/wbp.lublin.pl\/wp-content\/uploads\/2024\/02\/5-1618x1080.webp\" alt=\"\" class=\"wp-image-54042 not-transparent\" srcset=\"https:\/\/wbp.lublin.pl\/wp-content\/uploads\/2024\/02\/5-1618x1080.webp 1618w, https:\/\/wbp.lublin.pl\/wp-content\/uploads\/2024\/02\/5-600x401.webp 600w, https:\/\/wbp.lublin.pl\/wp-content\/uploads\/2024\/02\/5-400x267.webp 400w, https:\/\/wbp.lublin.pl\/wp-content\/uploads\/2024\/02\/5-768x513.webp 768w, https:\/\/wbp.lublin.pl\/wp-content\/uploads\/2024\/02\/5-1536x1025.webp 1536w, https:\/\/wbp.lublin.pl\/wp-content\/uploads\/2024\/02\/5-2048x1367.webp 2048w, https:\/\/wbp.lublin.pl\/wp-content\/uploads\/2024\/02\/5-947x632.webp 947w, https:\/\/wbp.lublin.pl\/wp-content\/uploads\/2024\/02\/5-624x417.webp 624w, https:\/\/wbp.lublin.pl\/wp-content\/uploads\/2024\/02\/5-84x56.webp 84w\" \/><\/a><\/figure>\n<\/figure>\n\n\n\n<p class=\"has-text-align-center wp-block-paragraph\">Fot. Maciej Koz\u0142owski<\/p>\n","protected":false},"excerpt":{"rendered":"","protected":false},"author":20,"featured_media":54046,"comment_status":"closed","ping_status":"closed","sticky":false,"template":"","format":"standard","meta":{"_tec_requires_first_save":true,"_crdt_document":"","pgc_sgb_lightbox_settings":"","_EventAllDay":false,"_EventTimezone":"","_EventStartDate":"","_EventEndDate":"","_EventStartDateUTC":"","_EventEndDateUTC":"","_EventShowMap":false,"_EventShowMapLink":false,"_EventURL":"","_EventCost":"","_EventCostDescription":"","_EventCurrencySymbol":"","_EventCurrencyCode":"","_EventCurrencyPosition":"","_EventDateTimeSeparator":"","_EventTimeRangeSeparator":"","_EventOrganizerID":[],"_EventVenueID":[],"_OrganizerEmail":"","_OrganizerPhone":"","_OrganizerWebsite":"","_VenueAddress":"","_VenueCity":"","_VenueCountry":"","_VenueProvince":"","_VenueState":"","_VenueZip":"","_VenuePhone":"","_VenueURL":"","_VenueStateProvince":"","_VenueLat":"","_VenueLng":"","_VenueShowMap":false,"_VenueShowMapLink":false,"_tribe_blocks_recurrence_rules":"","_tribe_blocks_recurrence_description":"","_tribe_blocks_recurrence_exclusions":"","footnotes":""},"categories":[10],"tags":[],"class_list":["post-54037","post","type-post","status-publish","format-standard","has-post-thumbnail","hentry","category-aktualnosci"],"publishpress_future_action":{"enabled":false,"date":"2026-05-06 15:54:54","action":"change-status","newStatus":"draft","terms":[],"taxonomy":"category","extraData":[]},"publishpress_future_workflow_manual_trigger":{"enabledWorkflows":[]},"_links":{"self":[{"href":"https:\/\/wbp.lublin.pl\/index.php\/wp-json\/wp\/v2\/posts\/54037","targetHints":{"allow":["GET"]}}],"collection":[{"href":"https:\/\/wbp.lublin.pl\/index.php\/wp-json\/wp\/v2\/posts"}],"about":[{"href":"https:\/\/wbp.lublin.pl\/index.php\/wp-json\/wp\/v2\/types\/post"}],"author":[{"embeddable":true,"href":"https:\/\/wbp.lublin.pl\/index.php\/wp-json\/wp\/v2\/users\/20"}],"replies":[{"embeddable":true,"href":"https:\/\/wbp.lublin.pl\/index.php\/wp-json\/wp\/v2\/comments?post=54037"}],"version-history":[{"count":3,"href":"https:\/\/wbp.lublin.pl\/index.php\/wp-json\/wp\/v2\/posts\/54037\/revisions"}],"predecessor-version":[{"id":54720,"href":"https:\/\/wbp.lublin.pl\/index.php\/wp-json\/wp\/v2\/posts\/54037\/revisions\/54720"}],"wp:featuredmedia":[{"embeddable":true,"href":"https:\/\/wbp.lublin.pl\/index.php\/wp-json\/wp\/v2\/media\/54046"}],"wp:attachment":[{"href":"https:\/\/wbp.lublin.pl\/index.php\/wp-json\/wp\/v2\/media?parent=54037"}],"wp:term":[{"taxonomy":"category","embeddable":true,"href":"https:\/\/wbp.lublin.pl\/index.php\/wp-json\/wp\/v2\/categories?post=54037"},{"taxonomy":"post_tag","embeddable":true,"href":"https:\/\/wbp.lublin.pl\/index.php\/wp-json\/wp\/v2\/tags?post=54037"}],"curies":[{"name":"wp","href":"https:\/\/api.w.org\/{rel}","templated":true}]}}