{"id":54538,"date":"2024-04-19T10:29:06","date_gmt":"2024-04-19T08:29:06","guid":{"rendered":"https:\/\/wbp.lublin.pl\/?p=54538"},"modified":"2025-11-18T11:48:14","modified_gmt":"2025-11-18T10:48:14","slug":"kolekcja-hieronima-lopacinskiego-w-narodowym-zasobie-bibliotecznym","status":"publish","type":"post","link":"https:\/\/wbp.lublin.pl\/index.php\/2024\/04\/19\/kolekcja-hieronima-lopacinskiego-w-narodowym-zasobie-bibliotecznym\/","title":{"rendered":"Kolekcja Hieronima \u0141opaci\u0144skiego w Narodowym Zasobie Bibliotecznym"},"content":{"rendered":"<div class=\"wp-block-image\">\n<figure class=\"aligncenter size-full is-resized\"><img data-dominant-color=\"e9d0d4\" data-has-transparency=\"false\" decoding=\"async\" sizes=\"(max-width: 500px) 100vw, 500px\" src=\"https:\/\/wbp.lublin.pl\/wp-content\/uploads\/2024\/04\/aaa.png\" alt=\"flaga god\u0142o mdkin\" class=\"wp-image-56852 not-transparent\" style=\"--dominant-color: #e9d0d4; width:639px;height:auto\"\/><figcaption class=\"wp-element-caption\"><strong>Dofinansowano ze \u015brodk\u00f3w Ministra Kultury i Dziedzictwa Narodowego pochodz\u0105cych z Funduszu Promocji Kultury &#8211; pa\u0144stwowego funduszu celowego<\/strong><\/figcaption><\/figure>\n<\/div>\n\n\n<p class=\"wp-block-paragraph\">Kolekcja Hieronima \u0141opaci\u0144skiego w Narodowym Zasobie Bibliotecznym \u2013 digitalizacja, konserwacja i ponowne wykorzystanie<\/p>\n\n\n\n<p class=\"wp-block-paragraph\">Ca\u0142kowita warto\u015b\u0107 zadania: 103 750 z\u0142<br>Warto\u015b\u0107 dofinansowania: 83 000 z\u0142<br>Data podpisania umowy: 10 kwietnia 2024 r.<\/p>\n\n\n\n<p class=\"wp-block-paragraph\"><\/p>\n\n\n\n<p class=\"wp-block-paragraph\">Wojew\u00f3dzka Biblioteka Publiczna im. Hieronima \u0141opaci\u0144skiego w Lublinie uzyska\u0142a dotacj\u0119<br>Ministra Kultury i Dziedzictwa Narodowego w ramach Programu Kultura Cyfrowa 2024 w kwocie 83&nbsp;000,00 z\u0142. W ramach zadania: Kolekcja Hieronima \u0141opaci\u0144skiego w Narodowym Zasobie Bibliotecznym &#8211; digitalizacja, konserwacja i ponowne wykorzystanie oferta cyfrowa Biblioteki powi\u0119kszy si\u0119 o 680 jednostek kartograficznych, 1274 jednostki grafiki oraz dodatkowe 265 egzemplarzy starych druk\u00f3w. Zbiory przeznaczone do digitalizacji to niezwykle cenne materia\u0142y wydane od XVI do pocz\u0105tk\u00f3w XX w. w wi\u0119kszo\u015bci dotycz\u0105ce Lublina i wojew\u00f3dztwa lubelskiego. S\u0105 to zbiory zaliczane do Narodowego Zasobu Bibliotecznego odznaczaj\u0105ce si\u0119 wyj\u0105tkow\u0105 warto\u015bci\u0105 i znaczeniem dla dziedzictwa kulturowego<br>Lubelszczyzny oraz Polski.<\/p>\n\n\n\n<p class=\"wp-block-paragraph\">Digitalizacja materia\u0142\u00f3w, a nast\u0119pnie ich opublikowanie w Polonie w kolekcji Wojew\u00f3dzkiej<br>Biblioteki Publicznej im. Hieronima \u0141opaci\u0144skiego przyczyni si\u0119 do rozwoju bada\u0144 nad<br>dziejami Lubelszczyzny oraz spopularyzuje zasoby Biblioteki.<\/p>\n\n\n\n<p class=\"has-text-align-right wp-block-paragraph\"><em>M. Radwan<\/em><\/p>\n\n\n<div class=\"wp-block-image\">\n<figure class=\"aligncenter size-large\"><img data-dominant-color=\"e9e2e4\" data-has-transparency=\"false\" style=\"--dominant-color: #e9e2e4;\" loading=\"lazy\" decoding=\"async\" width=\"769\" height=\"1080\" sizes=\"auto, (max-width: 769px) 100vw, 769px\" src=\"https:\/\/wbp.lublin.pl\/wp-content\/uploads\/2024\/04\/Plakat-FPK-769x1080.webp\" alt=\"Kolekcja Hieronima \u0141opaci\u0144skiego w Narodowym Zasobie Bibliotecznym\" class=\"wp-image-66623 not-transparent\" srcset=\"https:\/\/wbp.lublin.pl\/wp-content\/uploads\/2024\/04\/Plakat-FPK-769x1080.webp 769w, https:\/\/wbp.lublin.pl\/wp-content\/uploads\/2024\/04\/Plakat-FPK-427x600.webp 427w, https:\/\/wbp.lublin.pl\/wp-content\/uploads\/2024\/04\/Plakat-FPK-285x400.webp 285w, https:\/\/wbp.lublin.pl\/wp-content\/uploads\/2024\/04\/Plakat-FPK-768x1079.webp 768w, https:\/\/wbp.lublin.pl\/wp-content\/uploads\/2024\/04\/Plakat-FPK-1094x1536.webp 1094w, https:\/\/wbp.lublin.pl\/wp-content\/uploads\/2024\/04\/Plakat-FPK-1458x2048.webp 1458w, https:\/\/wbp.lublin.pl\/wp-content\/uploads\/2024\/04\/Plakat-FPK-947x1330.webp 947w, https:\/\/wbp.lublin.pl\/wp-content\/uploads\/2024\/04\/Plakat-FPK-624x876.webp 624w, https:\/\/wbp.lublin.pl\/wp-content\/uploads\/2024\/04\/Plakat-FPK-scaled.webp 1823w\" \/><\/figure>\n<\/div>","protected":false},"excerpt":{"rendered":"<p>Dobrych wiadomo\u015bci ci\u0105g dalszy!!!<\/p>\n","protected":false},"author":18,"featured_media":54379,"comment_status":"closed","ping_status":"closed","sticky":false,"template":"","format":"standard","meta":{"_tec_requires_first_save":true,"_crdt_document":"","pgc_sgb_lightbox_settings":"","_EventAllDay":false,"_EventTimezone":"","_EventStartDate":"","_EventEndDate":"","_EventStartDateUTC":"","_EventEndDateUTC":"","_EventShowMap":false,"_EventShowMapLink":false,"_EventURL":"","_EventCost":"","_EventCostDescription":"","_EventCurrencySymbol":"","_EventCurrencyCode":"","_EventCurrencyPosition":"","_EventDateTimeSeparator":"","_EventTimeRangeSeparator":"","_EventOrganizerID":[],"_EventVenueID":[],"_OrganizerEmail":"","_OrganizerPhone":"","_OrganizerWebsite":"","_VenueAddress":"","_VenueCity":"","_VenueCountry":"","_VenueProvince":"","_VenueState":"","_VenueZip":"","_VenuePhone":"","_VenueURL":"","_VenueStateProvince":"","_VenueLat":"","_VenueLng":"","_VenueShowMap":false,"_VenueShowMapLink":false,"_tribe_blocks_recurrence_rules":"","_tribe_blocks_recurrence_description":"","_tribe_blocks_recurrence_exclusions":"","footnotes":""},"categories":[736,10],"tags":[735],"class_list":["post-54538","post","type-post","status-publish","format-standard","has-post-thumbnail","hentry","category-projektymkidn","category-aktualnosci","tag-khlnzb"],"publishpress_future_action":{"enabled":false,"date":"2026-05-06 17:35:56","action":"change-status","newStatus":"draft","terms":[],"taxonomy":"category","extraData":[]},"publishpress_future_workflow_manual_trigger":{"enabledWorkflows":[]},"_links":{"self":[{"href":"https:\/\/wbp.lublin.pl\/index.php\/wp-json\/wp\/v2\/posts\/54538","targetHints":{"allow":["GET"]}}],"collection":[{"href":"https:\/\/wbp.lublin.pl\/index.php\/wp-json\/wp\/v2\/posts"}],"about":[{"href":"https:\/\/wbp.lublin.pl\/index.php\/wp-json\/wp\/v2\/types\/post"}],"author":[{"embeddable":true,"href":"https:\/\/wbp.lublin.pl\/index.php\/wp-json\/wp\/v2\/users\/18"}],"replies":[{"embeddable":true,"href":"https:\/\/wbp.lublin.pl\/index.php\/wp-json\/wp\/v2\/comments?post=54538"}],"version-history":[{"count":18,"href":"https:\/\/wbp.lublin.pl\/index.php\/wp-json\/wp\/v2\/posts\/54538\/revisions"}],"predecessor-version":[{"id":76235,"href":"https:\/\/wbp.lublin.pl\/index.php\/wp-json\/wp\/v2\/posts\/54538\/revisions\/76235"}],"wp:featuredmedia":[{"embeddable":true,"href":"https:\/\/wbp.lublin.pl\/index.php\/wp-json\/wp\/v2\/media\/54379"}],"wp:attachment":[{"href":"https:\/\/wbp.lublin.pl\/index.php\/wp-json\/wp\/v2\/media?parent=54538"}],"wp:term":[{"taxonomy":"category","embeddable":true,"href":"https:\/\/wbp.lublin.pl\/index.php\/wp-json\/wp\/v2\/categories?post=54538"},{"taxonomy":"post_tag","embeddable":true,"href":"https:\/\/wbp.lublin.pl\/index.php\/wp-json\/wp\/v2\/tags?post=54538"}],"curies":[{"name":"wp","href":"https:\/\/api.w.org\/{rel}","templated":true}]}}