{"id":57508,"date":"2024-05-06T14:53:24","date_gmt":"2024-05-06T12:53:24","guid":{"rendered":"https:\/\/wbp.lublin.pl\/?p=57508"},"modified":"2024-05-09T12:01:44","modified_gmt":"2024-05-09T10:01:44","slug":"swiat-dla-ciebie-zrobilem-warsztaty-kolazu","status":"publish","type":"post","link":"https:\/\/wbp.lublin.pl\/index.php\/2024\/05\/06\/swiat-dla-ciebie-zrobilem-warsztaty-kolazu\/","title":{"rendered":"\u201e\u015awiat dla ciebie zrobi\u0142em\u201d. Warsztaty kola\u017cu"},"content":{"rendered":"\n<!--more-->\n\n\n\n<p class=\"has-text-align-center wp-block-paragraph\">Zapraszamy na <strong>warsztaty kola\u017cu \u201e\u015awiat dla ciebie zrobi\u0142em\u201d  <\/strong><br>8 maja (\u015broda), godz. 17.00<\/p>\n\n\n\n<p class=\"has-text-align-center wp-block-paragraph\">Wojew\u00f3dzka Biblioteka Publiczna im. Hieronima \u0141opaci\u0144skiego w Lublinie<br>ul. Gabriela Narutowicza 4<br>Sala konferencyjna (poziom -1)<\/p>\n\n\n<div class=\"wp-block-image\">\n<figure class=\"aligncenter size-full is-resized\"><img data-dominant-color=\"86887f\" data-has-transparency=\"false\" decoding=\"async\" sizes=\"(max-width: 1640px) 100vw, 1640px\" src=\"https:\/\/wbp.lublin.pl\/wp-content\/uploads\/2024\/05\/Poranek-u-Hieronima-96-jpg.webp\" alt=\"\" class=\"wp-image-57510 not-transparent\" style=\"--dominant-color: #86887f; width:699px;height:auto\"\/><figcaption class=\"wp-element-caption\">Prace autorstwa Doroty Mo\u015bcibrodzkiej<\/figcaption><\/figure>\n<\/div>\n\n\n<p class=\"has-text-align-center wp-block-paragraph\">Prowadzenie: Dorota Mo\u015bcibrodzka, Agata Kozio\u0142<\/p>\n\n\n\n<p class=\"has-text-align-center wp-block-paragraph\">Tytu\u0142 warsztatu nawi\u0105zuje do opowiadania Zo\u015bki Papu\u017canki. Posta\u0107 pisarki odnajdziecie na jednym z kola\u017cy, za\u015b ksi\u0105\u017ck\u0119, z kt\u00f3rej pochodzi wspomniane opowiadanie \u2013 w zbiorach Biblioteki. Ka\u017cdy uczestnik wykona sw\u00f3j autorski kola\u017c \u0142\u0105cz\u0105c faktury i znalezione w czasopismach zdj\u0119cia. Prace mog\u0105, cho\u0107 nie musz\u0105, by\u0107 inspirowane literatur\u0105. Powiemy kilka s\u0142\u00f3w o kompozycji, kt\u00f3ra sprawi, \u017ce nasz kola\u017c b\u0119dzie ciekawy i intryguj\u0105cy dla odbiorcy.<\/p>\n\n\n\n<p class=\"has-text-align-center wp-block-paragraph\">Wst\u0119p bezp\u0142atny. Liczba miejsc ograniczona.<br>Zapisy i szczeg\u00f3\u0142owe informacje: e-mail: informatorium@wbp.lublin.pl lub tel. 81 52 87 417\u00a0<\/p>\n\n\n\n<p class=\"has-text-align-center wp-block-paragraph\">Wydarzenie jest organizowane w ramach Tygodnia Bibliotek<\/p>\n\n\n<div class=\"wp-block-image\">\n<figure class=\"aligncenter size-large is-resized\"><img data-dominant-color=\"efe8e8\" data-has-transparency=\"false\" loading=\"lazy\" decoding=\"async\" width=\"1920\" height=\"234\" sizes=\"auto, (max-width: 1920px) 100vw, 1920px\" src=\"https:\/\/wbp.lublin.pl\/wp-content\/uploads\/2024\/04\/550-1920x234.webp\" alt=\"Lubelszczyzna Pi\u0119kna. Migawki\" class=\"wp-image-57090 not-transparent\" style=\"--dominant-color: #efe8e8; width:914px;height:auto\" srcset=\"https:\/\/wbp.lublin.pl\/wp-content\/uploads\/2024\/04\/550-1920x234.webp 1920w, https:\/\/wbp.lublin.pl\/wp-content\/uploads\/2024\/04\/550-600x73.webp 600w, https:\/\/wbp.lublin.pl\/wp-content\/uploads\/2024\/04\/550-400x49.webp 400w, https:\/\/wbp.lublin.pl\/wp-content\/uploads\/2024\/04\/550-768x94.webp 768w, https:\/\/wbp.lublin.pl\/wp-content\/uploads\/2024\/04\/550-1536x187.webp 1536w, https:\/\/wbp.lublin.pl\/wp-content\/uploads\/2024\/04\/550-947x116.webp 947w, https:\/\/wbp.lublin.pl\/wp-content\/uploads\/2024\/04\/550-624x76.webp 624w, https:\/\/wbp.lublin.pl\/wp-content\/uploads\/2024\/04\/550.webp 2000w\" \/><\/figure>\n<\/div>\n\n\n<p class=\"has-text-align-right wp-block-paragraph\"><em>Dzia\u0142 Informacji i Promocji<\/em><\/p>\n","protected":false},"excerpt":{"rendered":"","protected":false},"author":21,"featured_media":57510,"comment_status":"closed","ping_status":"closed","sticky":false,"template":"","format":"standard","meta":{"_tec_requires_first_save":true,"_crdt_document":"","pgc_sgb_lightbox_settings":"","_EventAllDay":false,"_EventTimezone":"","_EventStartDate":"","_EventEndDate":"","_EventStartDateUTC":"","_EventEndDateUTC":"","_EventShowMap":false,"_EventShowMapLink":false,"_EventURL":"","_EventCost":"","_EventCostDescription":"","_EventCurrencySymbol":"","_EventCurrencyCode":"","_EventCurrencyPosition":"","_EventDateTimeSeparator":"","_EventTimeRangeSeparator":"","_EventOrganizerID":[],"_EventVenueID":[],"_OrganizerEmail":"","_OrganizerPhone":"","_OrganizerWebsite":"","_VenueAddress":"","_VenueCity":"","_VenueCountry":"","_VenueProvince":"","_VenueState":"","_VenueZip":"","_VenuePhone":"","_VenueURL":"","_VenueStateProvince":"","_VenueLat":"","_VenueLng":"","_VenueShowMap":false,"_VenueShowMapLink":false,"_tribe_blocks_recurrence_rules":"","_tribe_blocks_recurrence_description":"","_tribe_blocks_recurrence_exclusions":"","footnotes":""},"categories":[10,90],"tags":[],"class_list":["post-57508","post","type-post","status-publish","format-standard","has-post-thumbnail","hentry","category-aktualnosci","category-imprezy"],"publishpress_future_action":{"enabled":false,"date":"2026-05-06 17:42:00","action":"change-status","newStatus":"draft","terms":[],"taxonomy":"category","extraData":[]},"publishpress_future_workflow_manual_trigger":{"enabledWorkflows":[]},"_links":{"self":[{"href":"https:\/\/wbp.lublin.pl\/index.php\/wp-json\/wp\/v2\/posts\/57508","targetHints":{"allow":["GET"]}}],"collection":[{"href":"https:\/\/wbp.lublin.pl\/index.php\/wp-json\/wp\/v2\/posts"}],"about":[{"href":"https:\/\/wbp.lublin.pl\/index.php\/wp-json\/wp\/v2\/types\/post"}],"author":[{"embeddable":true,"href":"https:\/\/wbp.lublin.pl\/index.php\/wp-json\/wp\/v2\/users\/21"}],"replies":[{"embeddable":true,"href":"https:\/\/wbp.lublin.pl\/index.php\/wp-json\/wp\/v2\/comments?post=57508"}],"version-history":[{"count":4,"href":"https:\/\/wbp.lublin.pl\/index.php\/wp-json\/wp\/v2\/posts\/57508\/revisions"}],"predecessor-version":[{"id":57515,"href":"https:\/\/wbp.lublin.pl\/index.php\/wp-json\/wp\/v2\/posts\/57508\/revisions\/57515"}],"wp:featuredmedia":[{"embeddable":true,"href":"https:\/\/wbp.lublin.pl\/index.php\/wp-json\/wp\/v2\/media\/57510"}],"wp:attachment":[{"href":"https:\/\/wbp.lublin.pl\/index.php\/wp-json\/wp\/v2\/media?parent=57508"}],"wp:term":[{"taxonomy":"category","embeddable":true,"href":"https:\/\/wbp.lublin.pl\/index.php\/wp-json\/wp\/v2\/categories?post=57508"},{"taxonomy":"post_tag","embeddable":true,"href":"https:\/\/wbp.lublin.pl\/index.php\/wp-json\/wp\/v2\/tags?post=57508"}],"curies":[{"name":"wp","href":"https:\/\/api.w.org\/{rel}","templated":true}]}}