{"id":58403,"date":"2024-05-16T13:10:41","date_gmt":"2024-05-16T11:10:41","guid":{"rendered":"https:\/\/wbp.lublin.pl\/?p=58403"},"modified":"2024-06-20T14:50:29","modified_gmt":"2024-06-20T12:50:29","slug":"wystawa-ja-i-moje-ksiazki","status":"publish","type":"post","link":"https:\/\/wbp.lublin.pl\/index.php\/2024\/05\/16\/wystawa-ja-i-moje-ksiazki\/","title":{"rendered":"Wystawa \u201eJa i moje ksi\u0105\u017cki\u201d"},"content":{"rendered":"\n<!--more-->\n\n\n\n<p class=\"wp-block-paragraph\">Wojew\u00f3dzka Biblioteka Publiczna im. Hieronima \u0141opaci\u0144skiego w Lublinie&nbsp;zaprasza na wystaw\u0119 prac konkursowych dzieci i m\u0142odzie\u017cy ze spektrum autyzmu \u201eJa i moje ksi\u0105\u017cki\u201d. Organizatorem konkursu \u201eJa i moje ksi\u0105\u017cki\u201d jest Specjalny O\u015brodek Szkolno-Wychowawczy nr 2 w Lublinie  oraz Wydzia\u0142 Zdrowia i Profilaktyki Urz\u0119du Miasta Lublin. Prace konkursowe wykona\u0142y dzieci i m\u0142odzie\u017c ze spektrum autyzmu z lubelskich szk\u00f3\u0142 podstawowych oraz instytucji  wspieraj\u0105cych rozw\u00f3j os\u00f3b z autyzmem. Wystawa jest prezentowana w Holu Biblioteki. <\/p>\n\n\n\n<figure class=\"wp-block-gallery has-nested-images columns-2 is-cropped wp-block-gallery-1 is-layout-flex wp-block-gallery-is-layout-flex\">\n<figure class=\"wp-block-image size-large\"><a href=\"https:\/\/wbp.lublin.pl\/wp-content\/uploads\/2024\/05\/DSC_7173-scaled.webp\"><img data-dominant-color=\"9a856b\" data-has-transparency=\"false\" style=\"--dominant-color: #9a856b;\" loading=\"lazy\" decoding=\"async\" width=\"1618\" height=\"1080\" sizes=\"auto, (max-width: 1618px) 100vw, 1618px\" data-id=\"58404\" src=\"https:\/\/wbp.lublin.pl\/wp-content\/uploads\/2024\/05\/DSC_7173-1618x1080.webp\" alt=\"\" class=\"wp-image-58404 not-transparent\" srcset=\"https:\/\/wbp.lublin.pl\/wp-content\/uploads\/2024\/05\/DSC_7173-1618x1080.webp 1618w, https:\/\/wbp.lublin.pl\/wp-content\/uploads\/2024\/05\/DSC_7173-600x401.webp 600w, https:\/\/wbp.lublin.pl\/wp-content\/uploads\/2024\/05\/DSC_7173-400x267.webp 400w, https:\/\/wbp.lublin.pl\/wp-content\/uploads\/2024\/05\/DSC_7173-768x513.webp 768w, https:\/\/wbp.lublin.pl\/wp-content\/uploads\/2024\/05\/DSC_7173-1536x1025.webp 1536w, https:\/\/wbp.lublin.pl\/wp-content\/uploads\/2024\/05\/DSC_7173-2048x1367.webp 2048w, https:\/\/wbp.lublin.pl\/wp-content\/uploads\/2024\/05\/DSC_7173-947x632.webp 947w, https:\/\/wbp.lublin.pl\/wp-content\/uploads\/2024\/05\/DSC_7173-624x417.webp 624w, https:\/\/wbp.lublin.pl\/wp-content\/uploads\/2024\/05\/DSC_7173-84x56.webp 84w\" \/><\/a><\/figure>\n\n\n\n<figure class=\"wp-block-image size-large\"><a href=\"https:\/\/wbp.lublin.pl\/wp-content\/uploads\/2024\/05\/DSC_7174-scaled.webp\"><img data-dominant-color=\"91826f\" data-has-transparency=\"false\" style=\"--dominant-color: #91826f;\" loading=\"lazy\" decoding=\"async\" width=\"1618\" height=\"1080\" sizes=\"auto, (max-width: 1618px) 100vw, 1618px\" data-id=\"58408\" src=\"https:\/\/wbp.lublin.pl\/wp-content\/uploads\/2024\/05\/DSC_7174-1618x1080.webp\" alt=\"\" class=\"wp-image-58408 not-transparent\" srcset=\"https:\/\/wbp.lublin.pl\/wp-content\/uploads\/2024\/05\/DSC_7174-1618x1080.webp 1618w, https:\/\/wbp.lublin.pl\/wp-content\/uploads\/2024\/05\/DSC_7174-600x401.webp 600w, https:\/\/wbp.lublin.pl\/wp-content\/uploads\/2024\/05\/DSC_7174-400x267.webp 400w, https:\/\/wbp.lublin.pl\/wp-content\/uploads\/2024\/05\/DSC_7174-768x513.webp 768w, https:\/\/wbp.lublin.pl\/wp-content\/uploads\/2024\/05\/DSC_7174-1536x1025.webp 1536w, https:\/\/wbp.lublin.pl\/wp-content\/uploads\/2024\/05\/DSC_7174-2048x1367.webp 2048w, https:\/\/wbp.lublin.pl\/wp-content\/uploads\/2024\/05\/DSC_7174-947x632.webp 947w, https:\/\/wbp.lublin.pl\/wp-content\/uploads\/2024\/05\/DSC_7174-624x417.webp 624w, https:\/\/wbp.lublin.pl\/wp-content\/uploads\/2024\/05\/DSC_7174-84x56.webp 84w\" \/><\/a><\/figure>\n\n\n\n<figure class=\"wp-block-image size-large\"><a href=\"https:\/\/wbp.lublin.pl\/wp-content\/uploads\/2024\/05\/DSC_7178-scaled.webp\"><img data-dominant-color=\"7e6a50\" data-has-transparency=\"false\" style=\"--dominant-color: #7e6a50;\" loading=\"lazy\" decoding=\"async\" width=\"1618\" height=\"1080\" sizes=\"auto, (max-width: 1618px) 100vw, 1618px\" data-id=\"58407\" src=\"https:\/\/wbp.lublin.pl\/wp-content\/uploads\/2024\/05\/DSC_7178-1618x1080.webp\" alt=\"\" class=\"wp-image-58407 not-transparent\" srcset=\"https:\/\/wbp.lublin.pl\/wp-content\/uploads\/2024\/05\/DSC_7178-1618x1080.webp 1618w, https:\/\/wbp.lublin.pl\/wp-content\/uploads\/2024\/05\/DSC_7178-600x401.webp 600w, https:\/\/wbp.lublin.pl\/wp-content\/uploads\/2024\/05\/DSC_7178-400x267.webp 400w, https:\/\/wbp.lublin.pl\/wp-content\/uploads\/2024\/05\/DSC_7178-768x513.webp 768w, https:\/\/wbp.lublin.pl\/wp-content\/uploads\/2024\/05\/DSC_7178-1536x1025.webp 1536w, https:\/\/wbp.lublin.pl\/wp-content\/uploads\/2024\/05\/DSC_7178-2048x1367.webp 2048w, https:\/\/wbp.lublin.pl\/wp-content\/uploads\/2024\/05\/DSC_7178-947x632.webp 947w, https:\/\/wbp.lublin.pl\/wp-content\/uploads\/2024\/05\/DSC_7178-624x417.webp 624w, https:\/\/wbp.lublin.pl\/wp-content\/uploads\/2024\/05\/DSC_7178-84x56.webp 84w\" \/><\/a><\/figure>\n\n\n\n<figure class=\"wp-block-image size-large\"><a href=\"https:\/\/wbp.lublin.pl\/wp-content\/uploads\/2024\/05\/DSC_7181-scaled.webp\"><img data-dominant-color=\"4d4d44\" data-has-transparency=\"false\" style=\"--dominant-color: #4d4d44;\" loading=\"lazy\" decoding=\"async\" width=\"714\" height=\"1080\" sizes=\"auto, (max-width: 714px) 100vw, 714px\" data-id=\"58411\" src=\"https:\/\/wbp.lublin.pl\/wp-content\/uploads\/2024\/05\/DSC_7181-714x1080.webp\" alt=\"\" class=\"wp-image-58411 not-transparent\" srcset=\"https:\/\/wbp.lublin.pl\/wp-content\/uploads\/2024\/05\/DSC_7181-714x1080.webp 714w, https:\/\/wbp.lublin.pl\/wp-content\/uploads\/2024\/05\/DSC_7181-396x600.webp 396w, https:\/\/wbp.lublin.pl\/wp-content\/uploads\/2024\/05\/DSC_7181-264x400.webp 264w, https:\/\/wbp.lublin.pl\/wp-content\/uploads\/2024\/05\/DSC_7181-768x1162.webp 768w, https:\/\/wbp.lublin.pl\/wp-content\/uploads\/2024\/05\/DSC_7181-1015x1536.webp 1015w, https:\/\/wbp.lublin.pl\/wp-content\/uploads\/2024\/05\/DSC_7181-1353x2048.webp 1353w, https:\/\/wbp.lublin.pl\/wp-content\/uploads\/2024\/05\/DSC_7181-947x1433.webp 947w, https:\/\/wbp.lublin.pl\/wp-content\/uploads\/2024\/05\/DSC_7181-624x945.webp 624w, https:\/\/wbp.lublin.pl\/wp-content\/uploads\/2024\/05\/DSC_7181-scaled.webp 1691w\" \/><\/a><\/figure>\n\n\n\n<figure class=\"wp-block-image size-large\"><a href=\"https:\/\/wbp.lublin.pl\/wp-content\/uploads\/2024\/05\/DSC_7182-scaled.webp\"><img data-dominant-color=\"624f3a\" data-has-transparency=\"false\" style=\"--dominant-color: #624f3a;\" loading=\"lazy\" decoding=\"async\" width=\"721\" height=\"1080\" sizes=\"auto, (max-width: 721px) 100vw, 721px\" data-id=\"58414\" src=\"https:\/\/wbp.lublin.pl\/wp-content\/uploads\/2024\/05\/DSC_7182-721x1080.webp\" alt=\"\" class=\"wp-image-58414 not-transparent\" srcset=\"https:\/\/wbp.lublin.pl\/wp-content\/uploads\/2024\/05\/DSC_7182-721x1080.webp 721w, https:\/\/wbp.lublin.pl\/wp-content\/uploads\/2024\/05\/DSC_7182-401x600.webp 401w, https:\/\/wbp.lublin.pl\/wp-content\/uploads\/2024\/05\/DSC_7182-267x400.webp 267w, https:\/\/wbp.lublin.pl\/wp-content\/uploads\/2024\/05\/DSC_7182-768x1150.webp 768w, https:\/\/wbp.lublin.pl\/wp-content\/uploads\/2024\/05\/DSC_7182-1025x1536.webp 1025w, https:\/\/wbp.lublin.pl\/wp-content\/uploads\/2024\/05\/DSC_7182-1367x2048.webp 1367w, https:\/\/wbp.lublin.pl\/wp-content\/uploads\/2024\/05\/DSC_7182-947x1419.webp 947w, https:\/\/wbp.lublin.pl\/wp-content\/uploads\/2024\/05\/DSC_7182-624x935.webp 624w, https:\/\/wbp.lublin.pl\/wp-content\/uploads\/2024\/05\/DSC_7182-scaled.webp 1709w\" \/><\/a><\/figure>\n\n\n\n<figure class=\"wp-block-image size-large\"><a href=\"https:\/\/wbp.lublin.pl\/wp-content\/uploads\/2024\/05\/DSC_7183-scaled.webp\"><img data-dominant-color=\"847358\" data-has-transparency=\"false\" style=\"--dominant-color: #847358;\" loading=\"lazy\" decoding=\"async\" width=\"721\" height=\"1080\" sizes=\"auto, (max-width: 721px) 100vw, 721px\" data-id=\"58412\" src=\"https:\/\/wbp.lublin.pl\/wp-content\/uploads\/2024\/05\/DSC_7183-721x1080.webp\" alt=\"\" class=\"wp-image-58412 not-transparent\" srcset=\"https:\/\/wbp.lublin.pl\/wp-content\/uploads\/2024\/05\/DSC_7183-721x1080.webp 721w, https:\/\/wbp.lublin.pl\/wp-content\/uploads\/2024\/05\/DSC_7183-401x600.webp 401w, https:\/\/wbp.lublin.pl\/wp-content\/uploads\/2024\/05\/DSC_7183-267x400.webp 267w, https:\/\/wbp.lublin.pl\/wp-content\/uploads\/2024\/05\/DSC_7183-768x1150.webp 768w, https:\/\/wbp.lublin.pl\/wp-content\/uploads\/2024\/05\/DSC_7183-1025x1536.webp 1025w, https:\/\/wbp.lublin.pl\/wp-content\/uploads\/2024\/05\/DSC_7183-1367x2048.webp 1367w, https:\/\/wbp.lublin.pl\/wp-content\/uploads\/2024\/05\/DSC_7183-947x1419.webp 947w, https:\/\/wbp.lublin.pl\/wp-content\/uploads\/2024\/05\/DSC_7183-624x935.webp 624w, https:\/\/wbp.lublin.pl\/wp-content\/uploads\/2024\/05\/DSC_7183-scaled.webp 1709w\" \/><\/a><\/figure>\n\n\n\n<figure class=\"wp-block-image size-large\"><a href=\"https:\/\/wbp.lublin.pl\/wp-content\/uploads\/2024\/05\/DSC_7177-1-scaled.webp\"><img data-dominant-color=\"7f6c5d\" data-has-transparency=\"false\" style=\"--dominant-color: #7f6c5d;\" loading=\"lazy\" decoding=\"async\" width=\"1859\" height=\"1080\" sizes=\"auto, (max-width: 1859px) 100vw, 1859px\" data-id=\"58491\" src=\"https:\/\/wbp.lublin.pl\/wp-content\/uploads\/2024\/05\/DSC_7177-1-1859x1080.webp\" alt=\"\" class=\"wp-image-58491 not-transparent\" srcset=\"https:\/\/wbp.lublin.pl\/wp-content\/uploads\/2024\/05\/DSC_7177-1-1859x1080.webp 1859w, https:\/\/wbp.lublin.pl\/wp-content\/uploads\/2024\/05\/DSC_7177-1-600x349.webp 600w, https:\/\/wbp.lublin.pl\/wp-content\/uploads\/2024\/05\/DSC_7177-1-400x232.webp 400w, https:\/\/wbp.lublin.pl\/wp-content\/uploads\/2024\/05\/DSC_7177-1-768x446.webp 768w, https:\/\/wbp.lublin.pl\/wp-content\/uploads\/2024\/05\/DSC_7177-1-1536x892.webp 1536w, https:\/\/wbp.lublin.pl\/wp-content\/uploads\/2024\/05\/DSC_7177-1-2048x1190.webp 2048w, https:\/\/wbp.lublin.pl\/wp-content\/uploads\/2024\/05\/DSC_7177-1-947x550.webp 947w, https:\/\/wbp.lublin.pl\/wp-content\/uploads\/2024\/05\/DSC_7177-1-624x363.webp 624w\" \/><\/a><\/figure>\n<\/figure>\n\n\n\n<p class=\"has-text-align-right wp-block-paragraph\"><em>Dzia\u0142 Informacji i Promocji<\/em><\/p>\n","protected":false},"excerpt":{"rendered":"","protected":false},"author":21,"featured_media":58405,"comment_status":"closed","ping_status":"closed","sticky":false,"template":"","format":"standard","meta":{"_tec_requires_first_save":true,"_crdt_document":"","pgc_sgb_lightbox_settings":"","_EventAllDay":false,"_EventTimezone":"","_EventStartDate":"","_EventEndDate":"","_EventStartDateUTC":"","_EventEndDateUTC":"","_EventShowMap":false,"_EventShowMapLink":false,"_EventURL":"","_EventCost":"","_EventCostDescription":"","_EventCurrencySymbol":"","_EventCurrencyCode":"","_EventCurrencyPosition":"","_EventDateTimeSeparator":"","_EventTimeRangeSeparator":"","_EventOrganizerID":[],"_EventVenueID":[],"_OrganizerEmail":"","_OrganizerPhone":"","_OrganizerWebsite":"","_VenueAddress":"","_VenueCity":"","_VenueCountry":"","_VenueProvince":"","_VenueState":"","_VenueZip":"","_VenuePhone":"","_VenueURL":"","_VenueStateProvince":"","_VenueLat":"","_VenueLng":"","_VenueShowMap":false,"_VenueShowMapLink":false,"_tribe_blocks_recurrence_rules":"","_tribe_blocks_recurrence_description":"","_tribe_blocks_recurrence_exclusions":"","footnotes":""},"categories":[1,10,55],"tags":[],"class_list":["post-58403","post","type-post","status-publish","format-standard","has-post-thumbnail","hentry","category-bez-kategorii","category-aktualnosci","category-wystawy"],"publishpress_future_action":{"enabled":false,"date":"2026-05-06 17:27:30","action":"change-status","newStatus":"draft","terms":[],"taxonomy":"category","extraData":[]},"publishpress_future_workflow_manual_trigger":{"enabledWorkflows":[]},"_links":{"self":[{"href":"https:\/\/wbp.lublin.pl\/index.php\/wp-json\/wp\/v2\/posts\/58403","targetHints":{"allow":["GET"]}}],"collection":[{"href":"https:\/\/wbp.lublin.pl\/index.php\/wp-json\/wp\/v2\/posts"}],"about":[{"href":"https:\/\/wbp.lublin.pl\/index.php\/wp-json\/wp\/v2\/types\/post"}],"author":[{"embeddable":true,"href":"https:\/\/wbp.lublin.pl\/index.php\/wp-json\/wp\/v2\/users\/21"}],"replies":[{"embeddable":true,"href":"https:\/\/wbp.lublin.pl\/index.php\/wp-json\/wp\/v2\/comments?post=58403"}],"version-history":[{"count":5,"href":"https:\/\/wbp.lublin.pl\/index.php\/wp-json\/wp\/v2\/posts\/58403\/revisions"}],"predecessor-version":[{"id":58492,"href":"https:\/\/wbp.lublin.pl\/index.php\/wp-json\/wp\/v2\/posts\/58403\/revisions\/58492"}],"wp:featuredmedia":[{"embeddable":true,"href":"https:\/\/wbp.lublin.pl\/index.php\/wp-json\/wp\/v2\/media\/58405"}],"wp:attachment":[{"href":"https:\/\/wbp.lublin.pl\/index.php\/wp-json\/wp\/v2\/media?parent=58403"}],"wp:term":[{"taxonomy":"category","embeddable":true,"href":"https:\/\/wbp.lublin.pl\/index.php\/wp-json\/wp\/v2\/categories?post=58403"},{"taxonomy":"post_tag","embeddable":true,"href":"https:\/\/wbp.lublin.pl\/index.php\/wp-json\/wp\/v2\/tags?post=58403"}],"curies":[{"name":"wp","href":"https:\/\/api.w.org\/{rel}","templated":true}]}}