{"id":58560,"date":"2024-08-05T13:40:16","date_gmt":"2024-08-05T11:40:16","guid":{"rendered":"https:\/\/wbp.lublin.pl\/?p=58560"},"modified":"2024-08-27T11:43:01","modified_gmt":"2024-08-27T09:43:01","slug":"xxx-edycja-nagrody-im-anny-platto","status":"publish","type":"post","link":"https:\/\/wbp.lublin.pl\/index.php\/2024\/08\/05\/xxx-edycja-nagrody-im-anny-platto\/","title":{"rendered":"XXX edycja Nagrody im. Anny Platto"},"content":{"rendered":"\n<!--more-->\n\n\n<div class=\"wp-block-image\">\n<figure class=\"aligncenter size-large is-resized\"><img data-dominant-color=\"e3e4e4\" data-has-transparency=\"false\" decoding=\"async\" sizes=\"(max-width: 1920px) 100vw, 1920px\" src=\"https:\/\/wbp.lublin.pl\/wp-content\/uploads\/2024\/08\/Poranek-u-Hieronima-2024-08-05T142658.853-1920x512.avif\" alt=\"\" class=\"wp-image-61202 not-transparent\" style=\"--dominant-color: #e3e4e4; width:328px;height:auto\"\/><\/figure>\n<\/div>\n\n\n<p class=\"wp-block-paragraph\"><strong>8 sierpnia 2024 r. w Galerii WBP o godz. 11.00 odb\u0119dzie si\u0119 uroczyste wr\u0119czenie Nagrody im. Anny Platto<\/strong>. Organizatorem gali jest Stowarzyszenie Bibliotekarzy Polskich Zarz\u0105d Okr\u0119gu w Lublinie, za\u015b partnerami Wojew\u00f3dzka Biblioteka Publiczna im. Hieronima \u0141opaci\u0144skiego w Lublinie, Towarzystwo Biblioteki Publicznej im. Hieronima \u0141opaci\u0144skiego oraz Wojew\u00f3dztwo Lubelskie &#8222;Lubelskie smakuj \u017cycie&#8221;.<\/p>\n\n\n\n<p class=\"wp-block-paragraph\">Gal\u0119 XXX edycji Nagrody obj\u0105\u0142 Honorowym Patronatem Krzysztof Komorski Wojewoda Lubelski, Jaros\u0142aw Stawiarski Marsza\u0142ek Wojew\u00f3dztwa Lubelskiego, dr Krzysztof \u017buk Prezydent Miasta Lublin, dr Barbara Budy\u0144ska Przewodnicz\u0105ca Zarz\u0105du G\u0142\u00f3wnego Stowarzyszenia Bibliotekarzy Polskich. Patronatu medialnego u\u017cyczy\u0142o Polskie Radio Lublin, TVP3 Lublin oraz portal internetowy Stowarzyszenia Bibliotekarzy Polskich sbp.pl.<\/p>\n\n\n\n<p class=\"wp-block-paragraph\"><strong>Nagroda im. Anny Platto<\/strong> &#8211; przyznawana od 1995 roku w dniu urodzin Patronki pracownikom bibliotek publicznych z wojew\u00f3dztwa lubelskiego, wyr\u00f3\u017cniaj\u0105cym si\u0119 w popularyzacji literatury dzieci\u0119co-m\u0142odzie\u017cowej oraz nowatorskich formach pracy z m\u0142odymi czytelnikami. Pomys\u0142odawc\u0105 Nagrody by\u0142 dr Zdzis\u0142aw Biele\u0144 (obecnie emerytowany Zast\u0119pca Dyrektor ds. Merytorycznych WBP), a przez XXV edycji Fundatork\u0105 Nagrody by\u0142a siostra Patronki \u2013 Miros\u0142awa Platto.<\/p>\n\n\n\n<p class=\"wp-block-paragraph\"><strong>Anna Platto (8 VIII 1944 &#8211; 15 III 1995) <\/strong>\u2013 absolwentka filologii polskiej UMCS, kustosz, instruktor-metodyk w Wojew\u00f3dzkiej Bibliotece Publicznej im. Hieronima \u0141opaci\u0144skiego w Lublinie, wyk\u0142adowca w Studium Bibliotekarskim. Znawczyni literatury pi\u0119knej, a szczeg\u00f3lnie dzieci\u0119cej i m\u0142odzie\u017cowej. Wypracowa\u0142a nowoczesny model bibliotek dzieci\u0119cych, \u0142\u0105cz\u0105cych znajomo\u015b\u0107 ksi\u0105\u017cki z formami jej upowszechniania. Zajmowa\u0142a si\u0119 ich organizacj\u0105, profilowaniem dzia\u0142alno\u015bci, doradztwem metodycznym. Posiada\u0142a dar integrowania ludzi.<\/p>\n\n\n\n<p class=\"wp-block-paragraph\"><strong>Do tegorocznej edycji Nagrody nominowani zostali<\/strong> (kolejno\u015b\u0107 alfabetyczna):<\/p>\n\n\n\n<ol class=\"wp-block-list\">\n<li><strong>Anna Grochecka-Staniak<\/strong> \u2013 pracownik Filii nr 16 Miejskiej Biblioteki Publicznej im. Hieronima \u0141opaci\u0144skiego w Lublinie,<\/li>\n\n\n\n<li><strong>Urszula Kowalczyk<\/strong> \u2013 kierownik Gminnej Biblioteki Publicznej w Me\u0142gwi, pow. \u015bwidnicki,<\/li>\n<\/ol>\n\n\n\n<ul class=\"wp-block-list\">\n<li><strong>Karolina Kr\u00f3l<\/strong> \u2013 pracownik Wypo\u017cyczalni dla dzieci i m\u0142odzie\u017cy Biblioteki Miejskiej w Pu\u0142awach,<\/li>\n\n\n\n<li><strong>Monika Kulawczuk-Furmanek<\/strong> \u2013 pracownik Wypo\u017cyczalni dla Dzieci i M\u0142odzie\u017cy Miejskiej Biblioteki Publicznej w Krasnymstawie,<\/li>\n\n\n\n<li><strong>Katarzyna Py\u0107<\/strong> \u2013 pracownik Biblioteki u Kazimierza. Miejsko-Gminnej Biblioteki Publicznej im. Kazimierza Zieli\u0144skiego w Modliborzycach, pow. janowski<\/li>\n\n\n\n<li><strong>Urszula Tkaczyk<\/strong> \u2013 pracownik Filii w D\u0119binie Biblioteki Publicznej Gminy Zakrzew, pow. lubelski,<\/li>\n\n\n\n<li><strong>Kamil Zbietka<\/strong> \u2013 pracownik Gminnej Biblioteki Publicznej w Wojcieszkowie, pow. \u0142ukowski.<\/li>\n<\/ul>\n\n\n\n<p class=\"wp-block-paragraph\"><strong>Wywiady oraz zdj\u0119cia z nominowanymi oraz Laureatk\u0105 Nagrody im. Anny Platto 2024 przewidziane s\u0105 ok. godz. 12.00.<\/strong><\/p>\n\n\n\n<p class=\"wp-block-paragraph\">Informacji udziela:<\/p>\n\n\n\n<p class=\"wp-block-paragraph\">Joanna Chapska, Marzena Targo\u0144ska<br>Dzia\u0142 Instrukcyjno-Metodyczny WBP<\/p>\n\n\n\n<p class=\"wp-block-paragraph\">tel. 81&nbsp;52 87&nbsp;420-422<\/p>\n\n\n\n<p class=\"wp-block-paragraph\">e-mail: dzim@wbp.lublin.pl<\/p>\n\n\n<div class=\"wp-block-image\">\n<figure class=\"aligncenter size-full is-resized\"><img data-dominant-color=\"eee7e7\" data-has-transparency=\"false\" decoding=\"async\" sizes=\"(max-width: 1640px) 100vw, 1640px\" src=\"https:\/\/wbp.lublin.pl\/wp-content\/uploads\/2024\/04\/Poranek-u-Hieronima-92-jpg.webp\" alt=\"\" class=\"wp-image-57091 not-transparent\" style=\"--dominant-color: #eee7e7; width:527px;height:auto\"\/><\/figure>\n<\/div>\n\n\n<p class=\"has-text-align-right wp-block-paragraph\"><em>Dzia\u0142 Instrukcyjno-Metodyczny<\/em><\/p>\n","protected":false},"excerpt":{"rendered":"","protected":false},"author":21,"featured_media":54265,"comment_status":"closed","ping_status":"closed","sticky":false,"template":"","format":"standard","meta":{"_tec_requires_first_save":true,"_crdt_document":"","pgc_sgb_lightbox_settings":"","_EventAllDay":false,"_EventTimezone":"","_EventStartDate":"","_EventEndDate":"","_EventStartDateUTC":"","_EventEndDateUTC":"","_EventShowMap":false,"_EventShowMapLink":false,"_EventURL":"","_EventCost":"","_EventCostDescription":"","_EventCurrencySymbol":"","_EventCurrencyCode":"","_EventCurrencyPosition":"","_EventDateTimeSeparator":"","_EventTimeRangeSeparator":"","_EventOrganizerID":[],"_EventVenueID":[],"_OrganizerEmail":"","_OrganizerPhone":"","_OrganizerWebsite":"","_VenueAddress":"","_VenueCity":"","_VenueCountry":"","_VenueProvince":"","_VenueState":"","_VenueZip":"","_VenuePhone":"","_VenueURL":"","_VenueStateProvince":"","_VenueLat":"","_VenueLng":"","_VenueShowMap":false,"_VenueShowMapLink":false,"_tribe_blocks_recurrence_rules":"","_tribe_blocks_recurrence_description":"","_tribe_blocks_recurrence_exclusions":"","footnotes":""},"categories":[10,53,52],"tags":[],"class_list":["post-58560","post","type-post","status-publish","format-standard","has-post-thumbnail","hentry","category-aktualnosci","category-komunikaty","category-biblioteki-wojewodztwa-lubelskiego"],"publishpress_future_action":{"enabled":false,"date":"2026-05-06 17:43:19","action":"change-status","newStatus":"draft","terms":[],"taxonomy":"category","extraData":[]},"publishpress_future_workflow_manual_trigger":{"enabledWorkflows":[]},"_links":{"self":[{"href":"https:\/\/wbp.lublin.pl\/index.php\/wp-json\/wp\/v2\/posts\/58560","targetHints":{"allow":["GET"]}}],"collection":[{"href":"https:\/\/wbp.lublin.pl\/index.php\/wp-json\/wp\/v2\/posts"}],"about":[{"href":"https:\/\/wbp.lublin.pl\/index.php\/wp-json\/wp\/v2\/types\/post"}],"author":[{"embeddable":true,"href":"https:\/\/wbp.lublin.pl\/index.php\/wp-json\/wp\/v2\/users\/21"}],"replies":[{"embeddable":true,"href":"https:\/\/wbp.lublin.pl\/index.php\/wp-json\/wp\/v2\/comments?post=58560"}],"version-history":[{"count":4,"href":"https:\/\/wbp.lublin.pl\/index.php\/wp-json\/wp\/v2\/posts\/58560\/revisions"}],"predecessor-version":[{"id":61790,"href":"https:\/\/wbp.lublin.pl\/index.php\/wp-json\/wp\/v2\/posts\/58560\/revisions\/61790"}],"wp:featuredmedia":[{"embeddable":true,"href":"https:\/\/wbp.lublin.pl\/index.php\/wp-json\/wp\/v2\/media\/54265"}],"wp:attachment":[{"href":"https:\/\/wbp.lublin.pl\/index.php\/wp-json\/wp\/v2\/media?parent=58560"}],"wp:term":[{"taxonomy":"category","embeddable":true,"href":"https:\/\/wbp.lublin.pl\/index.php\/wp-json\/wp\/v2\/categories?post=58560"},{"taxonomy":"post_tag","embeddable":true,"href":"https:\/\/wbp.lublin.pl\/index.php\/wp-json\/wp\/v2\/tags?post=58560"}],"curies":[{"name":"wp","href":"https:\/\/api.w.org\/{rel}","templated":true}]}}