{"id":59455,"date":"2024-06-04T10:50:33","date_gmt":"2024-06-04T08:50:33","guid":{"rendered":"https:\/\/wbp.lublin.pl\/?p=59455"},"modified":"2026-02-03T12:55:59","modified_gmt":"2026-02-03T11:55:59","slug":"poranek-u-hieronima-odc-203","status":"publish","type":"post","link":"https:\/\/wbp.lublin.pl\/index.php\/2024\/06\/04\/poranek-u-hieronima-odc-203\/","title":{"rendered":"Poranek u Hieronima odc. 203"},"content":{"rendered":"\n<!--more-->\n\n\n\n\n<div class=\"wp-block-image\">\n<figure class=\"aligncenter size-full is-resized\"><img data-dominant-color=\"2f2f2d\" data-has-transparency=\"false\" decoding=\"async\" sizes=\"(max-width: 940px) 100vw, 940px\" src=\"https:\/\/wbp.lublin.pl\/wp-content\/uploads\/2024\/06\/Poranek-u-Hieronima-16-jpg.webp\" alt=\"\" class=\"wp-image-59456 not-transparent\" style=\"--dominant-color: #2f2f2d; width:593px;height:auto\"\/><\/figure>\n<\/div>\n\n\n<p class=\"wp-block-paragraph\">W 203. odcinku \u201ePoranka u Hieronima\u201d spotkanie z prof. Elwir\u0105 \u015aliwkiewicz-Cisak, kt\u00f3ra wraz ze swoim uczniem, Franciszkiem \u017burkowskim, zaprosi na czwartkowy koncert akordeonowy \u201eNajlepsi z najlepszych\u201d, kt\u00f3ry odb\u0119dzie si\u0119 w Galerii Biblioteki. Zapytamy, dlaczego to w\u0142a\u015bnie Lubelszczyzna jest szczeg\u00f3lnym dla rozwoju akordeonistyki miejscem i o sekret przekazywania pasji m\u0142odszym pokoleniom. Nie zabraknie tak\u017ce muzycznej niespodzianki.<\/p>\n\n\n\n<p>&#8222;Poranek u Hieronima&#8221; jest emitowany na fb Biblioteki <a href=\"https:\/\/www.facebook.com\/wbplublin\">https:\/\/www.facebook.com\/wbplublin<\/a> w ka\u017cd\u0105 \u015brod\u0119 o godz. 10.00<\/p>\n<p>Premiera nowego odcinka: 5 czerwca 2024<\/p>\n<p style=\"text-align: center;\">ZAPRASZAMY!<\/p>\n\n\n\n<p class=\"wp-block-paragraph\">Odcinki archiwalne s\u0105 dost\u0119pne na kanale YouTube Biblioteki<\/p>\n\n\n\n<figure class=\"wp-block-embed is-type-video is-provider-youtube wp-block-embed-youtube wp-embed-aspect-16-9 wp-has-aspect-ratio\"><div class=\"wp-block-embed__wrapper\">\n<iframe loading=\"lazy\" title=\"Poranek u Hieronima - odc. 203\" width=\"887\" height=\"499\" src=\"https:\/\/www.youtube.com\/embed\/Jy4uVUkGfKY?feature=oembed\" frameborder=\"0\" allow=\"accelerometer; autoplay; clipboard-write; encrypted-media; gyroscope; picture-in-picture; web-share\" referrerpolicy=\"strict-origin-when-cross-origin\" allowfullscreen><\/iframe>\n<\/div><\/figure>\n\n\n\n<p class=\"wp-block-paragraph\"><\/p>\n","protected":false},"excerpt":{"rendered":"","protected":false},"author":20,"featured_media":59456,"comment_status":"closed","ping_status":"closed","sticky":false,"template":"","format":"standard","meta":{"_tec_requires_first_save":true,"_crdt_document":"","pgc_sgb_lightbox_settings":"","_EventAllDay":false,"_EventTimezone":"","_EventStartDate":"","_EventEndDate":"","_EventStartDateUTC":"","_EventEndDateUTC":"","_EventShowMap":false,"_EventShowMapLink":false,"_EventURL":"","_EventCost":"","_EventCostDescription":"","_EventCurrencySymbol":"","_EventCurrencyCode":"","_EventCurrencyPosition":"","_EventDateTimeSeparator":"","_EventTimeRangeSeparator":"","_EventOrganizerID":[],"_EventVenueID":[],"_OrganizerEmail":"","_OrganizerPhone":"","_OrganizerWebsite":"","_VenueAddress":"","_VenueCity":"","_VenueCountry":"","_VenueProvince":"","_VenueState":"","_VenueZip":"","_VenuePhone":"","_VenueURL":"","_VenueStateProvince":"","_VenueLat":"","_VenueLng":"","_VenueShowMap":false,"_VenueShowMapLink":false,"_tribe_blocks_recurrence_rules":"","_tribe_blocks_recurrence_description":"","_tribe_blocks_recurrence_exclusions":"","footnotes":""},"categories":[638,10],"tags":[],"class_list":["post-59455","post","type-post","status-publish","format-standard","has-post-thumbnail","hentry","category-poranek-u-hieronima","category-aktualnosci"],"publishpress_future_action":{"enabled":false,"date":"2026-05-06 17:27:51","action":"change-status","newStatus":"draft","terms":[],"taxonomy":"category","extraData":[]},"publishpress_future_workflow_manual_trigger":{"enabledWorkflows":[]},"_links":{"self":[{"href":"https:\/\/wbp.lublin.pl\/index.php\/wp-json\/wp\/v2\/posts\/59455","targetHints":{"allow":["GET"]}}],"collection":[{"href":"https:\/\/wbp.lublin.pl\/index.php\/wp-json\/wp\/v2\/posts"}],"about":[{"href":"https:\/\/wbp.lublin.pl\/index.php\/wp-json\/wp\/v2\/types\/post"}],"author":[{"embeddable":true,"href":"https:\/\/wbp.lublin.pl\/index.php\/wp-json\/wp\/v2\/users\/20"}],"replies":[{"embeddable":true,"href":"https:\/\/wbp.lublin.pl\/index.php\/wp-json\/wp\/v2\/comments?post=59455"}],"version-history":[{"count":2,"href":"https:\/\/wbp.lublin.pl\/index.php\/wp-json\/wp\/v2\/posts\/59455\/revisions"}],"predecessor-version":[{"id":78497,"href":"https:\/\/wbp.lublin.pl\/index.php\/wp-json\/wp\/v2\/posts\/59455\/revisions\/78497"}],"wp:featuredmedia":[{"embeddable":true,"href":"https:\/\/wbp.lublin.pl\/index.php\/wp-json\/wp\/v2\/media\/59456"}],"wp:attachment":[{"href":"https:\/\/wbp.lublin.pl\/index.php\/wp-json\/wp\/v2\/media?parent=59455"}],"wp:term":[{"taxonomy":"category","embeddable":true,"href":"https:\/\/wbp.lublin.pl\/index.php\/wp-json\/wp\/v2\/categories?post=59455"},{"taxonomy":"post_tag","embeddable":true,"href":"https:\/\/wbp.lublin.pl\/index.php\/wp-json\/wp\/v2\/tags?post=59455"}],"curies":[{"name":"wp","href":"https:\/\/api.w.org\/{rel}","templated":true}]}}