{"id":59720,"date":"2024-06-14T10:30:00","date_gmt":"2024-06-14T08:30:00","guid":{"rendered":"https:\/\/wbp.lublin.pl\/?p=59720"},"modified":"2024-06-14T12:33:47","modified_gmt":"2024-06-14T10:33:47","slug":"konkurs-ksiazka-roku-2023-2","status":"publish","type":"post","link":"https:\/\/wbp.lublin.pl\/index.php\/2024\/06\/14\/konkurs-ksiazka-roku-2023-2\/","title":{"rendered":"Konkurs \u201eKsi\u0105\u017cka Roku 2023\u201d"},"content":{"rendered":"\n<h2 class=\"wp-block-heading has-text-align-center\">Laureatami <strong>Wawrzynu Paw\u0142a Konrada<\/strong> <br>w Konkursie \u201eKsi\u0105\u017cka Roku 2023\u201d zosta\u0142y:<\/h2>\n\n\n\n<h2 class=\"wp-block-heading has-text-align-center\"><strong>W kategorii Ksi\u0105\u017cka o Lublinie \u2013 Wydawnictwo Ad Montem<\/strong><\/h2>\n\n\n<div class=\"wp-block-image\">\n<figure class=\"aligncenter size-large is-resized\"><a href=\"https:\/\/wbp.lublin.pl\/wp-content\/uploads\/2024\/06\/Wojciech-Gorski-Przewodnik.-Lublin-malo-znany.-Czesc-II.-tom1-jpeg.avif\"><img data-dominant-color=\"866252\" data-has-transparency=\"false\" decoding=\"async\" sizes=\"(max-width: 751px) 100vw, 751px\" src=\"https:\/\/wbp.lublin.pl\/wp-content\/uploads\/2024\/06\/Wojciech-Gorski-Przewodnik.-Lublin-malo-znany.-Czesc-II.-tom1-751x1080.avif\" alt=\"\" class=\"wp-image-59732 not-transparent\" style=\"--dominant-color: #866252; width:260px\"\/><\/a><figcaption class=\"wp-element-caption\">Wojciech G\u00f3rski, Przewodnik. Lublin ma\u0142o znany. Cz\u0119\u015b\u0107 II. Przesz\u0142o\u015b\u0107 zabytkami zapisana. Tom I. Centrum miasta, wyd. Wydawnictwo Ad Montem, Lublin 2023.<\/figcaption><\/figure>\n<\/div>\n\n<div class=\"wp-block-image\">\n<figure class=\"aligncenter size-large is-resized\"><a href=\"https:\/\/wbp.lublin.pl\/wp-content\/uploads\/2024\/06\/Wojciech-Gorski-Przewodnik.-Lublin-malo-znany.-Czesc-II.-tom2-jpeg.avif\"><img data-dominant-color=\"8d6b58\" data-has-transparency=\"false\" decoding=\"async\" sizes=\"(max-width: 752px) 100vw, 752px\" src=\"https:\/\/wbp.lublin.pl\/wp-content\/uploads\/2024\/06\/Wojciech-Gorski-Przewodnik.-Lublin-malo-znany.-Czesc-II.-tom2-752x1080.avif\" alt=\"\" class=\"wp-image-59733 not-transparent\" style=\"--dominant-color: #8d6b58; width:260px\"\/><\/a><figcaption class=\"wp-element-caption\">Wojciech G\u00f3rski, Przewodnik. Lublin ma\u0142o znany. Cz\u0119\u015b\u0107 II. Przesz\u0142o\u015b\u0107 zabytkami zapisana. Tom II. Nowe dzielnice Lublina, wyd. Wydawnictwo Ad Montem, Lublin 2023.<\/figcaption><\/figure>\n<\/div>\n\n<div class=\"wp-block-image\">\n<figure class=\"aligncenter size-large is-resized\"><a href=\"https:\/\/wbp.lublin.pl\/wp-content\/uploads\/2024\/06\/Wojciech-Gorski-Przewodnik.-Lublin-malo-znany.-Czesc-II-jpeg.avif\"><img data-dominant-color=\"996f54\" data-has-transparency=\"false\" decoding=\"async\" sizes=\"(max-width: 755px) 100vw, 755px\" src=\"https:\/\/wbp.lublin.pl\/wp-content\/uploads\/2024\/06\/Wojciech-Gorski-Przewodnik.-Lublin-malo-znany.-Czesc-II-755x1080.avif\" alt=\"\" class=\"wp-image-59731 not-transparent\" style=\"--dominant-color: #996f54; width:260px\"\/><\/a><figcaption class=\"wp-element-caption\">Wojciech G\u00f3rski, Przewodnik. Lublin ma\u0142o znany. Cz\u0119\u015b\u0107 II. Przesz\u0142o\u015b\u0107 zabytkami zapisana. Aneks. Tytu\u0142y ciekawostek, wyd. Wydawnictwo Ad Montem, Lublin 2023.<\/figcaption><\/figure>\n<\/div>\n\n\n<hr class=\"wp-block-separator has-alpha-channel-opacity\"\/>\n\n\n\n<h2 class=\"wp-block-heading has-text-align-center\"><strong>W kategorii Lublin: wydawnictwo albumowe \u2013 <\/strong><br><strong>Wydawnictwo Boni Libri<\/strong><\/h2>\n\n\n\n<p class=\"wp-block-paragraph\"><\/p>\n\n\n<div class=\"wp-block-image\">\n<figure class=\"aligncenter size-large is-resized\"><a href=\"https:\/\/wbp.lublin.pl\/wp-content\/uploads\/2024\/06\/Lublin-w-czasach-secesji-red.-Leszek-Dulik-wyd.-Wydawnictwo-Boni-Libri-Leszek-Dulik-Lublin-2023-scaled.avif\"><img data-dominant-color=\"5d5145\" data-has-transparency=\"false\" decoding=\"async\" sizes=\"(max-width: 849px) 100vw, 849px\" src=\"https:\/\/wbp.lublin.pl\/wp-content\/uploads\/2024\/06\/Lublin-w-czasach-secesji-red.-Leszek-Dulik-wyd.-Wydawnictwo-Boni-Libri-Leszek-Dulik-Lublin-2023-849x1080.avif\" alt=\"Lublin w czasach secesji, red. Leszek Dulik, wyd. Wydawnictwo Boni Libri Leszek Dulik, Lublin 2023.\" class=\"wp-image-59724 not-transparent\" style=\"--dominant-color: #5d5145; width:260px\"\/><\/a><figcaption class=\"wp-element-caption\">Lublin w czasach secesji \/ in the age of Art Nouveau, red. Leszek Dulik, wyd. Wydawnictwo Boni Libri Leszek Dulik, Lublin 2023.<\/figcaption><\/figure>\n<\/div>\n\n\n<hr class=\"wp-block-separator has-alpha-channel-opacity\"\/>\n\n\n\n<h2 class=\"wp-block-heading has-text-align-center\"><strong>W kategorii Ksi\u0105\u017cka o Lubelszczy\u017anie \u2013<\/strong><br><strong> Lubelskie Towarzystwo Naukowe<\/strong><\/h2>\n\n\n<div class=\"wp-block-image\">\n<figure class=\"aligncenter size-full is-resized\"><a href=\"https:\/\/wbp.lublin.pl\/wp-content\/uploads\/2024\/06\/Zdzislaw-Bielen-Bitwy-i-potyczki-powstania-stycznioweego.-Lublin-2023-scaled.avif\"><img data-dominant-color=\"371e15\" data-has-transparency=\"false\" decoding=\"async\" sizes=\"(max-width: 1657px) 100vw, 1657px\" src=\"https:\/\/wbp.lublin.pl\/wp-content\/uploads\/2024\/06\/Zdzislaw-Bielen-Bitwy-i-potyczki-powstania-stycznioweego.-Lublin-2023-scaled.avif\" alt=\"Zdzis\u0142aw Biele\u0144, Bitwy i potyczki powstania stycznioweego..., Lublin 2023.\" class=\"wp-image-59729 not-transparent\" style=\"--dominant-color: #371e15; width:260px\"\/><\/a><figcaption class=\"wp-element-caption\">Zdzis\u0142aw Biele\u0144, Bitwy i potyczki powstania styczniowego w Lubelskiem i na Podlasiu, Lublin 2023.<\/figcaption><\/figure>\n<\/div>\n\n\n<hr class=\"wp-block-separator has-alpha-channel-opacity\"\/>\n\n\n\n<h2 class=\"wp-block-heading has-text-align-center\"><strong>W kategorii Lubelszczyzna: wydawnictwo albumowe \u2013 <\/strong><br><strong>Wydawnictwo Lipiec<\/strong><\/h2>\n\n\n<div class=\"wp-block-image\">\n<figure class=\"aligncenter size-large is-resized\"><a href=\"https:\/\/wbp.lublin.pl\/wp-content\/uploads\/2024\/06\/Polesie-red.-R.-Siek-fot.-R.-Siek-S.-Wrobel-K.-Wojciechowski-Wydawnictwo-Lipiec-Zwierzyniec-2023-scaled.avif\"><img data-dominant-color=\"7a7065\" data-has-transparency=\"false\" decoding=\"async\" sizes=\"(max-width: 864px) 100vw, 864px\" src=\"https:\/\/wbp.lublin.pl\/wp-content\/uploads\/2024\/06\/Polesie-red.-R.-Siek-fot.-R.-Siek-S.-Wrobel-K.-Wojciechowski-Wydawnictwo-Lipiec-Zwierzyniec-2023-864x1080.avif\" alt=\"Polesie, red. R. Siek, fot. R. Siek, S. Wr\u00f3bel, K. Wojciechowski, Wydawnictwo Lipiec, Zwierzyniec 2023\" class=\"wp-image-59727 not-transparent\" style=\"--dominant-color: #7a7065; width:260px\"\/><\/a><figcaption class=\"wp-element-caption\">Polesie, red. R. Siek, fot. R. Siek, S. Wr\u00f3bel, K. Wojciechowski, Wydawnictwo Lipiec, Zwierzyniec 2023<\/figcaption><\/figure>\n<\/div>\n\n\n<hr class=\"wp-block-separator has-alpha-channel-opacity\"\/>\n\n\n\n<h2 class=\"wp-block-heading has-text-align-center\"><strong>W kategorii Publikacje wydane <\/strong><br><strong>przez biblioteki wojew\u00f3dztwa lubelskiego \u2013 <\/strong><br><strong>Biblioteka Publiczna Gminy \u0141abunie<\/strong><\/h2>\n\n\n<div class=\"wp-block-image\">\n<figure class=\"aligncenter size-full is-resized\"><a href=\"https:\/\/wbp.lublin.pl\/wp-content\/uploads\/2024\/06\/100-lat-w-Polsce.-Franciszkanki-misjonarki-Maryi.-1922\u20132022-wyd.-Biblioteka-Publiczna-Gminy-Labunie-Labunie-2023-scaled.avif\"><img data-dominant-color=\"e2dae2\" data-has-transparency=\"false\" decoding=\"async\" sizes=\"(max-width: 2034px) 100vw, 2034px\" src=\"https:\/\/wbp.lublin.pl\/wp-content\/uploads\/2024\/06\/100-lat-w-Polsce.-Franciszkanki-misjonarki-Maryi.-1922\u20132022-wyd.-Biblioteka-Publiczna-Gminy-Labunie-Labunie-2023-scaled.avif\" alt=\"100 lat w Polsce. Franciszkanki misjonarki Maryi. 1922\u20132022, wyd. Biblioteka Publiczna Gminy \u0141abunie, \u0141abunie 2023.\" class=\"wp-image-59734 not-transparent\" style=\"--dominant-color: #e2dae2; width:260px\"\/><\/a><figcaption class=\"wp-element-caption\">100 lat w Polsce. Franciszkanki misjonarki Maryi. 1922\u20132022, wyd. Biblioteka Publiczna Gminy \u0141abunie, \u0141abunie 2023.<\/figcaption><\/figure>\n<\/div>\n\n\n<hr class=\"wp-block-separator has-alpha-channel-opacity\"\/>\n\n\n\n<h2 class=\"wp-block-heading has-text-align-center\"><strong>Wyr\u00f3\u017cnienie za szczeg\u00f3lne walory edytorskie i form\u0119 przekazu otrzyma\u0142y: <\/strong><\/h2>\n\n\n\n<h2 class=\"wp-block-heading has-text-align-center\"><strong>Wydawnictwo Ruthenus<\/strong><\/h2>\n\n\n<div class=\"wp-block-image\">\n<figure class=\"aligncenter size-large is-resized\"><a href=\"https:\/\/wbp.lublin.pl\/wp-content\/uploads\/2024\/06\/J.-Ewa-Lesniewska-Sobianowice.-Dobra-ziemskie-i-ich-wlasciciele-XVIII-XX-w.-wyd.-Wydawnictwo-Ruthenus-Krosno-2023-scaled.avif\"><img data-dominant-color=\"867071\" data-has-transparency=\"false\" decoding=\"async\" sizes=\"(max-width: 758px) 100vw, 758px\" src=\"https:\/\/wbp.lublin.pl\/wp-content\/uploads\/2024\/06\/J.-Ewa-Lesniewska-Sobianowice.-Dobra-ziemskie-i-ich-wlasciciele-XVIII-XX-w.-wyd.-Wydawnictwo-Ruthenus-Krosno-2023-758x1080.avif\" alt=\"J. Ewa Le\u015bniewska, Sobianowice. Dobra ziemskie i ich w\u0142a\u015bciciele XVIII-XX w.), wyd. Wydawnictwo Ruthenus, Krosno 2023.\" class=\"wp-image-59722 not-transparent\" style=\"--dominant-color: #867071; width:260px\"\/><\/a><figcaption class=\"wp-element-caption\">J. Ewa Le\u015bniewska, Sobianowice. Dobra ziemskie i ich w\u0142a\u015bciciele (XVIII-XX w.), wyd. Wydawnictwo Ruthenus, Krosno 2023.<\/figcaption><\/figure>\n<\/div>\n\n\n<div style=\"height:25px\" aria-hidden=\"true\" class=\"wp-block-spacer\"><\/div>\n\n\n\n<h2 class=\"wp-block-heading has-text-align-center\"><strong>Stowarzyszenie Anthill i Archidiecezja Lubelska<\/strong><\/h2>\n\n\n<div class=\"wp-block-image\">\n<figure class=\"aligncenter size-large is-resized\"><a href=\"https:\/\/wbp.lublin.pl\/wp-content\/uploads\/2024\/06\/Wesele-krzczonowskie-red.-Barbara-Wybacz-wyd.-Stowarzyszenie-Anthill-Lublin-2023-jpeg.avif\"><img data-dominant-color=\"9d2829\" data-has-transparency=\"false\" decoding=\"async\" sizes=\"(max-width: 696px) 100vw, 696px\" src=\"https:\/\/wbp.lublin.pl\/wp-content\/uploads\/2024\/06\/Wesele-krzczonowskie-red.-Barbara-Wybacz-wyd.-Stowarzyszenie-Anthill-Lublin-2023-696x1080.avif\" alt=\"Wesele krzczonowskie, red. Barbara Wybacz, wyd. Stowarzyszenie Anthill, Lublin 2023.\" class=\"wp-image-59728 not-transparent\" style=\"--dominant-color: #9d2829; width:260px\"\/><\/a><figcaption class=\"wp-element-caption\">Wesele krzczonowskie, red. Barbara Wybacz, wyd. Stowarzyszenie Anthill, Lublin 2023.<\/figcaption><\/figure>\n<\/div>\n\n<div class=\"wp-block-image\">\n<figure class=\"aligncenter size-large is-resized\"><a href=\"https:\/\/wbp.lublin.pl\/wp-content\/uploads\/2024\/06\/Oblicza-smierci-red.-Barbara-Wybacz-wyd.-Stowarzyszenie-Anthill-Lublin-2023-jpeg.avif\"><img data-dominant-color=\"3c2f44\" data-has-transparency=\"false\" decoding=\"async\" sizes=\"(max-width: 703px) 100vw, 703px\" src=\"https:\/\/wbp.lublin.pl\/wp-content\/uploads\/2024\/06\/Oblicza-smierci-red.-Barbara-Wybacz-wyd.-Stowarzyszenie-Anthill-Lublin-2023-703x1080.avif\" alt=\"Oblicza \u015bmierci, red. Barbara Wybacz, wyd. Stowarzyszenie Anthill, Lublin 2023.\" class=\"wp-image-59726 not-transparent\" style=\"--dominant-color: #3c2f44; width:260px\"\/><\/a><figcaption class=\"wp-element-caption\">Oblicza \u015bmierci, red. Barbara Wybacz, wyd. Stowarzyszenie Anthill, Lublin 2023.<\/figcaption><\/figure>\n<\/div>\n\n<div class=\"wp-block-image\">\n<figure class=\"aligncenter size-large is-resized\"><a href=\"https:\/\/wbp.lublin.pl\/wp-content\/uploads\/2024\/06\/Na-lokalna-modle-red.-dr-hab.-Jacek-Romanek-mgr-Monika-Kurczewicz-wyd.-Archidiecezja-Lubelska-Lublin-2023-jpeg.avif\"><img data-dominant-color=\"29372d\" data-has-transparency=\"false\" decoding=\"async\" sizes=\"(max-width: 697px) 100vw, 697px\" src=\"https:\/\/wbp.lublin.pl\/wp-content\/uploads\/2024\/06\/Na-lokalna-modle-red.-dr-hab.-Jacek-Romanek-mgr-Monika-Kurczewicz-wyd.-Archidiecezja-Lubelska-Lublin-2023-697x1080.avif\" alt=\"Na lokaln\u0105 mod\u0142\u0119, red. dr hab. Jacek Romanek, mgr Monika Kurczewicz, wyd. Archidiecezja Lubelska, Lublin 2023.\" class=\"wp-image-59725 not-transparent\" style=\"--dominant-color: #29372d; width:260px\"\/><\/a><figcaption class=\"wp-element-caption\">Na lokaln\u0105 mod\u0142\u0119, red. dr hab. Jacek Romanek, mgr Monika Kurczewicz, wyd. Archidiecezja Lubelska, Lublin 2023.<\/figcaption><\/figure>\n<\/div>\n\n\n<div style=\"height:25px\" aria-hidden=\"true\" class=\"wp-block-spacer\"><\/div>\n\n\n\n<h2 class=\"wp-block-heading has-text-align-center\"><strong>Ksi\u0105\u017cnica Zamojska im. Stanis\u0142awa Kostki Zamoyskiego w Zamo\u015bciu<\/strong><\/h2>\n\n\n<div class=\"wp-block-image\">\n<figure class=\"aligncenter size-large is-resized\"><a href=\"https:\/\/wbp.lublin.pl\/wp-content\/uploads\/2024\/06\/Piotr-Piela-Sowa-Wolumena-i-pomieszanie-w-bajkach-scaled.avif\"><img data-dominant-color=\"757b6a\" data-has-transparency=\"false\" decoding=\"async\" sizes=\"(max-width: 785px) 100vw, 785px\" src=\"https:\/\/wbp.lublin.pl\/wp-content\/uploads\/2024\/06\/Piotr-Piela-Sowa-Wolumena-i-pomieszanie-w-bajkach-785x1080.avif\" alt=\"Piotr Piela, Sowa Wolumena i pomieszanie w bajkach\" class=\"wp-image-59730 not-transparent\" style=\"--dominant-color: #757b6a; width:260px\"\/><\/a><figcaption class=\"wp-element-caption\">Piotr Piela, Sowa Wolumena i pomieszanie w bajkach \/  Wolumena the owl and confused tales, wyd. Ksi\u0105\u017cnica Zamojska im. Stanis\u0142aw Kostki Zamoyskiego w Zamo\u015bciu, Zamo\u015b\u0107 2023.<\/figcaption><\/figure>\n<\/div>\n\n\n<h2 class=\"wp-block-heading has-text-align-center\"><strong>Gratulujemy!!!<\/strong><\/h2>\n\n\n\n<blockquote class=\"wp-block-quote is-layout-flow wp-block-quote-is-layout-flow\">\n<p class=\"has-text-align-right wp-block-paragraph\">Dzia\u0142 Naukowo-Wydawniczy<\/p>\n<\/blockquote>\n","protected":false},"excerpt":{"rendered":"<p>Lista laureat\u00f3w<\/p>\n","protected":false},"author":18,"featured_media":59723,"comment_status":"closed","ping_status":"closed","sticky":false,"template":"","format":"standard","meta":{"_tec_requires_first_save":true,"_crdt_document":"","pgc_sgb_lightbox_settings":"","_EventAllDay":false,"_EventTimezone":"","_EventStartDate":"","_EventEndDate":"","_EventStartDateUTC":"","_EventEndDateUTC":"","_EventShowMap":false,"_EventShowMapLink":false,"_EventURL":"","_EventCost":"","_EventCostDescription":"","_EventCurrencySymbol":"","_EventCurrencyCode":"","_EventCurrencyPosition":"","_EventDateTimeSeparator":"","_EventTimeRangeSeparator":"","_EventOrganizerID":[],"_EventVenueID":[],"_OrganizerEmail":"","_OrganizerPhone":"","_OrganizerWebsite":"","_VenueAddress":"","_VenueCity":"","_VenueCountry":"","_VenueProvince":"","_VenueState":"","_VenueZip":"","_VenuePhone":"","_VenueURL":"","_VenueStateProvince":"","_VenueLat":"","_VenueLng":"","_VenueShowMap":false,"_VenueShowMapLink":false,"_tribe_blocks_recurrence_rules":"","_tribe_blocks_recurrence_description":"","_tribe_blocks_recurrence_exclusions":"","footnotes":""},"categories":[644,732,1,10,89],"tags":[],"class_list":["post-59720","post","type-post","status-publish","format-standard","has-post-thumbnail","hentry","category-ksiazka-roku","category-ksiazka-roku-2023","category-bez-kategorii","category-aktualnosci","category-konkursy-i-nagrody"],"publishpress_future_action":{"enabled":false,"date":"2026-05-06 17:28:53","action":"change-status","newStatus":"draft","terms":[],"taxonomy":"category","extraData":[]},"publishpress_future_workflow_manual_trigger":{"enabledWorkflows":[]},"_links":{"self":[{"href":"https:\/\/wbp.lublin.pl\/index.php\/wp-json\/wp\/v2\/posts\/59720","targetHints":{"allow":["GET"]}}],"collection":[{"href":"https:\/\/wbp.lublin.pl\/index.php\/wp-json\/wp\/v2\/posts"}],"about":[{"href":"https:\/\/wbp.lublin.pl\/index.php\/wp-json\/wp\/v2\/types\/post"}],"author":[{"embeddable":true,"href":"https:\/\/wbp.lublin.pl\/index.php\/wp-json\/wp\/v2\/users\/18"}],"replies":[{"embeddable":true,"href":"https:\/\/wbp.lublin.pl\/index.php\/wp-json\/wp\/v2\/comments?post=59720"}],"version-history":[{"count":25,"href":"https:\/\/wbp.lublin.pl\/index.php\/wp-json\/wp\/v2\/posts\/59720\/revisions"}],"predecessor-version":[{"id":59864,"href":"https:\/\/wbp.lublin.pl\/index.php\/wp-json\/wp\/v2\/posts\/59720\/revisions\/59864"}],"wp:featuredmedia":[{"embeddable":true,"href":"https:\/\/wbp.lublin.pl\/index.php\/wp-json\/wp\/v2\/media\/59723"}],"wp:attachment":[{"href":"https:\/\/wbp.lublin.pl\/index.php\/wp-json\/wp\/v2\/media?parent=59720"}],"wp:term":[{"taxonomy":"category","embeddable":true,"href":"https:\/\/wbp.lublin.pl\/index.php\/wp-json\/wp\/v2\/categories?post=59720"},{"taxonomy":"post_tag","embeddable":true,"href":"https:\/\/wbp.lublin.pl\/index.php\/wp-json\/wp\/v2\/tags?post=59720"}],"curies":[{"name":"wp","href":"https:\/\/api.w.org\/{rel}","templated":true}]}}