{"id":59794,"date":"2024-06-13T13:55:21","date_gmt":"2024-06-13T11:55:21","guid":{"rendered":"https:\/\/wbp.lublin.pl\/?p=59794"},"modified":"2025-07-31T09:46:22","modified_gmt":"2025-07-31T07:46:22","slug":"wielokulturowe-inspiracje","status":"publish","type":"post","link":"https:\/\/wbp.lublin.pl\/index.php\/2024\/06\/13\/wielokulturowe-inspiracje\/","title":{"rendered":"Wielokulturowe inspiracje"},"content":{"rendered":"\n<p class=\"wp-block-paragraph\">podsumowanie projektu nr 2022-1-PL01-KA121-ADU-000054420<\/p>\n\n\n\n<p class=\"wp-block-paragraph\">Wojew\u00f3dzka Biblioteka Publiczna im. Hieronima \u0141opaci\u0144skiego w Lublinie, od 2019 roku jest beneficjentem programu Erasmus+, kt\u00f3ry w pe\u0142ni finansowany jest z funduszy unijnych. Obecny Erasmus+ nr 2022-1-PL01-KA121-ADU-000054420 to kontynuacja europejskich program\u00f3w realizowanych od 1998 roku. Jego g\u0142\u00f3wnym priorytetem jest wspieranie mi\u0119dzynarodowej wymiany i wsp\u00f3\u0142pracy edukacyjnej, w celu podnoszenia kompetencji.<\/p>\n\n\n\n<p class=\"wp-block-paragraph\">Wojew\u00f3dzka Biblioteka Publiczna im. Hieronima \u0141opaci\u0144skiego w Lublinie zrealizowa\u0142a kolejny akredytowany projekt&nbsp; finansowany z programu Erasmus+. Projekt wpisuje si\u0119 w Sektor Edukacja doros\u0142ych w Akcj\u0119&nbsp; kluczow\u0105 1: Mobilno\u015b\u0107 edukacyjna os\u00f3b. Planowane wyjazdy&nbsp; wynika\u0142y&nbsp; z potrzeb, dotycz\u0105cych poprawy jako\u015bci pracy, poszerzenia oferty i umi\u0119dzynarodowiania organizacji wnioskuj\u0105cej. Za\u0142o\u017cenia s\u0105 tu jasno okre\u015blone \u2013 w\u0142\u0105czenie i r\u00f3\u017cnorodno\u015b\u0107, edukacja cyfrowa, zr\u00f3wnowa\u017cony rozw\u00f3j i uczestnictwo. Program daje r\u00f3wne szanse rozwoju wszystkim zainteresowanym osobom, jest bardziej inkluzywny i innowacyjny, jak r\u00f3wnie\u017c bardziej cyfrowy i ekologiczny. Europejski bud\u017cet programu na lata 2021-2027 ma wynie\u015b\u0107 ponad 26 mld euro, a realizatorem programu w Polsce jest Fundacja Rozwoju Systemu Edukacji.<\/p>\n\n\n\n<p class=\"wp-block-paragraph\">W niniejszej prezentacji skupimy si\u0119 na projekcie, kt\u00f3ry obecnie realizowany jest w naszej bibliotece \u2013 sektor Edukacja doros\u0142ych, Akcja 1. Mobilno\u015b\u0107 edukacyjna os\u00f3b nr 2022-1-PL01-KA121-ADU-000054420 w ramach Akredytacji nr 2020-1-PL01-KA120-ADU-096333. Trzy pierwsze mobilno\u015bci, kt\u00f3re odby\u0142y si\u0119 w ubieg\u0142ym roku, to wyjazdy typu job shadowing. Pierwsza &#8211; do Reykjav\u00edk City Library w czerwcu, druga &#8211; do Jude\u021bean\u0103 ASTRA Okr\u0119gu Sibiu w Rumunii w lipcu oraz do Regionalnej Biblioteki Publicznej Petko Rachev Slaveykov w Wielkim Tyrnowie w Bu\u0142garii we wrze\u015bniu. Ostatni\u0105 mobilno\u015bci\u0105 z bie\u017c\u0105cego projektu, z kt\u00f3rej skorzysta\u0142o podobnie jak w pozosta\u0142ych mobilno\u015bciach &#8211; sze\u015b\u0107 os\u00f3b, by\u0142 wyjazd do Centralnej Biblioteki Marko Marulicia w Splicie w Chorwacji. Ponadto zrealizowany zosta\u0142 wyjazd pi\u0119ciorga pracownik\u00f3w na kurs j\u0119zyka angielskiego do miejscowo\u015bci Split w Chorwacji w sierpniu 2023 roku.<\/p>\n\n\n\n<p class=\"wp-block-paragraph\">By\u0142y to inspiruj\u0105ce wyjazdy, ka\u017cda grupa wraca\u0142a z g\u0142ow\u0105 nape\u0142nion\u0105 pomys\u0142ami, entuzjazmem i ch\u0119ci\u0105 do dzia\u0142ania. Dzi\u0119ki mobilno\u015bci bibliotekarze mieli mo\u017cliwo\u015b\u0107 podnie\u015b\u0107 swoje kompetencje zawodowe i j\u0119zykowe, uczestnicz\u0105c w dw\u00f3ch rodzajach mobilno\u015bci &#8211; job shadowing &#8211; obserwacja w miejscu pracy oraz w kursie j\u0119zykowym. Celem projektu by\u0142 rozw\u00f3j zawodowy oraz wzrost wiedzy dzi\u0119ki nabyciu kompetencji j\u0119zykowych przez uczestnik\u00f3w projektu; rozwijanie wsp\u00f3\u0142pracy mi\u0119dzynarodowej oraz prze\u0142amywanie barier kulturowych; zapoznanie si\u0119 z nowymi ofertami edukacyjnymi, w szczeg\u00f3lno\u015bci skierowanymi do obcokrajowc\u00f3w, bezrobotnych i senior\u00f3w. Wdra\u017canie pomys\u0142\u00f3w, wprowadzanie zmian czasem nie zachodzi tak szybko jak by\u015bmy chcieli. Widzimy jednak jak zmienia si\u0119 podej\u015bcie naszych koleg\u00f3w do pracy i oferta dla czytelnik\u00f3w, generalnie jak zmienia si\u0119 postawa bibliotekarzy, jak wprowadzaj\u0105 normy wielokulturowo\u015bci w swojej pracy. Program Erasmus+ poszerza horyzonty, otwiera na \u015bwiat i pozwala poczu\u0107 si\u0119 cz\u0119\u015bci\u0105 wielkiej europejskiej rodziny bibliotekarskiej.<\/p>\n\n\n\n<p class=\"wp-block-paragraph\">Erasmus+ tu zaczynaj\u0105 si\u0119 nowe mo\u017cliwo\u015bci<\/p>\n\n\n\n<div class=\"wp-block-file aligncenter\"><a id=\"wp-block-file--media-3bd56750-8e8a-401f-9e9b-1d58a0f69ffc\" href=\"https:\/\/wbp.lublin.pl\/wp-content\/uploads\/2024\/06\/Erasmus-2022-1-PL01-KA121-ADU-000054420.pdf\">Erasmus 2022-1-PL01-KA121-ADU-000054420<\/a><a href=\"https:\/\/wbp.lublin.pl\/wp-content\/uploads\/2024\/06\/Erasmus-2022-1-PL01-KA121-ADU-000054420.pdf\" class=\"wp-block-file__button wp-element-button\" download aria-describedby=\"wp-block-file--media-3bd56750-8e8a-401f-9e9b-1d58a0f69ffc\">Pobierz<\/a><\/div>\n\n\n\n<div class=\"wp-block-pdf-viewer-block-standard\" style=\"text-align:left\"><div class=\"uploaded-pdf\"><a href=\"https:\/\/wbp.lublin.pl\/wp-content\/uploads\/2024\/06\/Erasmus-2022-1-PL01-KA121-ADU-000054420.pdf\" data-width=\"\" data-height=\"\"><\/a><\/div><\/div>\n\n\n\n<blockquote class=\"wp-block-quote is-layout-flow wp-block-quote-is-layout-flow\">\n<p class=\"has-text-align-right wp-block-paragraph\">Dzia\u0142 Instrukcyjno-Metodyczny<\/p>\n<\/blockquote>\n","protected":false},"excerpt":{"rendered":"<p>podsumowanie projektu nr 2022-1-PL01-KA121-ADU-000054420<\/p>\n","protected":false},"author":18,"featured_media":40525,"comment_status":"closed","ping_status":"closed","sticky":false,"template":"","format":"standard","meta":{"_tec_requires_first_save":true,"_crdt_document":"","pgc_sgb_lightbox_settings":"","_EventAllDay":false,"_EventTimezone":"","_EventStartDate":"","_EventEndDate":"","_EventStartDateUTC":"","_EventEndDateUTC":"","_EventShowMap":false,"_EventShowMapLink":false,"_EventURL":"","_EventCost":"","_EventCostDescription":"","_EventCurrencySymbol":"","_EventCurrencyCode":"","_EventCurrencyPosition":"","_EventDateTimeSeparator":"","_EventTimeRangeSeparator":"","_EventOrganizerID":[],"_EventVenueID":[],"_OrganizerEmail":"","_OrganizerPhone":"","_OrganizerWebsite":"","_VenueAddress":"","_VenueCity":"","_VenueCountry":"","_VenueProvince":"","_VenueState":"","_VenueZip":"","_VenuePhone":"","_VenueURL":"","_VenueStateProvince":"","_VenueLat":"","_VenueLng":"","_VenueShowMap":false,"_VenueShowMapLink":false,"_tribe_blocks_recurrence_rules":"","_tribe_blocks_recurrence_description":"","_tribe_blocks_recurrence_exclusions":"","footnotes":""},"categories":[10],"tags":[715],"class_list":["post-59794","post","type-post","status-publish","format-standard","has-post-thumbnail","hentry","category-aktualnosci","tag-mobilnosc-edukacyjna-osob"],"publishpress_future_action":{"enabled":false,"date":"2026-05-06 17:27:29","action":"change-status","newStatus":"draft","terms":[],"taxonomy":"category","extraData":[]},"publishpress_future_workflow_manual_trigger":{"enabledWorkflows":[]},"_links":{"self":[{"href":"https:\/\/wbp.lublin.pl\/index.php\/wp-json\/wp\/v2\/posts\/59794","targetHints":{"allow":["GET"]}}],"collection":[{"href":"https:\/\/wbp.lublin.pl\/index.php\/wp-json\/wp\/v2\/posts"}],"about":[{"href":"https:\/\/wbp.lublin.pl\/index.php\/wp-json\/wp\/v2\/types\/post"}],"author":[{"embeddable":true,"href":"https:\/\/wbp.lublin.pl\/index.php\/wp-json\/wp\/v2\/users\/18"}],"replies":[{"embeddable":true,"href":"https:\/\/wbp.lublin.pl\/index.php\/wp-json\/wp\/v2\/comments?post=59794"}],"version-history":[{"count":4,"href":"https:\/\/wbp.lublin.pl\/index.php\/wp-json\/wp\/v2\/posts\/59794\/revisions"}],"predecessor-version":[{"id":72446,"href":"https:\/\/wbp.lublin.pl\/index.php\/wp-json\/wp\/v2\/posts\/59794\/revisions\/72446"}],"wp:featuredmedia":[{"embeddable":true,"href":"https:\/\/wbp.lublin.pl\/index.php\/wp-json\/wp\/v2\/media\/40525"}],"wp:attachment":[{"href":"https:\/\/wbp.lublin.pl\/index.php\/wp-json\/wp\/v2\/media?parent=59794"}],"wp:term":[{"taxonomy":"category","embeddable":true,"href":"https:\/\/wbp.lublin.pl\/index.php\/wp-json\/wp\/v2\/categories?post=59794"},{"taxonomy":"post_tag","embeddable":true,"href":"https:\/\/wbp.lublin.pl\/index.php\/wp-json\/wp\/v2\/tags?post=59794"}],"curies":[{"name":"wp","href":"https:\/\/api.w.org\/{rel}","templated":true}]}}