{"id":59925,"date":"2024-06-17T10:07:40","date_gmt":"2024-06-17T08:07:40","guid":{"rendered":"https:\/\/wbp.lublin.pl\/?p=59925"},"modified":"2024-07-03T14:11:22","modified_gmt":"2024-07-03T12:11:22","slug":"final-konkursu-ksiazka-roku-2023-w-obiektywie","status":"publish","type":"post","link":"https:\/\/wbp.lublin.pl\/index.php\/2024\/06\/17\/final-konkursu-ksiazka-roku-2023-w-obiektywie\/","title":{"rendered":"Fina\u0142 Konkursu \u201eKsi\u0105\u017cka Roku 2023\u201d w obiektywie"},"content":{"rendered":"\n<!--more-->\n\n\n\n<p class=\"wp-block-paragraph\"><strong>Wawrzyny Paw\u0142a Konrada<\/strong>, przyznawane przez Wojew\u00f3dzk\u0105 Bibliotek\u0119 Publiczn\u0105 im. Hieronima \u0141opaci\u0144skiego w Lublinie za publikacje wydane w 2023 roku rozdane! 14 czerwca 2024 r. w Galerii Biblioteki go\u015bcili\u015bmy laureat\u00f3w oraz wspania\u0142\u0105 publiczno\u015b\u0107. Zwyci\u0119zcom gratulujemy i dzi\u0119kujemy, \u017ce byli\u015bcie w tym dniu z nami. Serdeczne podzi\u0119kowania sk\u0142adamy na r\u0119ce wszystkich, kt\u00f3rzy nades\u0142ali nam swoje ksi\u0105\u017cki i zapraszamy do przysz\u0142ej edycji.<\/p>\n\n\n\n<figure class=\"wp-block-gallery has-nested-images columns-1 is-cropped wp-block-gallery-1 is-layout-flex wp-block-gallery-is-layout-flex\">\n<figure class=\"wp-block-image size-large\"><a href=\"https:\/\/wbp.lublin.pl\/wp-content\/uploads\/2024\/06\/1-scaled.avif\"><img data-dominant-color=\"867363\" data-has-transparency=\"false\" style=\"--dominant-color: #867363;\" decoding=\"async\" sizes=\"(max-width: 1598px) 100vw, 1598px\" data-id=\"59926\" src=\"https:\/\/wbp.lublin.pl\/wp-content\/uploads\/2024\/06\/1-1598x1080.avif\" alt=\"\" class=\"wp-image-59926 not-transparent\"\/><\/a><figcaption class=\"wp-element-caption\">Go\u015bci przywita\u0142 Andrzej Rolla \u2013 dyrektor WBP w Lublinie, gal\u0119 poprowadzi\u0142 Grzegorz Figiel \u2013 dyrektor ds. merytorycznych WBP<\/figcaption><\/figure>\n\n\n\n<figure class=\"wp-block-image size-large\"><a href=\"https:\/\/wbp.lublin.pl\/wp-content\/uploads\/2024\/06\/1a-scaled.avif\"><img data-dominant-color=\"78717e\" data-has-transparency=\"false\" style=\"--dominant-color: #78717e;\" decoding=\"async\" sizes=\"(max-width: 1631px) 100vw, 1631px\" data-id=\"59929\" src=\"https:\/\/wbp.lublin.pl\/wp-content\/uploads\/2024\/06\/1a-1631x1080.avif\" alt=\"\" class=\"wp-image-59929 not-transparent\"\/><\/a><\/figure>\n\n\n\n<figure class=\"wp-block-image size-large\"><a href=\"https:\/\/wbp.lublin.pl\/wp-content\/uploads\/2024\/06\/1b-scaled.avif\"><img data-dominant-color=\"95866d\" data-has-transparency=\"false\" style=\"--dominant-color: #95866d;\" decoding=\"async\" sizes=\"(max-width: 1645px) 100vw, 1645px\" data-id=\"59927\" src=\"https:\/\/wbp.lublin.pl\/wp-content\/uploads\/2024\/06\/1b-1645x1080.avif\" alt=\"\" class=\"wp-image-59927 not-transparent\"\/><\/a><\/figure>\n\n\n\n<figure class=\"wp-block-image size-large\"><a href=\"https:\/\/wbp.lublin.pl\/wp-content\/uploads\/2024\/06\/1c-scaled.avif\"><img data-dominant-color=\"807160\" data-has-transparency=\"false\" style=\"--dominant-color: #807160;\" decoding=\"async\" sizes=\"(max-width: 1631px) 100vw, 1631px\" data-id=\"59931\" src=\"https:\/\/wbp.lublin.pl\/wp-content\/uploads\/2024\/06\/1c-1631x1080.avif\" alt=\"\" class=\"wp-image-59931 not-transparent\"\/><\/a><\/figure>\n\n\n\n<figure class=\"wp-block-image size-large\"><a href=\"https:\/\/wbp.lublin.pl\/wp-content\/uploads\/2024\/06\/2-scaled.avif\"><img data-dominant-color=\"67646c\" data-has-transparency=\"false\" style=\"--dominant-color: #67646c;\" decoding=\"async\" sizes=\"(max-width: 1631px) 100vw, 1631px\" data-id=\"59928\" src=\"https:\/\/wbp.lublin.pl\/wp-content\/uploads\/2024\/06\/2-1631x1080.avif\" alt=\"\" class=\"wp-image-59928 not-transparent\"\/><\/a><figcaption class=\"wp-element-caption\">Swoj\u0105 obecno\u015bci\u0105 zaszczyci\u0142 nas Pan prof. Marcin Szewczak \u2013 Cz\u0142onek Zarz\u0105du Wojew\u00f3dztwa Lubelskiego, kt\u00f3ry wraz z dyrektorem Andrzejem Roll\u0105 wr\u0119cza\u0142 statuetki i dyplomy<\/figcaption><\/figure>\n\n\n\n<figure class=\"wp-block-image size-large\"><a href=\"https:\/\/wbp.lublin.pl\/wp-content\/uploads\/2024\/06\/3-scaled.avif\"><img data-dominant-color=\"86765f\" data-has-transparency=\"false\" style=\"--dominant-color: #86765f;\" decoding=\"async\" sizes=\"(max-width: 1631px) 100vw, 1631px\" data-id=\"59930\" src=\"https:\/\/wbp.lublin.pl\/wp-content\/uploads\/2024\/06\/3-1631x1080.avif\" alt=\"\" class=\"wp-image-59930 not-transparent\"\/><\/a><figcaption class=\"wp-element-caption\"><strong>Laureatem Wawrzynu Paw\u0142a Konrada<\/strong> w kategorii <strong>Ksi\u0105\u017cka o Lublinie <\/strong>zosta\u0142o <strong>Wydawnictwo Ad Montem<\/strong>. Laur odebrali Pa\u0144stwo Magdalena i Wojciech G\u00f3rscy \u2013 w\u0142a\u015bciciele oficyny<\/figcaption><\/figure>\n\n\n\n<figure class=\"wp-block-image size-large\"><a href=\"https:\/\/wbp.lublin.pl\/wp-content\/uploads\/2024\/06\/3a-scaled.avif\"><img data-dominant-color=\"736a6c\" data-has-transparency=\"false\" style=\"--dominant-color: #736a6c;\" decoding=\"async\" sizes=\"(max-width: 1631px) 100vw, 1631px\" data-id=\"59932\" src=\"https:\/\/wbp.lublin.pl\/wp-content\/uploads\/2024\/06\/3a-1631x1080.avif\" alt=\"\" class=\"wp-image-59932 not-transparent\"\/><\/a><\/figure>\n\n\n\n<figure class=\"wp-block-image size-large\"><a href=\"https:\/\/wbp.lublin.pl\/wp-content\/uploads\/2024\/06\/4-scaled.avif\"><img data-dominant-color=\"897963\" data-has-transparency=\"false\" style=\"--dominant-color: #897963;\" decoding=\"async\" sizes=\"(max-width: 1631px) 100vw, 1631px\" data-id=\"59933\" src=\"https:\/\/wbp.lublin.pl\/wp-content\/uploads\/2024\/06\/4-1631x1080.avif\" alt=\"\" class=\"wp-image-59933 not-transparent\"\/><\/a><figcaption class=\"wp-element-caption\"><strong>Laureatem Wawrzynu Paw\u0142a Konrada w kategorii Lublin \u2013 wydawnictwo albumowe<\/strong> zosta\u0142o <strong>Wydawnictwo Boni Libri<\/strong>. Wawrzyn odebra\u0142 Leszek Dulik w towarzystwie Anety Sarny-Blachani<\/figcaption><\/figure>\n\n\n\n<figure class=\"wp-block-image size-large\"><a href=\"https:\/\/wbp.lublin.pl\/wp-content\/uploads\/2024\/06\/5-scaled.avif\"><img data-dominant-color=\"776f6e\" data-has-transparency=\"false\" style=\"--dominant-color: #776f6e;\" decoding=\"async\" sizes=\"(max-width: 1631px) 100vw, 1631px\" data-id=\"59934\" src=\"https:\/\/wbp.lublin.pl\/wp-content\/uploads\/2024\/06\/5-1631x1080.avif\" alt=\"\" class=\"wp-image-59934 not-transparent\"\/><\/a><figcaption class=\"wp-element-caption\">W kategorii <strong>Ksi\u0105\u017cka o Lubelszczy\u017anie Wawrzynem Paw\u0142a Konrada<\/strong> uhonorowano <strong>Lubelskie Towarzystwo Naukowe<\/strong>. Nagrod\u0119 w imieniu LTN odebra\u0142 Zdzis\u0142aw Biele\u0144, autor nagrodzonej publikacji<\/figcaption><\/figure>\n\n\n\n<figure class=\"wp-block-image size-large\"><a href=\"https:\/\/wbp.lublin.pl\/wp-content\/uploads\/2024\/06\/6-scaled.avif\"><img data-dominant-color=\"736564\" data-has-transparency=\"false\" style=\"--dominant-color: #736564;\" decoding=\"async\" sizes=\"(max-width: 1631px) 100vw, 1631px\" data-id=\"59935\" src=\"https:\/\/wbp.lublin.pl\/wp-content\/uploads\/2024\/06\/6-1631x1080.avif\" alt=\"\" class=\"wp-image-59935 not-transparent\"\/><\/a><figcaption class=\"wp-element-caption\">Siostra Irena Murawska oraz Agnieszka Szyku\u0142a-\u017bygawska \u2013 dyrektor <strong>Biblioteki Publicznej Gminy \u0141abunie <\/strong>odebra\u0142y <strong>Wawrzyn <\/strong>w kategorii <strong>Publikacje wydane przez biblioteki wojew\u00f3dztwa lubelskiego<\/strong><\/figcaption><\/figure>\n<\/figure>\n\n\n\n<p class=\"wp-block-paragraph\">W konkursie <strong>Ksi\u0105\u017cka Roku 2023<\/strong> przyznano r\u00f3wnie\u017c trzy<strong> wyr\u00f3\u017cnienia<\/strong> za szczeg\u00f3lne walory edytorskie i form\u0119 przekazu.<\/p>\n\n\n\n<figure class=\"wp-block-gallery has-nested-images columns-1 is-cropped wp-block-gallery-2 is-layout-flex wp-block-gallery-is-layout-flex\">\n<figure class=\"wp-block-image size-large\"><a href=\"https:\/\/wbp.lublin.pl\/wp-content\/uploads\/2024\/06\/7-scaled.avif\"><img data-dominant-color=\"83776a\" data-has-transparency=\"false\" style=\"--dominant-color: #83776a;\" decoding=\"async\" sizes=\"(max-width: 1631px) 100vw, 1631px\" data-id=\"59936\" src=\"https:\/\/wbp.lublin.pl\/wp-content\/uploads\/2024\/06\/7-1631x1080.avif\" alt=\"\" class=\"wp-image-59936 not-transparent\"\/><\/a><figcaption class=\"wp-element-caption\">W imieniu wyr\u00f3\u017cnionego<strong> Wydawnictwa Ruthenus<\/strong> dyplom odebra\u0142a dr J. Ewa Le\u015bniewska, autorka publikacji Sobianowice. Dobra ziemskie i ich w\u0142a\u015bciciele (XVIII\u2013XX w.)<\/figcaption><\/figure>\n\n\n\n<figure class=\"wp-block-image size-large\"><a href=\"https:\/\/wbp.lublin.pl\/wp-content\/uploads\/2024\/06\/7a-scaled.avif\"><img data-dominant-color=\"756e62\" data-has-transparency=\"false\" style=\"--dominant-color: #756e62;\" decoding=\"async\" sizes=\"(max-width: 715px) 100vw, 715px\" data-id=\"59937\" src=\"https:\/\/wbp.lublin.pl\/wp-content\/uploads\/2024\/06\/7a-715x1080.avif\" alt=\"\" class=\"wp-image-59937 not-transparent\"\/><\/a><\/figure>\n\n\n\n<figure class=\"wp-block-image size-large\"><a href=\"https:\/\/wbp.lublin.pl\/wp-content\/uploads\/2024\/06\/8-scaled.avif\"><img data-dominant-color=\"877c6e\" data-has-transparency=\"false\" style=\"--dominant-color: #877c6e;\" decoding=\"async\" sizes=\"(max-width: 1611px) 100vw, 1611px\" data-id=\"59938\" src=\"https:\/\/wbp.lublin.pl\/wp-content\/uploads\/2024\/06\/8-1611x1080.avif\" alt=\"\" class=\"wp-image-59938 not-transparent\"\/><\/a><figcaption class=\"wp-element-caption\"><strong>Wyr\u00f3\u017cnienie <\/strong>otrzyma\u0142y tak\u017ce<strong> Stowarzyszenie Anthill <\/strong>i<strong> Archidiecezja Lubelska<\/strong>.Dyplomy odebrali: ks. Jakub Olech, Bartosz Niewiadomski oraz Barbara Wybacz<\/figcaption><\/figure>\n\n\n\n<figure class=\"wp-block-image size-large\"><a href=\"https:\/\/wbp.lublin.pl\/wp-content\/uploads\/2024\/06\/9-scaled.avif\"><img data-dominant-color=\"746a5e\" data-has-transparency=\"false\" style=\"--dominant-color: #746a5e;\" decoding=\"async\" sizes=\"(max-width: 1631px) 100vw, 1631px\" data-id=\"59940\" src=\"https:\/\/wbp.lublin.pl\/wp-content\/uploads\/2024\/06\/9-1631x1080.avif\" alt=\"\" class=\"wp-image-59940 not-transparent\"\/><\/a><figcaption class=\"wp-element-caption\"><strong>Wyr\u00f3\u017cnieniem <\/strong>uhonorowano r\u00f3wnie\u017c<strong> Ksi\u0105\u017cnic\u0119 Zamojsk\u0105 im. Stanis\u0142awa Kostki Zamoyskiego w Zamo\u015bciu<\/strong>. W imieniu biblioteki wyr\u00f3\u017cnienie odebra\u0142 Piotr Piela, autor nagrodzonej publikacji&nbsp;<\/figcaption><\/figure>\n\n\n\n<figure class=\"wp-block-image size-large\"><a href=\"https:\/\/wbp.lublin.pl\/wp-content\/uploads\/2024\/06\/10-scaled.avif\"><img data-dominant-color=\"918166\" data-has-transparency=\"false\" style=\"--dominant-color: #918166;\" decoding=\"async\" sizes=\"(max-width: 1607px) 100vw, 1607px\" data-id=\"59939\" src=\"https:\/\/wbp.lublin.pl\/wp-content\/uploads\/2024\/06\/10-1607x1080.avif\" alt=\"\" class=\"wp-image-59939 not-transparent\"\/><\/a><figcaption class=\"wp-element-caption\">Podczas uroczysto\u015bci wr\u0119czono tak\u017ce <strong>Nagrod\u0119 Kulturaln\u0105 Wojew\u00f3dztwa Lubelskiego<\/strong> za popularyzacj\u0119 i upowszechnienie kultury. To wspania\u0142e wyr\u00f3\u017cnienie trafi\u0142o do Pani Ma\u0142gorzaty Podniesi\u0144skiej \u2013 Lubelskiego Bibliotekarza Roku 2023. Serdecznie gratulujemy!<\/figcaption><\/figure>\n\n\n\n<figure class=\"wp-block-image size-large\"><a href=\"https:\/\/wbp.lublin.pl\/wp-content\/uploads\/2024\/06\/10a-scaled.avif\"><img data-dominant-color=\"8e805f\" data-has-transparency=\"false\" style=\"--dominant-color: #8e805f;\" decoding=\"async\" sizes=\"(max-width: 711px) 100vw, 711px\" data-id=\"59941\" src=\"https:\/\/wbp.lublin.pl\/wp-content\/uploads\/2024\/06\/10a-711x1080.avif\" alt=\"\" class=\"wp-image-59941 not-transparent\"\/><\/a><\/figure>\n\n\n\n<figure class=\"wp-block-image size-large\"><a href=\"https:\/\/wbp.lublin.pl\/wp-content\/uploads\/2024\/06\/11-scaled.avif\"><img data-dominant-color=\"716654\" data-has-transparency=\"false\" style=\"--dominant-color: #716654;\" decoding=\"async\" sizes=\"(max-width: 1638px) 100vw, 1638px\" data-id=\"59942\" src=\"https:\/\/wbp.lublin.pl\/wp-content\/uploads\/2024\/06\/11-1638x1080.avif\" alt=\"\" class=\"wp-image-59942 not-transparent\"\/><\/a><figcaption class=\"wp-element-caption\">Gal\u0119 u\u015bwietni\u0142 wyst\u0119p uczni\u00f3w ze Szko\u0142y Muzycznej I i II stopnia im. Tadeusza Szeligowskiego w Lublinie<\/figcaption><\/figure>\n\n\n\n<figure class=\"wp-block-image size-large\"><a href=\"https:\/\/wbp.lublin.pl\/wp-content\/uploads\/2024\/06\/11a-scaled.avif\"><img data-dominant-color=\"7a736d\" data-has-transparency=\"false\" style=\"--dominant-color: #7a736d;\" decoding=\"async\" sizes=\"(max-width: 1574px) 100vw, 1574px\" data-id=\"59943\" src=\"https:\/\/wbp.lublin.pl\/wp-content\/uploads\/2024\/06\/11a-1574x1080.avif\" alt=\"\" class=\"wp-image-59943 not-transparent\"\/><\/a><\/figure>\n\n\n\n<figure class=\"wp-block-image size-large\"><a href=\"https:\/\/wbp.lublin.pl\/wp-content\/uploads\/2024\/06\/12-scaled.avif\"><img data-dominant-color=\"766750\" data-has-transparency=\"false\" style=\"--dominant-color: #766750;\" decoding=\"async\" sizes=\"(max-width: 1495px) 100vw, 1495px\" data-id=\"59945\" src=\"https:\/\/wbp.lublin.pl\/wp-content\/uploads\/2024\/06\/12-1495x1080.avif\" alt=\"\" class=\"wp-image-59945 not-transparent\"\/><\/a><figcaption class=\"wp-element-caption\">Konkurs koordynowali i gal\u0119 fina\u0142ow\u0105 przygotowali pracownicy <strong>Dzia\u0142u Naukowo-Wydawniczego <\/strong>WBP w Lublinie \u2013 Katarzyna Stanek oraz Mariusz Olejarczyk<\/figcaption><\/figure>\n\n\n\n<figure class=\"wp-block-image size-large\"><a href=\"https:\/\/wbp.lublin.pl\/wp-content\/uploads\/2024\/06\/DSC_8287-scaled.avif\"><img data-dominant-color=\"64594f\" data-has-transparency=\"false\" style=\"--dominant-color: #64594f;\" decoding=\"async\" sizes=\"(max-width: 1631px) 100vw, 1631px\" data-id=\"59947\" src=\"https:\/\/wbp.lublin.pl\/wp-content\/uploads\/2024\/06\/DSC_8287-1631x1080.avif\" alt=\"\" class=\"wp-image-59947 not-transparent\"\/><\/a><\/figure>\n\n\n\n<figure class=\"wp-block-image size-large\"><a href=\"https:\/\/wbp.lublin.pl\/wp-content\/uploads\/2024\/06\/DSC_8419-scaled.avif\"><img data-dominant-color=\"615049\" data-has-transparency=\"false\" style=\"--dominant-color: #615049;\" decoding=\"async\" sizes=\"(max-width: 1613px) 100vw, 1613px\" data-id=\"59946\" src=\"https:\/\/wbp.lublin.pl\/wp-content\/uploads\/2024\/06\/DSC_8419-1613x1080.avif\" alt=\"\" class=\"wp-image-59946 not-transparent\"\/><\/a><\/figure>\n\n\n\n<figure class=\"wp-block-image size-large\"><a href=\"https:\/\/wbp.lublin.pl\/wp-content\/uploads\/2024\/06\/13-jpg.avif\"><img data-dominant-color=\"b7a9a2\" data-has-transparency=\"false\" style=\"--dominant-color: #b7a9a2;\" decoding=\"async\" data-id=\"59944\" src=\"https:\/\/wbp.lublin.pl\/wp-content\/uploads\/2024\/06\/13-jpg.avif\" alt=\"\" class=\"wp-image-59944 not-transparent\"\/><\/a><figcaption class=\"wp-element-caption\">Gratulujemy! Dzi\u0119kujemy! Do zobaczenia za rok!<\/figcaption><\/figure>\n<\/figure>\n\n\n\n<p class=\"wp-block-paragraph\">Fot. Pawe\u0142 Znamierowski<\/p>\n\n\n\n<p class=\"has-text-align-right wp-block-paragraph\"><em>Dzia\u0142 Naukowo-Wydawniczy<\/em><\/p>\n","protected":false},"excerpt":{"rendered":"","protected":false},"author":21,"featured_media":59950,"comment_status":"closed","ping_status":"closed","sticky":false,"template":"","format":"standard","meta":{"_tec_requires_first_save":true,"_crdt_document":"","pgc_sgb_lightbox_settings":"","_EventAllDay":false,"_EventTimezone":"","_EventStartDate":"","_EventEndDate":"","_EventStartDateUTC":"","_EventEndDateUTC":"","_EventShowMap":false,"_EventShowMapLink":false,"_EventURL":"","_EventCost":"","_EventCostDescription":"","_EventCurrencySymbol":"","_EventCurrencyCode":"","_EventCurrencyPosition":"","_EventDateTimeSeparator":"","_EventTimeRangeSeparator":"","_EventOrganizerID":[],"_EventVenueID":[],"_OrganizerEmail":"","_OrganizerPhone":"","_OrganizerWebsite":"","_VenueAddress":"","_VenueCity":"","_VenueCountry":"","_VenueProvince":"","_VenueState":"","_VenueZip":"","_VenuePhone":"","_VenueURL":"","_VenueStateProvince":"","_VenueLat":"","_VenueLng":"","_VenueShowMap":false,"_VenueShowMapLink":false,"_tribe_blocks_recurrence_rules":"","_tribe_blocks_recurrence_description":"","_tribe_blocks_recurrence_exclusions":"","footnotes":""},"categories":[539,10,89],"tags":[],"class_list":["post-59925","post","type-post","status-publish","format-standard","has-post-thumbnail","hentry","category-konkursy-i-nagrody-w-obiektywie","category-aktualnosci","category-konkursy-i-nagrody"],"publishpress_future_action":{"enabled":false,"date":"2026-05-06 14:57:09","action":"change-status","newStatus":"draft","terms":[],"taxonomy":"category","extraData":[]},"publishpress_future_workflow_manual_trigger":{"enabledWorkflows":[]},"_links":{"self":[{"href":"https:\/\/wbp.lublin.pl\/index.php\/wp-json\/wp\/v2\/posts\/59925","targetHints":{"allow":["GET"]}}],"collection":[{"href":"https:\/\/wbp.lublin.pl\/index.php\/wp-json\/wp\/v2\/posts"}],"about":[{"href":"https:\/\/wbp.lublin.pl\/index.php\/wp-json\/wp\/v2\/types\/post"}],"author":[{"embeddable":true,"href":"https:\/\/wbp.lublin.pl\/index.php\/wp-json\/wp\/v2\/users\/21"}],"replies":[{"embeddable":true,"href":"https:\/\/wbp.lublin.pl\/index.php\/wp-json\/wp\/v2\/comments?post=59925"}],"version-history":[{"count":5,"href":"https:\/\/wbp.lublin.pl\/index.php\/wp-json\/wp\/v2\/posts\/59925\/revisions"}],"predecessor-version":[{"id":59962,"href":"https:\/\/wbp.lublin.pl\/index.php\/wp-json\/wp\/v2\/posts\/59925\/revisions\/59962"}],"wp:featuredmedia":[{"embeddable":true,"href":"https:\/\/wbp.lublin.pl\/index.php\/wp-json\/wp\/v2\/media\/59950"}],"wp:attachment":[{"href":"https:\/\/wbp.lublin.pl\/index.php\/wp-json\/wp\/v2\/media?parent=59925"}],"wp:term":[{"taxonomy":"category","embeddable":true,"href":"https:\/\/wbp.lublin.pl\/index.php\/wp-json\/wp\/v2\/categories?post=59925"},{"taxonomy":"post_tag","embeddable":true,"href":"https:\/\/wbp.lublin.pl\/index.php\/wp-json\/wp\/v2\/tags?post=59925"}],"curies":[{"name":"wp","href":"https:\/\/api.w.org\/{rel}","templated":true}]}}