{"id":60176,"date":"2024-06-25T11:00:07","date_gmt":"2024-06-25T09:00:07","guid":{"rendered":"https:\/\/wbp.lublin.pl\/?p=60176"},"modified":"2026-02-03T12:51:34","modified_gmt":"2026-02-03T11:51:34","slug":"poranek-u-hieronima-odc-206","status":"publish","type":"post","link":"https:\/\/wbp.lublin.pl\/index.php\/2024\/06\/25\/poranek-u-hieronima-odc-206\/","title":{"rendered":"\u201ePoranek u Hieronima\u201d odc. 206"},"content":{"rendered":"\n<!--more-->\n\n\n\n<p class=\"wp-block-paragraph\">W 206. odcinku \u201ePoranka u Hieronima\u201d spotkamy si\u0119 z Jowit\u0105 Joann\u0105 Sitko, kt\u00f3ra jest z zami\u0142owania pisark\u0105, instruktork\u0105 flamenco, \u017con\u0105 i matk\u0105, a z zawodu prawniczk\u0105, nauczycielk\u0105 akademick\u0105 i rzeczniczk\u0105 patentow\u0105. Opublikowa\u0142a wiele artyku\u0142\u00f3w i ksi\u0105\u017cek na temat ochrony w\u0142asno\u015bci intelektualnej. Teraz wyda\u0142a ksi\u0105\u017ck\u0119 \u201eMa si\u0119 zdarzy\u0107?\u201d, kt\u00f3ra jest jej debiutem beletrystycznym.<\/p>\n\n\n<div class=\"wp-block-image\">\n<figure class=\"aligncenter size-large is-resized\"><img data-dominant-color=\"988093\" data-has-transparency=\"false\" loading=\"lazy\" decoding=\"async\" width=\"838\" height=\"1080\" sizes=\"auto, (max-width: 838px) 100vw, 838px\" src=\"https:\/\/wbp.lublin.pl\/wp-content\/uploads\/2024\/05\/DSC_8700-838x1080.webp\" alt=\"\" class=\"wp-image-58890 not-transparent\" style=\"--dominant-color: #988093; width:558px;height:auto\" srcset=\"https:\/\/wbp.lublin.pl\/wp-content\/uploads\/2024\/05\/DSC_8700-838x1080.webp 838w, https:\/\/wbp.lublin.pl\/wp-content\/uploads\/2024\/05\/DSC_8700-466x600.webp 466w, https:\/\/wbp.lublin.pl\/wp-content\/uploads\/2024\/05\/DSC_8700-310x400.webp 310w, https:\/\/wbp.lublin.pl\/wp-content\/uploads\/2024\/05\/DSC_8700-768x990.webp 768w, https:\/\/wbp.lublin.pl\/wp-content\/uploads\/2024\/05\/DSC_8700-947x1221.webp 947w, https:\/\/wbp.lublin.pl\/wp-content\/uploads\/2024\/05\/DSC_8700-624x804.webp 624w, https:\/\/wbp.lublin.pl\/wp-content\/uploads\/2024\/05\/DSC_8700.webp 1080w\" \/><figcaption class=\"wp-element-caption\"><em>Jowita Joanna Sitko, fot. M. Koz\u0142owski<\/em><\/figcaption><\/figure>\n<\/div>\n\n\n<p class=\"wp-block-paragraph\">\u201ePoranek u Hieronima\u201d emitowany jest na fb Biblioteki <a href=\"https:\/\/www.facebook.com\/wbplublin?__cft__[0]=AZUjJIZqFI5XEwBXuKCBBhdtjKOEioLtd-ChaiDu_Vn8_1J-BB4o3hBAtr2yhQ84KKoEq2gIXX1sq3vRQbQyQpAmHqWqCowSOS4g_mmkdoT5q--sFV8VBBCyT2uwSywItRwcHwFOZNZ5ym5RFKnkUCXGUsPIOBxajlyx0Z2KSX2BZQ&amp;__tn__=-]K-R\">https:\/\/www.facebook.com\/wbplublin<\/a> w ka\u017cd\u0105 \u015brod\u0119 <a><\/a>o godz. 10.00<\/p>\n\n\n\n<p class=\"wp-block-paragraph\">Premiera nowego odcinka: 26.06.2024<\/p>\n\n\n\n<p class=\"wp-block-paragraph\">Odcinki archiwalne s\u0105 dost\u0119pne na kanale YouTube Biblioteki<\/p>\n\n\n\n<figure class=\"wp-block-embed is-type-video is-provider-youtube wp-block-embed-youtube wp-embed-aspect-16-9 wp-has-aspect-ratio\"><div class=\"wp-block-embed__wrapper\">\n<iframe loading=\"lazy\" title=\"Poranek u Hieronima - odc. 206\" width=\"887\" height=\"499\" src=\"https:\/\/www.youtube.com\/embed\/bIC5yaHSixA?feature=oembed\" frameborder=\"0\" allow=\"accelerometer; autoplay; clipboard-write; encrypted-media; gyroscope; picture-in-picture; web-share\" referrerpolicy=\"strict-origin-when-cross-origin\" allowfullscreen><\/iframe>\n<\/div><\/figure>\n\n\n\n<p class=\"has-text-align-center wp-block-paragraph\">ZAPRASZAMY!<\/p>\n\n\n\n<p class=\"has-text-align-right wp-block-paragraph\"><em>Dzia\u0142 Informacji i Promocji<\/em><\/p>\n\n\n\n\n\n<p class=\"wp-block-paragraph\"><\/p>\n","protected":false},"excerpt":{"rendered":"<p>26.06.2024, godz. 10.00, Facebook WBP<\/p>\n","protected":false},"author":21,"featured_media":60177,"comment_status":"closed","ping_status":"closed","sticky":false,"template":"","format":"standard","meta":{"_tec_requires_first_save":true,"_crdt_document":"","pgc_sgb_lightbox_settings":"","_EventAllDay":false,"_EventTimezone":"","_EventStartDate":"","_EventEndDate":"","_EventStartDateUTC":"","_EventEndDateUTC":"","_EventShowMap":false,"_EventShowMapLink":false,"_EventURL":"","_EventCost":"","_EventCostDescription":"","_EventCurrencySymbol":"","_EventCurrencyCode":"","_EventCurrencyPosition":"","_EventDateTimeSeparator":"","_EventTimeRangeSeparator":"","_EventOrganizerID":[],"_EventVenueID":[],"_OrganizerEmail":"","_OrganizerPhone":"","_OrganizerWebsite":"","_VenueAddress":"","_VenueCity":"","_VenueCountry":"","_VenueProvince":"","_VenueState":"","_VenueZip":"","_VenuePhone":"","_VenueURL":"","_VenueStateProvince":"","_VenueLat":"","_VenueLng":"","_VenueShowMap":false,"_VenueShowMapLink":false,"_tribe_blocks_recurrence_rules":"","_tribe_blocks_recurrence_description":"","_tribe_blocks_recurrence_exclusions":"","footnotes":""},"categories":[638,10,53],"tags":[],"class_list":["post-60176","post","type-post","status-publish","format-standard","has-post-thumbnail","hentry","category-poranek-u-hieronima","category-aktualnosci","category-komunikaty"],"publishpress_future_action":{"enabled":false,"date":"2026-05-06 15:55:04","action":"change-status","newStatus":"draft","terms":[],"taxonomy":"category","extraData":[]},"publishpress_future_workflow_manual_trigger":{"enabledWorkflows":[]},"_links":{"self":[{"href":"https:\/\/wbp.lublin.pl\/index.php\/wp-json\/wp\/v2\/posts\/60176","targetHints":{"allow":["GET"]}}],"collection":[{"href":"https:\/\/wbp.lublin.pl\/index.php\/wp-json\/wp\/v2\/posts"}],"about":[{"href":"https:\/\/wbp.lublin.pl\/index.php\/wp-json\/wp\/v2\/types\/post"}],"author":[{"embeddable":true,"href":"https:\/\/wbp.lublin.pl\/index.php\/wp-json\/wp\/v2\/users\/21"}],"replies":[{"embeddable":true,"href":"https:\/\/wbp.lublin.pl\/index.php\/wp-json\/wp\/v2\/comments?post=60176"}],"version-history":[{"count":7,"href":"https:\/\/wbp.lublin.pl\/index.php\/wp-json\/wp\/v2\/posts\/60176\/revisions"}],"predecessor-version":[{"id":78491,"href":"https:\/\/wbp.lublin.pl\/index.php\/wp-json\/wp\/v2\/posts\/60176\/revisions\/78491"}],"wp:featuredmedia":[{"embeddable":true,"href":"https:\/\/wbp.lublin.pl\/index.php\/wp-json\/wp\/v2\/media\/60177"}],"wp:attachment":[{"href":"https:\/\/wbp.lublin.pl\/index.php\/wp-json\/wp\/v2\/media?parent=60176"}],"wp:term":[{"taxonomy":"category","embeddable":true,"href":"https:\/\/wbp.lublin.pl\/index.php\/wp-json\/wp\/v2\/categories?post=60176"},{"taxonomy":"post_tag","embeddable":true,"href":"https:\/\/wbp.lublin.pl\/index.php\/wp-json\/wp\/v2\/tags?post=60176"}],"curies":[{"name":"wp","href":"https:\/\/api.w.org\/{rel}","templated":true}]}}