{"id":60817,"date":"2024-07-15T12:55:13","date_gmt":"2024-07-15T10:55:13","guid":{"rendered":"https:\/\/wbp.lublin.pl\/?p=60817"},"modified":"2026-02-03T12:44:05","modified_gmt":"2026-02-03T11:44:05","slug":"poranek-u-hieronima-odc-209","status":"publish","type":"post","link":"https:\/\/wbp.lublin.pl\/index.php\/2024\/07\/15\/poranek-u-hieronima-odc-209\/","title":{"rendered":"Poranek u Hieronima odc. 209"},"content":{"rendered":"\n<!--more-->\n\n\n<div class=\"wp-block-image\">\n<figure class=\"aligncenter size-full is-resized\"><img data-dominant-color=\"797a70\" data-has-transparency=\"false\" decoding=\"async\" sizes=\"(max-width: 940px) 100vw, 940px\" src=\"https:\/\/wbp.lublin.pl\/wp-content\/uploads\/2024\/07\/Poranek-u-Hieronima-20-jpg.avif\" alt=\"\" class=\"wp-image-60818 not-transparent\" style=\"--dominant-color: #797a70; width:640px;height:auto\"\/><\/figure>\n<\/div>\n\n\n<p class=\"wp-block-paragraph\">W wakacyjnym, 209. odcinku \u201ePoranka u Hieronima\u201d przedstawiamy drug\u0105 cze\u015b\u0107 rozmowy z niezwyk\u0142ym pasjonatem i naukowcem z British Museum \u2013 Irvingiel Finkelem. &nbsp;<\/p>\n\n\n\n<p>Irving Finkel \u2013 brytyjski filolog i asyriolog. Jest asystentem kuratora na Wydziale Bliskiego Wschodu w British Museum, gdzie specjalizuje si\u0119 w tekstach zachowanych na glinianych tabliczkach ze staro\u017cytnej Mezopotamii. Pod jego piecz\u0105 pozostaje oko\u0142o 130 000 tabliczek z pismem klinowym.\u00a0 Jest cz\u0142onkiem honorowym Instytutu Archeologii i Staro\u017cytno\u015bci Uniwersytetu w Birminghamoraz cz\u0142onkiem rady Anglo-Israel Archeology Society.<\/p>\n<p>&#8222;Poranek u Hieronima&#8221; jest emitowany na fb Biblioteki\u00a0<a href=\"https:\/\/www.facebook.com\/wbplublin\">https:\/\/www.facebook.com\/wbplublin<\/a><\/p>\n<p>w ka\u017cd\u0105 \u015brod\u0119 o godz. 10.00<\/p>\n<p style=\"text-align: center;\">ZAPRASZAMY!<\/p>\n<p style=\"text-align: right;\"><em>Dzia\u0142 Informacji i Promocji\u00a0<\/em><\/p>\n<p>\u00a0<\/p>\n\n\n\n<p class=\"wp-block-paragraph\">Odcinki archiwalne s\u0105 dost\u0119pne na kanale YouTube Biblioteki<\/p>\n\n\n\n<figure class=\"wp-block-embed is-type-video is-provider-youtube wp-block-embed-youtube wp-embed-aspect-16-9 wp-has-aspect-ratio\"><div class=\"wp-block-embed__wrapper\">\n<iframe loading=\"lazy\" title=\"Poranek u Hieronima - odc. 209 [Irving Finkel] cz. 2\" width=\"887\" height=\"499\" src=\"https:\/\/www.youtube.com\/embed\/UTkpoPyikxQ?feature=oembed\" frameborder=\"0\" allow=\"accelerometer; autoplay; clipboard-write; encrypted-media; gyroscope; picture-in-picture; web-share\" referrerpolicy=\"strict-origin-when-cross-origin\" allowfullscreen><\/iframe>\n<\/div><\/figure>\n\n\n\n<p class=\"wp-block-paragraph\"><\/p>\n","protected":false},"excerpt":{"rendered":"","protected":false},"author":20,"featured_media":60818,"comment_status":"closed","ping_status":"closed","sticky":false,"template":"","format":"standard","meta":{"_tec_requires_first_save":true,"_crdt_document":"","pgc_sgb_lightbox_settings":"","_EventAllDay":false,"_EventTimezone":"","_EventStartDate":"","_EventEndDate":"","_EventStartDateUTC":"","_EventEndDateUTC":"","_EventShowMap":false,"_EventShowMapLink":false,"_EventURL":"","_EventCost":"","_EventCostDescription":"","_EventCurrencySymbol":"","_EventCurrencyCode":"","_EventCurrencyPosition":"","_EventDateTimeSeparator":"","_EventTimeRangeSeparator":"","_EventOrganizerID":[],"_EventVenueID":[],"_OrganizerEmail":"","_OrganizerPhone":"","_OrganizerWebsite":"","_VenueAddress":"","_VenueCity":"","_VenueCountry":"","_VenueProvince":"","_VenueState":"","_VenueZip":"","_VenuePhone":"","_VenueURL":"","_VenueStateProvince":"","_VenueLat":"","_VenueLng":"","_VenueShowMap":false,"_VenueShowMapLink":false,"_tribe_blocks_recurrence_rules":"","_tribe_blocks_recurrence_description":"","_tribe_blocks_recurrence_exclusions":"","footnotes":""},"categories":[638,10],"tags":[],"class_list":["post-60817","post","type-post","status-publish","format-standard","has-post-thumbnail","hentry","category-poranek-u-hieronima","category-aktualnosci"],"publishpress_future_action":{"enabled":false,"date":"2026-05-06 15:54:54","action":"change-status","newStatus":"draft","terms":[],"taxonomy":"category","extraData":[]},"publishpress_future_workflow_manual_trigger":{"enabledWorkflows":[]},"_links":{"self":[{"href":"https:\/\/wbp.lublin.pl\/index.php\/wp-json\/wp\/v2\/posts\/60817","targetHints":{"allow":["GET"]}}],"collection":[{"href":"https:\/\/wbp.lublin.pl\/index.php\/wp-json\/wp\/v2\/posts"}],"about":[{"href":"https:\/\/wbp.lublin.pl\/index.php\/wp-json\/wp\/v2\/types\/post"}],"author":[{"embeddable":true,"href":"https:\/\/wbp.lublin.pl\/index.php\/wp-json\/wp\/v2\/users\/20"}],"replies":[{"embeddable":true,"href":"https:\/\/wbp.lublin.pl\/index.php\/wp-json\/wp\/v2\/comments?post=60817"}],"version-history":[{"count":6,"href":"https:\/\/wbp.lublin.pl\/index.php\/wp-json\/wp\/v2\/posts\/60817\/revisions"}],"predecessor-version":[{"id":78486,"href":"https:\/\/wbp.lublin.pl\/index.php\/wp-json\/wp\/v2\/posts\/60817\/revisions\/78486"}],"wp:featuredmedia":[{"embeddable":true,"href":"https:\/\/wbp.lublin.pl\/index.php\/wp-json\/wp\/v2\/media\/60818"}],"wp:attachment":[{"href":"https:\/\/wbp.lublin.pl\/index.php\/wp-json\/wp\/v2\/media?parent=60817"}],"wp:term":[{"taxonomy":"category","embeddable":true,"href":"https:\/\/wbp.lublin.pl\/index.php\/wp-json\/wp\/v2\/categories?post=60817"},{"taxonomy":"post_tag","embeddable":true,"href":"https:\/\/wbp.lublin.pl\/index.php\/wp-json\/wp\/v2\/tags?post=60817"}],"curies":[{"name":"wp","href":"https:\/\/api.w.org\/{rel}","templated":true}]}}