{"id":61209,"date":"2024-08-06T09:00:09","date_gmt":"2024-08-06T07:00:09","guid":{"rendered":"https:\/\/wbp.lublin.pl\/?p=61209"},"modified":"2026-01-24T14:35:13","modified_gmt":"2026-01-24T13:35:13","slug":"poranek-u-hieronima-odc-212","status":"publish","type":"post","link":"https:\/\/wbp.lublin.pl\/index.php\/2024\/08\/06\/poranek-u-hieronima-odc-212\/","title":{"rendered":"Poranek u Hieronima odc. 212"},"content":{"rendered":"\n<!--more-->\n\n\n<div class=\"wp-block-image\">\n<figure class=\"aligncenter size-full is-resized\"><img data-dominant-color=\"bbb0c5\" data-has-transparency=\"false\" decoding=\"async\" sizes=\"(max-width: 940px) 100vw, 940px\" src=\"https:\/\/wbp.lublin.pl\/wp-content\/uploads\/2024\/08\/Poranek-u-Hieronima-23-jpg.avif\" alt=\"\" class=\"wp-image-61210 not-transparent\" style=\"--dominant-color: #bbb0c5; width:693px;height:auto\"\/><\/figure>\n<\/div>\n\n\n<p class=\"wp-block-paragraph\">W 212. odcinku \u201ePoranka u Hieronima\u201d przypomnimy rozmow\u0119 z muzykami tworz\u0105cymi Cuore Piano Trio:<strong> Zuzann\u0105 Budzy\u0144sk\u0105<\/strong>, <strong>Jadwig\u0105 Rogusk\u0105<\/strong> i<strong> Szymonem Ogryzkiem <\/strong>o ich pierwszej p\u0142ycie, kt\u00f3ra 23 stycznia mia\u0142a swoj\u0105 premier\u0119 we wszystkich serwisach streamingowych. Jej patronem medialnym jest Dw\u00f3jka \u2013 program drugi Polskiego Radia, za\u015b honorowym patronatem obj\u0105\u0142 wydawnictwo Urz\u0105d Marsza\u0142kowski w Lublinie. Koncert promuj\u0105cy p\u0142yt\u0119 odby\u0142 si\u0119 w WBP 6 lutego 2024 r. Jakie znaczenie niesie ze sob\u0105 tytu\u0142 \u201eNever twice the same\u201d i jakie s\u0105 muzyczne plany i marzenia zespo\u0142u \u2013 zapytamy w programie.<\/p>\n\n\n\n<p class=\"wp-block-paragraph\">Program zosta\u0142 zarejestrowany w lutym br.<\/p>\n\n\n\n<p class=\"wp-block-paragraph\">\u201ePoranek u Hieronima\u201d jest emitowany na fb Biblioteki <a href=\"https:\/\/www.facebook.com\/wbplublin\">https:\/\/www.facebook.com\/wbplublin<\/a><\/p>\n\n\n\n<p class=\"wp-block-paragraph\">Odcinki archiwalne s\u0105 dost\u0119pne na kanale YouTube Biblioteki<\/p>\n\n\n\n<figure class=\"wp-block-embed is-type-video is-provider-youtube wp-block-embed-youtube wp-embed-aspect-16-9 wp-has-aspect-ratio\"><div class=\"wp-block-embed__wrapper\">\n<iframe loading=\"lazy\" title=\"Poranek u Hieronima - odc.212 [Cuore Piano Trio: Zuzanna Budzy\u0144ska, Jadwiga Roguska, Szymon Ogryzek]\" width=\"887\" height=\"499\" src=\"https:\/\/www.youtube.com\/embed\/HhiW7GN8G_Y?feature=oembed\" frameborder=\"0\" allow=\"accelerometer; autoplay; clipboard-write; encrypted-media; gyroscope; picture-in-picture; web-share\" referrerpolicy=\"strict-origin-when-cross-origin\" allowfullscreen><\/iframe>\n<\/div><\/figure>\n\n\n\n<p>Zapraszamy!<\/p>\n<p>\u00a0<\/p>\n","protected":false},"excerpt":{"rendered":"","protected":false},"author":20,"featured_media":61210,"comment_status":"closed","ping_status":"closed","sticky":false,"template":"","format":"standard","meta":{"_tec_requires_first_save":true,"_crdt_document":"","pgc_sgb_lightbox_settings":"","_EventAllDay":false,"_EventTimezone":"","_EventStartDate":"","_EventEndDate":"","_EventStartDateUTC":"","_EventEndDateUTC":"","_EventShowMap":false,"_EventShowMapLink":false,"_EventURL":"","_EventCost":"","_EventCostDescription":"","_EventCurrencySymbol":"","_EventCurrencyCode":"","_EventCurrencyPosition":"","_EventDateTimeSeparator":"","_EventTimeRangeSeparator":"","_EventOrganizerID":[],"_EventVenueID":[],"_OrganizerEmail":"","_OrganizerPhone":"","_OrganizerWebsite":"","_VenueAddress":"","_VenueCity":"","_VenueCountry":"","_VenueProvince":"","_VenueState":"","_VenueZip":"","_VenuePhone":"","_VenueURL":"","_VenueStateProvince":"","_VenueLat":"","_VenueLng":"","_VenueShowMap":false,"_VenueShowMapLink":false,"_tribe_blocks_recurrence_rules":"","_tribe_blocks_recurrence_description":"","_tribe_blocks_recurrence_exclusions":"","footnotes":""},"categories":[638,10],"tags":[],"class_list":["post-61209","post","type-post","status-publish","format-standard","has-post-thumbnail","hentry","category-poranek-u-hieronima","category-aktualnosci"],"publishpress_future_action":{"enabled":false,"date":"2026-05-06 15:55:22","action":"change-status","newStatus":"draft","terms":[],"taxonomy":"category","extraData":[]},"publishpress_future_workflow_manual_trigger":{"enabledWorkflows":[]},"_links":{"self":[{"href":"https:\/\/wbp.lublin.pl\/index.php\/wp-json\/wp\/v2\/posts\/61209","targetHints":{"allow":["GET"]}}],"collection":[{"href":"https:\/\/wbp.lublin.pl\/index.php\/wp-json\/wp\/v2\/posts"}],"about":[{"href":"https:\/\/wbp.lublin.pl\/index.php\/wp-json\/wp\/v2\/types\/post"}],"author":[{"embeddable":true,"href":"https:\/\/wbp.lublin.pl\/index.php\/wp-json\/wp\/v2\/users\/20"}],"replies":[{"embeddable":true,"href":"https:\/\/wbp.lublin.pl\/index.php\/wp-json\/wp\/v2\/comments?post=61209"}],"version-history":[{"count":2,"href":"https:\/\/wbp.lublin.pl\/index.php\/wp-json\/wp\/v2\/posts\/61209\/revisions"}],"predecessor-version":[{"id":78271,"href":"https:\/\/wbp.lublin.pl\/index.php\/wp-json\/wp\/v2\/posts\/61209\/revisions\/78271"}],"wp:featuredmedia":[{"embeddable":true,"href":"https:\/\/wbp.lublin.pl\/index.php\/wp-json\/wp\/v2\/media\/61210"}],"wp:attachment":[{"href":"https:\/\/wbp.lublin.pl\/index.php\/wp-json\/wp\/v2\/media?parent=61209"}],"wp:term":[{"taxonomy":"category","embeddable":true,"href":"https:\/\/wbp.lublin.pl\/index.php\/wp-json\/wp\/v2\/categories?post=61209"},{"taxonomy":"post_tag","embeddable":true,"href":"https:\/\/wbp.lublin.pl\/index.php\/wp-json\/wp\/v2\/tags?post=61209"}],"curies":[{"name":"wp","href":"https:\/\/api.w.org\/{rel}","templated":true}]}}