{"id":61327,"date":"2024-08-12T13:57:05","date_gmt":"2024-08-12T11:57:05","guid":{"rendered":"https:\/\/wbp.lublin.pl\/?p=61327"},"modified":"2024-08-13T03:03:10","modified_gmt":"2024-08-13T01:03:10","slug":"wizyta-jerzego-jerryego-baryckiego","status":"publish","type":"post","link":"https:\/\/wbp.lublin.pl\/index.php\/2024\/08\/12\/wizyta-jerzego-jerryego-baryckiego\/","title":{"rendered":"Wizyta Jerzego (Jerry&#8217;ego) Baryckiego"},"content":{"rendered":"\n<!--more-->\n\n\n\n\n\n<p class=\"wp-block-paragraph\">12 sierpnia 2024 r. nasz\u0105 Bibliotek\u0119 odwiedzi\u0142 <strong>Jerzy (Jerry) Barycki <\/strong>\u2013 polonijny dzia\u0142acz spo\u0142eczny, wsp\u00f3\u0142za\u0142o\u017cyciel i prezes Kongresu Polonii Kanadyjskiej oraz przedstawiciel Polsko-Kanadyjskiego Stowarzyszenia Biznesmen\u00f3w i Profesjonalist\u00f3w w Windsorze. Najwa\u017cniejszymi tematami spotkania by\u0142y: podpisanie umowy o wsp\u00f3\u0142pracy Wojew\u00f3dzkiej Biblioteki Publicznej im. Hieronima \u0141opaci\u0144skiego w Lublinie z Bibliotekami w kanadyjskim Windsor. Drugim tematem by\u0142a wsp\u00f3lna wystawa dotycz\u0105ca los\u00f3w lublinianki &#8211; Etli Wolberg, wi\u0119\u017aniarki obozu na Majdanku, kt\u00f3ra dzi\u0119ki pomocy rodziny Sielskich z Lublina, prze\u017cy\u0142a okupacj\u0119 hitlerowsk\u0105.<\/p>\n\n\n\n\n\n<figure class=\"wp-block-gallery aligncenter has-nested-images columns-default is-cropped wp-block-gallery-1 is-layout-flex wp-block-gallery-is-layout-flex\">\n<figure class=\"wp-block-image size-large\"><a href=\"https:\/\/wbp.lublin.pl\/wp-content\/uploads\/2024\/08\/DSC_7739-scaled.avif\"><img data-dominant-color=\"977f6b\" data-has-transparency=\"false\" style=\"--dominant-color: #977f6b;\" decoding=\"async\" sizes=\"(max-width: 1618px) 100vw, 1618px\" data-id=\"61328\" src=\"https:\/\/wbp.lublin.pl\/wp-content\/uploads\/2024\/08\/DSC_7739-1618x1080.avif\" alt=\"\" class=\"wp-image-61328 not-transparent\"\/><\/a><figcaption class=\"wp-element-caption\"><strong>Jerzy (Jerry) Barycki<\/strong>, <strong>Ma\u0142gorzata Holec<\/strong> i <strong>Andrzej Rolla <\/strong>&#8211; Dyrektor Wojew\u00f3dzkiej Biblioteki Publicznej im. Hieronima \u0141opaci\u0144skiego<\/figcaption><\/figure>\n<\/figure>\n\n\n\n\n\n<figure class=\"wp-block-gallery aligncenter has-nested-images columns-default is-cropped wp-block-gallery-2 is-layout-flex wp-block-gallery-is-layout-flex\">\n<figure class=\"wp-block-image size-large\"><a href=\"https:\/\/wbp.lublin.pl\/wp-content\/uploads\/2024\/08\/DSC_7753-scaled.avif\"><img data-dominant-color=\"888185\" data-has-transparency=\"false\" style=\"--dominant-color: #888185;\" decoding=\"async\" sizes=\"(max-width: 899px) 100vw, 899px\" data-id=\"61329\" src=\"https:\/\/wbp.lublin.pl\/wp-content\/uploads\/2024\/08\/DSC_7753-899x1080.avif\" alt=\"\" class=\"wp-image-61329 not-transparent\"\/><\/a><figcaption class=\"wp-element-caption\"><strong>Jerzy (Jerry) Barycki<\/strong>, <strong>Ma\u0142gorzata Holec<\/strong> i <strong>Andrzej Rolla<\/strong> &#8211; Dyrektor Wojew\u00f3dzkiej Biblioteki Publicznej im. H. \u0141opaci\u0144skiego <\/figcaption><\/figure>\n<\/figure>\n\n\n\n<p class=\"wp-block-paragraph\">Fot. Maciej Koz\u0142owski<\/p>\n\n\n\n<p class=\"has-text-align-right wp-block-paragraph\"><em>Dzia\u0142 Informacji i Promocji <\/em><\/p>\n","protected":false},"excerpt":{"rendered":"","protected":false},"author":20,"featured_media":61329,"comment_status":"closed","ping_status":"closed","sticky":false,"template":"","format":"standard","meta":{"_tec_requires_first_save":true,"_crdt_document":"","pgc_sgb_lightbox_settings":"","_EventAllDay":false,"_EventTimezone":"","_EventStartDate":"","_EventEndDate":"","_EventStartDateUTC":"","_EventEndDateUTC":"","_EventShowMap":false,"_EventShowMapLink":false,"_EventURL":"","_EventCost":"","_EventCostDescription":"","_EventCurrencySymbol":"","_EventCurrencyCode":"","_EventCurrencyPosition":"","_EventDateTimeSeparator":"","_EventTimeRangeSeparator":"","_EventOrganizerID":[],"_EventVenueID":[],"_OrganizerEmail":"","_OrganizerPhone":"","_OrganizerWebsite":"","_VenueAddress":"","_VenueCity":"","_VenueCountry":"","_VenueProvince":"","_VenueState":"","_VenueZip":"","_VenuePhone":"","_VenueURL":"","_VenueStateProvince":"","_VenueLat":"","_VenueLng":"","_VenueShowMap":false,"_VenueShowMapLink":false,"_tribe_blocks_recurrence_rules":"","_tribe_blocks_recurrence_description":"","_tribe_blocks_recurrence_exclusions":"","footnotes":""},"categories":[10],"tags":[],"class_list":["post-61327","post","type-post","status-publish","format-standard","has-post-thumbnail","hentry","category-aktualnosci"],"publishpress_future_action":{"enabled":false,"date":"2026-05-06 17:30:26","action":"change-status","newStatus":"draft","terms":[],"taxonomy":"category","extraData":[]},"publishpress_future_workflow_manual_trigger":{"enabledWorkflows":[]},"_links":{"self":[{"href":"https:\/\/wbp.lublin.pl\/index.php\/wp-json\/wp\/v2\/posts\/61327","targetHints":{"allow":["GET"]}}],"collection":[{"href":"https:\/\/wbp.lublin.pl\/index.php\/wp-json\/wp\/v2\/posts"}],"about":[{"href":"https:\/\/wbp.lublin.pl\/index.php\/wp-json\/wp\/v2\/types\/post"}],"author":[{"embeddable":true,"href":"https:\/\/wbp.lublin.pl\/index.php\/wp-json\/wp\/v2\/users\/20"}],"replies":[{"embeddable":true,"href":"https:\/\/wbp.lublin.pl\/index.php\/wp-json\/wp\/v2\/comments?post=61327"}],"version-history":[{"count":3,"href":"https:\/\/wbp.lublin.pl\/index.php\/wp-json\/wp\/v2\/posts\/61327\/revisions"}],"predecessor-version":[{"id":61343,"href":"https:\/\/wbp.lublin.pl\/index.php\/wp-json\/wp\/v2\/posts\/61327\/revisions\/61343"}],"wp:featuredmedia":[{"embeddable":true,"href":"https:\/\/wbp.lublin.pl\/index.php\/wp-json\/wp\/v2\/media\/61329"}],"wp:attachment":[{"href":"https:\/\/wbp.lublin.pl\/index.php\/wp-json\/wp\/v2\/media?parent=61327"}],"wp:term":[{"taxonomy":"category","embeddable":true,"href":"https:\/\/wbp.lublin.pl\/index.php\/wp-json\/wp\/v2\/categories?post=61327"},{"taxonomy":"post_tag","embeddable":true,"href":"https:\/\/wbp.lublin.pl\/index.php\/wp-json\/wp\/v2\/tags?post=61327"}],"curies":[{"name":"wp","href":"https:\/\/api.w.org\/{rel}","templated":true}]}}