{"id":63337,"date":"2024-10-18T08:32:34","date_gmt":"2024-10-18T06:32:34","guid":{"rendered":"https:\/\/wbp.lublin.pl\/?p=63337"},"modified":"2024-11-19T21:56:56","modified_gmt":"2024-11-19T20:56:56","slug":"spotkanie-wokol-ksiazki-urszulanskie-gawedy-autorstwa-w-obiektywie","status":"publish","type":"post","link":"https:\/\/wbp.lublin.pl\/index.php\/2024\/10\/18\/spotkanie-wokol-ksiazki-urszulanskie-gawedy-autorstwa-w-obiektywie\/","title":{"rendered":"Spotkanie wok\u00f3\u0142 ksi\u0105\u017cki &#8222;Urszula\u0144skie Gaw\u0119dy\u00a0autorstwa&#8221; w obiektywie"},"content":{"rendered":"\n<!--more-->\n\n\n\n<p class=\"wp-block-paragraph\">15 pa\u017adziernika 2024 r. w Wojew\u00f3dzkiej Bibliotece publicznej im. Hieronima \u0141opaci\u0144skiego w Lublinie odby\u0142o si\u0119 spotkanie promocyjne wok\u00f3\u0142 ksi\u0105\u017cki <strong><em>Urszula\u0144skie Gaw\u0119dy&nbsp;<\/em>autorstwa Aleksandry Witkowskiej Osu.&nbsp;<\/strong>Wsp\u00f3\u0142organizatorem wydarzenia by\u0142o Wydawnictwo&nbsp;Archidiecezji Lubelskiej \u201eGaudium\u201d oraz Szko\u0142a Podstawowa Si\u00f3str Urszulanek UR w Lublinie.<\/p>\n\n\n\n<figure class=\"wp-block-gallery has-nested-images columns-2 is-cropped wp-block-gallery-1 is-layout-flex wp-block-gallery-is-layout-flex\">\n<figure class=\"wp-block-image size-large\"><a href=\"https:\/\/wbp.lublin.pl\/wp-content\/uploads\/2024\/10\/DSC_8720-scaled.avif\"><img data-dominant-color=\"716452\" data-has-transparency=\"false\" style=\"--dominant-color: #716452;\" decoding=\"async\" sizes=\"(max-width: 1618px) 100vw, 1618px\" data-id=\"63345\" src=\"https:\/\/wbp.lublin.pl\/wp-content\/uploads\/2024\/10\/DSC_8720-1618x1080.avif\" alt=\"\" class=\"wp-image-63345 not-transparent\"\/><\/a><\/figure>\n\n\n\n<figure class=\"wp-block-image size-large\"><a href=\"https:\/\/wbp.lublin.pl\/wp-content\/uploads\/2024\/10\/DSC_8709-scaled.avif\"><img data-dominant-color=\"847765\" data-has-transparency=\"false\" style=\"--dominant-color: #847765;\" decoding=\"async\" sizes=\"(max-width: 721px) 100vw, 721px\" data-id=\"63343\" src=\"https:\/\/wbp.lublin.pl\/wp-content\/uploads\/2024\/10\/DSC_8709-721x1080.avif\" alt=\"\" class=\"wp-image-63343 not-transparent\"\/><\/a><figcaption class=\"wp-element-caption\">Spotkanie prowadzi\u0142 Mateusz D\u0105browski (Szko\u0142a Podstawowa Si\u00f3str Urszulanek UR w Lublinie)<\/figcaption><\/figure>\n\n\n\n<figure class=\"wp-block-image size-large\"><a href=\"https:\/\/wbp.lublin.pl\/wp-content\/uploads\/2024\/10\/DSC_8716-scaled.avif\"><img data-dominant-color=\"796753\" data-has-transparency=\"false\" style=\"--dominant-color: #796753;\" decoding=\"async\" sizes=\"(max-width: 1618px) 100vw, 1618px\" data-id=\"63341\" src=\"https:\/\/wbp.lublin.pl\/wp-content\/uploads\/2024\/10\/DSC_8716-1618x1080.avif\" alt=\"\" class=\"wp-image-63341 not-transparent\"\/><\/a><figcaption class=\"wp-element-caption\">W spotkaniu uczestniczy\u0142 m.in. ks.&nbsp;kan.&nbsp;dr Marek Szyma\u0144ski &#8211; Dyrektor Wydawnictwa&nbsp;Archidiecezji Lubelskiej \u201eGaudium\u201d<\/figcaption><\/figure>\n\n\n\n<figure class=\"wp-block-image size-large\"><a href=\"https:\/\/wbp.lublin.pl\/wp-content\/uploads\/2024\/10\/DSC_8711-scaled.avif\"><img data-dominant-color=\"967f63\" data-has-transparency=\"false\" style=\"--dominant-color: #967f63;\" decoding=\"async\" sizes=\"(max-width: 1618px) 100vw, 1618px\" data-id=\"63344\" src=\"https:\/\/wbp.lublin.pl\/wp-content\/uploads\/2024\/10\/DSC_8711-1618x1080.avif\" alt=\"\" class=\"wp-image-63344 not-transparent\"\/><\/a><\/figure>\n\n\n\n<figure class=\"wp-block-image size-large\"><a href=\"https:\/\/wbp.lublin.pl\/wp-content\/uploads\/2024\/10\/DSC_8719-scaled.avif\"><img data-dominant-color=\"927a68\" data-has-transparency=\"false\" style=\"--dominant-color: #927a68;\" decoding=\"async\" sizes=\"(max-width: 1618px) 100vw, 1618px\" data-id=\"63342\" src=\"https:\/\/wbp.lublin.pl\/wp-content\/uploads\/2024\/10\/DSC_8719-1618x1080.avif\" alt=\"\" class=\"wp-image-63342 not-transparent\"\/><\/a><\/figure>\n\n\n\n<figure class=\"wp-block-image size-large\"><a href=\"https:\/\/wbp.lublin.pl\/wp-content\/uploads\/2024\/10\/DSC_8722-scaled.avif\"><img data-dominant-color=\"806f5c\" data-has-transparency=\"false\" style=\"--dominant-color: #806f5c;\" decoding=\"async\" sizes=\"(max-width: 1618px) 100vw, 1618px\" data-id=\"63347\" src=\"https:\/\/wbp.lublin.pl\/wp-content\/uploads\/2024\/10\/DSC_8722-1618x1080.avif\" alt=\"\" class=\"wp-image-63347 not-transparent\"\/><\/a><\/figure>\n\n\n\n<figure class=\"wp-block-image size-large\"><a href=\"https:\/\/wbp.lublin.pl\/wp-content\/uploads\/2024\/10\/DSC_8737-scaled.avif\"><img data-dominant-color=\"887a5c\" data-has-transparency=\"false\" style=\"--dominant-color: #887a5c;\" decoding=\"async\" sizes=\"(max-width: 721px) 100vw, 721px\" data-id=\"63356\" src=\"https:\/\/wbp.lublin.pl\/wp-content\/uploads\/2024\/10\/DSC_8737-721x1080.avif\" alt=\"\" class=\"wp-image-63356 not-transparent\"\/><\/a><figcaption class=\"wp-element-caption\">S\u0142owo o historii kompleksu ko\u015bcielno-klasztornego przy ul. Gabriela Narutowicza wyg\u0142osi\u0142 dr hab. Jacek Chachaj, prof. KUL<\/figcaption><\/figure>\n\n\n\n<figure class=\"wp-block-image size-large\"><a href=\"https:\/\/wbp.lublin.pl\/wp-content\/uploads\/2024\/10\/DSC_8767-scaled.avif\"><img data-dominant-color=\"857363\" data-has-transparency=\"false\" style=\"--dominant-color: #857363;\" decoding=\"async\" sizes=\"(max-width: 721px) 100vw, 721px\" data-id=\"63375\" src=\"https:\/\/wbp.lublin.pl\/wp-content\/uploads\/2024\/10\/DSC_8767-721x1080.avif\" alt=\"\" class=\"wp-image-63375 not-transparent\"\/><\/a><figcaption class=\"wp-element-caption\">S. Iwona Naglik Osu wyg\u0142osi\u0142a s\u0142owo o historii szko\u0142y<\/figcaption><\/figure>\n\n\n\n<figure class=\"wp-block-image size-large\"><a href=\"https:\/\/wbp.lublin.pl\/wp-content\/uploads\/2024\/10\/DSC_8731-scaled.avif\"><img data-dominant-color=\"8e7b61\" data-has-transparency=\"false\" style=\"--dominant-color: #8e7b61;\" decoding=\"async\" sizes=\"(max-width: 721px) 100vw, 721px\" data-id=\"63351\" src=\"https:\/\/wbp.lublin.pl\/wp-content\/uploads\/2024\/10\/DSC_8731-721x1080.avif\" alt=\"\" class=\"wp-image-63351 not-transparent\"\/><\/a><figcaption class=\"wp-element-caption\">Fragmenty gaw\u0119d przeczytali uczennice i uczniowie szko\u0142y<\/figcaption><\/figure>\n\n\n\n<figure class=\"wp-block-image size-large\"><a href=\"https:\/\/wbp.lublin.pl\/wp-content\/uploads\/2024\/10\/DSC_8733-scaled.avif\"><img data-dominant-color=\"837260\" data-has-transparency=\"false\" style=\"--dominant-color: #837260;\" decoding=\"async\" sizes=\"(max-width: 721px) 100vw, 721px\" data-id=\"63353\" src=\"https:\/\/wbp.lublin.pl\/wp-content\/uploads\/2024\/10\/DSC_8733-721x1080.avif\" alt=\"\" class=\"wp-image-63353 not-transparent\"\/><\/a><figcaption class=\"wp-element-caption\">Fragmenty gaw\u0119d przeczytali  uczniowie szko\u0142y<\/figcaption><\/figure>\n\n\n\n<figure class=\"wp-block-image size-large\"><a href=\"https:\/\/wbp.lublin.pl\/wp-content\/uploads\/2024\/10\/DSC_8763-scaled.avif\"><img data-dominant-color=\"7f726b\" data-has-transparency=\"false\" style=\"--dominant-color: #7f726b;\" decoding=\"async\" sizes=\"(max-width: 721px) 100vw, 721px\" data-id=\"63372\" src=\"https:\/\/wbp.lublin.pl\/wp-content\/uploads\/2024\/10\/DSC_8763-721x1080.avif\" alt=\"\" class=\"wp-image-63372 not-transparent\"\/><\/a><figcaption class=\"wp-element-caption\">Fragmenty gaw\u0119d przeczytali uczniowie szko\u0142y<\/figcaption><\/figure>\n\n\n\n<figure class=\"wp-block-image size-large\"><a href=\"https:\/\/wbp.lublin.pl\/wp-content\/uploads\/2024\/10\/DSC_8744-scaled.avif\"><img data-dominant-color=\"836d61\" data-has-transparency=\"false\" style=\"--dominant-color: #836d61;\" decoding=\"async\" sizes=\"(max-width: 1618px) 100vw, 1618px\" data-id=\"63360\" src=\"https:\/\/wbp.lublin.pl\/wp-content\/uploads\/2024\/10\/DSC_8744-1618x1080.avif\" alt=\"\" class=\"wp-image-63360 not-transparent\"\/><\/a><figcaption class=\"wp-element-caption\">Oprawa artystyczna w wykonaniu uczni\u00f3w szko\u0142y <\/figcaption><\/figure>\n\n\n\n<figure class=\"wp-block-image size-large\"><a href=\"https:\/\/wbp.lublin.pl\/wp-content\/uploads\/2024\/10\/DSC_8746-scaled.avif\"><img data-dominant-color=\"927a63\" data-has-transparency=\"false\" style=\"--dominant-color: #927a63;\" decoding=\"async\" sizes=\"(max-width: 1618px) 100vw, 1618px\" data-id=\"63359\" src=\"https:\/\/wbp.lublin.pl\/wp-content\/uploads\/2024\/10\/DSC_8746-1618x1080.avif\" alt=\"\" class=\"wp-image-63359 not-transparent\"\/><\/a><\/figure>\n\n\n\n<figure class=\"wp-block-image size-large\"><a href=\"https:\/\/wbp.lublin.pl\/wp-content\/uploads\/2024\/10\/DSC_8747-scaled.avif\"><img data-dominant-color=\"7a6252\" data-has-transparency=\"false\" style=\"--dominant-color: #7a6252;\" decoding=\"async\" sizes=\"(max-width: 1618px) 100vw, 1618px\" data-id=\"63361\" src=\"https:\/\/wbp.lublin.pl\/wp-content\/uploads\/2024\/10\/DSC_8747-1618x1080.avif\" alt=\"\" class=\"wp-image-63361 not-transparent\"\/><\/a><\/figure>\n\n\n\n<figure class=\"wp-block-image size-large\"><a href=\"https:\/\/wbp.lublin.pl\/wp-content\/uploads\/2024\/10\/DSC_8753-scaled.avif\"><img data-dominant-color=\"685c64\" data-has-transparency=\"false\" style=\"--dominant-color: #685c64;\" decoding=\"async\" sizes=\"(max-width: 1618px) 100vw, 1618px\" data-id=\"63364\" src=\"https:\/\/wbp.lublin.pl\/wp-content\/uploads\/2024\/10\/DSC_8753-1618x1080.avif\" alt=\"\" class=\"wp-image-63364 not-transparent\"\/><\/a><\/figure>\n\n\n\n<figure class=\"wp-block-image size-large\"><a href=\"https:\/\/wbp.lublin.pl\/wp-content\/uploads\/2024\/10\/DSC_8755-scaled.avif\"><img data-dominant-color=\"735c3a\" data-has-transparency=\"false\" style=\"--dominant-color: #735c3a;\" decoding=\"async\" sizes=\"(max-width: 1618px) 100vw, 1618px\" data-id=\"63366\" src=\"https:\/\/wbp.lublin.pl\/wp-content\/uploads\/2024\/10\/DSC_8755-1618x1080.avif\" alt=\"\" class=\"wp-image-63366 not-transparent\"\/><\/a><\/figure>\n\n\n\n<figure class=\"wp-block-image size-large\"><a href=\"https:\/\/wbp.lublin.pl\/wp-content\/uploads\/2024\/10\/DSC_8758-scaled.avif\"><img data-dominant-color=\"877271\" data-has-transparency=\"false\" style=\"--dominant-color: #877271;\" decoding=\"async\" sizes=\"(max-width: 721px) 100vw, 721px\" data-id=\"63368\" src=\"https:\/\/wbp.lublin.pl\/wp-content\/uploads\/2024\/10\/DSC_8758-721x1080.avif\" alt=\"\" class=\"wp-image-63368 not-transparent\"\/><\/a><\/figure>\n\n\n\n<figure class=\"wp-block-image size-large\"><a href=\"https:\/\/wbp.lublin.pl\/wp-content\/uploads\/2024\/10\/DSC_8769-scaled.avif\"><img data-dominant-color=\"655a53\" data-has-transparency=\"false\" style=\"--dominant-color: #655a53;\" decoding=\"async\" sizes=\"(max-width: 527px) 100vw, 527px\" data-id=\"63376\" src=\"https:\/\/wbp.lublin.pl\/wp-content\/uploads\/2024\/10\/DSC_8769-527x1080.avif\" alt=\"\" class=\"wp-image-63376 not-transparent\"\/><\/a><figcaption class=\"wp-element-caption\">S. Arleta Duszy\u0144ska OSU &#8211; Dyrektor Szko\u0142y Podstawowej Si\u00f3str Urszulanek UR w Lublinie<\/figcaption><\/figure>\n\n\n\n<figure class=\"wp-block-image size-large\"><a href=\"https:\/\/wbp.lublin.pl\/wp-content\/uploads\/2024\/10\/DSC_8736-scaled.avif\"><img data-dominant-color=\"7d6d5e\" data-has-transparency=\"false\" style=\"--dominant-color: #7d6d5e;\" decoding=\"async\" sizes=\"(max-width: 1618px) 100vw, 1618px\" data-id=\"63355\" src=\"https:\/\/wbp.lublin.pl\/wp-content\/uploads\/2024\/10\/DSC_8736-1618x1080.avif\" alt=\"\" class=\"wp-image-63355 not-transparent\"\/><\/a><\/figure>\n\n\n\n<figure class=\"wp-block-image size-large\"><a href=\"https:\/\/wbp.lublin.pl\/wp-content\/uploads\/2024\/10\/DSC_8713-scaled.avif\"><img data-dominant-color=\"54463c\" data-has-transparency=\"false\" style=\"--dominant-color: #54463c;\" decoding=\"async\" sizes=\"(max-width: 721px) 100vw, 721px\" data-id=\"63340\" src=\"https:\/\/wbp.lublin.pl\/wp-content\/uploads\/2024\/10\/DSC_8713-721x1080.avif\" alt=\"\" class=\"wp-image-63340 not-transparent\"\/><\/a><\/figure>\n\n\n\n<figure class=\"wp-block-image size-large\"><a href=\"https:\/\/wbp.lublin.pl\/wp-content\/uploads\/2024\/10\/DSC_8721-scaled.avif\"><img data-dominant-color=\"94735a\" data-has-transparency=\"false\" style=\"--dominant-color: #94735a;\" decoding=\"async\" sizes=\"(max-width: 1244px) 100vw, 1244px\" data-id=\"63346\" src=\"https:\/\/wbp.lublin.pl\/wp-content\/uploads\/2024\/10\/DSC_8721-1244x1080.avif\" alt=\"\" class=\"wp-image-63346 not-transparent\"\/><\/a><\/figure>\n<\/figure>\n\n\n\n<p class=\"wp-block-paragraph\">Fot. Maciej Koz\u0142owski<\/p>\n\n\n\n<p class=\"has-text-align-right wp-block-paragraph\"><em>Dzia\u0142 Informacji i Promocji<\/em><\/p>\n","protected":false},"excerpt":{"rendered":"","protected":false},"author":21,"featured_media":63346,"comment_status":"closed","ping_status":"closed","sticky":false,"template":"","format":"standard","meta":{"_tec_requires_first_save":true,"_crdt_document":"","pgc_sgb_lightbox_settings":"","_EventAllDay":false,"_EventTimezone":"","_EventStartDate":"","_EventEndDate":"","_EventStartDateUTC":"","_EventEndDateUTC":"","_EventShowMap":false,"_EventShowMapLink":false,"_EventURL":"","_EventCost":"","_EventCostDescription":"","_EventCurrencySymbol":"","_EventCurrencyCode":"","_EventCurrencyPosition":"","_EventDateTimeSeparator":"","_EventTimeRangeSeparator":"","_EventOrganizerID":[],"_EventVenueID":[],"_OrganizerEmail":"","_OrganizerPhone":"","_OrganizerWebsite":"","_VenueAddress":"","_VenueCity":"","_VenueCountry":"","_VenueProvince":"","_VenueState":"","_VenueZip":"","_VenuePhone":"","_VenueURL":"","_VenueStateProvince":"","_VenueLat":"","_VenueLng":"","_VenueShowMap":false,"_VenueShowMapLink":false,"_tribe_blocks_recurrence_rules":"","_tribe_blocks_recurrence_description":"","_tribe_blocks_recurrence_exclusions":"","footnotes":""},"categories":[537,540,10,54],"tags":[],"class_list":["post-63337","post","type-post","status-publish","format-standard","has-post-thumbnail","hentry","category-archiwum-wydarzen","category-spotkania-autorskie-w-obiektywie","category-aktualnosci","category-spotkania"],"publishpress_future_action":{"enabled":false,"date":"2026-05-06 17:29:18","action":"change-status","newStatus":"draft","terms":[],"taxonomy":"category","extraData":[]},"publishpress_future_workflow_manual_trigger":{"enabledWorkflows":[]},"_links":{"self":[{"href":"https:\/\/wbp.lublin.pl\/index.php\/wp-json\/wp\/v2\/posts\/63337","targetHints":{"allow":["GET"]}}],"collection":[{"href":"https:\/\/wbp.lublin.pl\/index.php\/wp-json\/wp\/v2\/posts"}],"about":[{"href":"https:\/\/wbp.lublin.pl\/index.php\/wp-json\/wp\/v2\/types\/post"}],"author":[{"embeddable":true,"href":"https:\/\/wbp.lublin.pl\/index.php\/wp-json\/wp\/v2\/users\/21"}],"replies":[{"embeddable":true,"href":"https:\/\/wbp.lublin.pl\/index.php\/wp-json\/wp\/v2\/comments?post=63337"}],"version-history":[{"count":13,"href":"https:\/\/wbp.lublin.pl\/index.php\/wp-json\/wp\/v2\/posts\/63337\/revisions"}],"predecessor-version":[{"id":63473,"href":"https:\/\/wbp.lublin.pl\/index.php\/wp-json\/wp\/v2\/posts\/63337\/revisions\/63473"}],"wp:featuredmedia":[{"embeddable":true,"href":"https:\/\/wbp.lublin.pl\/index.php\/wp-json\/wp\/v2\/media\/63346"}],"wp:attachment":[{"href":"https:\/\/wbp.lublin.pl\/index.php\/wp-json\/wp\/v2\/media?parent=63337"}],"wp:term":[{"taxonomy":"category","embeddable":true,"href":"https:\/\/wbp.lublin.pl\/index.php\/wp-json\/wp\/v2\/categories?post=63337"},{"taxonomy":"post_tag","embeddable":true,"href":"https:\/\/wbp.lublin.pl\/index.php\/wp-json\/wp\/v2\/tags?post=63337"}],"curies":[{"name":"wp","href":"https:\/\/api.w.org\/{rel}","templated":true}]}}