{"id":63567,"date":"2024-10-21T13:25:53","date_gmt":"2024-10-21T11:25:53","guid":{"rendered":"https:\/\/wbp.lublin.pl\/?p=63567"},"modified":"2024-10-29T22:33:57","modified_gmt":"2024-10-29T21:33:57","slug":"poranek-u-hieronima-odc-223","status":"publish","type":"post","link":"https:\/\/wbp.lublin.pl\/index.php\/2024\/10\/21\/poranek-u-hieronima-odc-223\/","title":{"rendered":"Poranek u Hieronima odc. 223"},"content":{"rendered":"\n<!--more-->\n\n\n\n\n<div class=\"wp-block-image\">\n<figure class=\"aligncenter size-full is-resized\"><img data-dominant-color=\"bcb2a6\" data-has-transparency=\"false\" decoding=\"async\" sizes=\"(max-width: 940px) 100vw, 940px\" src=\"https:\/\/wbp.lublin.pl\/wp-content\/uploads\/2024\/10\/Poranek_44-jpg.avif\" alt=\"\" class=\"wp-image-63568 not-transparent\" style=\"--dominant-color: #bcb2a6; width:649px;height:auto\"\/><\/figure>\n<\/div>\n\n\n<p class=\"wp-block-paragraph\">Na chwil\u0119 przed wernisa\u017cem dwudziestej trzeciej wystawy tw\u00f3rczo\u015bci plastycznej podopiecznych Specjalnego O\u015brodka Szkolno-Wychowawczego nr 2 w Lublinie porozmawiamy z <strong>Iwon\u0105 Lal <\/strong>\u2013 Dyrektor SOSW, <strong>Jolant\u0105 Grabczak<\/strong> \u2013 pedagogiem i <strong>Mart\u0105 Lipi\u0144sk\u0105-Wa\u0142dowsk\u0105<\/strong> \u2013 wieloletni\u0105 nauczycielk\u0105 O\u015brodka. Jakie znaczenie ma tw\u00f3rczo\u015b\u0107 plastyczna w edukacji dzieci i m\u0142odzie\u017cy z niepe\u0142nosprawno\u015bci\u0105 intelektualn\u0105 i jak wa\u017cne jest dla nich \u017cyczliwe przyj\u0119cie przez otaczaj\u0105cy \u015bwiat \u2013 m.in. o to zapytamy w programie.  Rozmow\u0119 poprowadzi Dorota Mo\u015bcibrodzka<\/p>\n\n\n\n<p class=\"wp-block-paragraph\"><\/p>\n\n\n\n<figure class=\"wp-block-embed aligncenter is-type-wp-embed is-provider-wojew-dzka-biblioteka-publiczna-im-hieronima-opaci-skiego-w-lublinie wp-block-embed-wojew-dzka-biblioteka-publiczna-im-hieronima-opaci-skiego-w-lublinie\"><div class=\"wp-block-embed__wrapper\">\nhttps:\/\/wbp.lublin.pl\/index.php\/2024\/10\/18\/wystawa-lubelskie-dawniej-i-dzis\n<\/div><\/figure>\n\n\n\n<p class=\"wp-block-paragraph\">&#8222;Poranek u Hieronima&#8221; jest emitowany na fb Biblioteki w ka\u017cd\u0105 \u015brod\u0119 o godz. 10.00<\/p>\n\n\n\n<p style=\"text-align: center;\"><strong>ZAPRASZAMY!<\/strong><\/p>\n\n\n\n<p class=\"has-text-align-right wp-block-paragraph\"><em>Dzia\u0142 Informacji i Promocji<\/em><\/p>\n","protected":false},"excerpt":{"rendered":"","protected":false},"author":20,"featured_media":63568,"comment_status":"closed","ping_status":"closed","sticky":false,"template":"","format":"standard","meta":{"_tec_requires_first_save":true,"_crdt_document":"","pgc_sgb_lightbox_settings":"","_EventAllDay":false,"_EventTimezone":"","_EventStartDate":"","_EventEndDate":"","_EventStartDateUTC":"","_EventEndDateUTC":"","_EventShowMap":false,"_EventShowMapLink":false,"_EventURL":"","_EventCost":"","_EventCostDescription":"","_EventCurrencySymbol":"","_EventCurrencyCode":"","_EventCurrencyPosition":"","_EventDateTimeSeparator":"","_EventTimeRangeSeparator":"","_EventOrganizerID":[],"_EventVenueID":[],"_OrganizerEmail":"","_OrganizerPhone":"","_OrganizerWebsite":"","_VenueAddress":"","_VenueCity":"","_VenueCountry":"","_VenueProvince":"","_VenueState":"","_VenueZip":"","_VenuePhone":"","_VenueURL":"","_VenueStateProvince":"","_VenueLat":"","_VenueLng":"","_VenueShowMap":false,"_VenueShowMapLink":false,"_tribe_blocks_recurrence_rules":"","_tribe_blocks_recurrence_description":"","_tribe_blocks_recurrence_exclusions":"","footnotes":""},"categories":[10],"tags":[],"class_list":["post-63567","post","type-post","status-publish","format-standard","has-post-thumbnail","hentry","category-aktualnosci"],"publishpress_future_action":{"enabled":false,"date":"2026-05-04 06:34:31","action":"change-status","newStatus":"draft","terms":[],"taxonomy":"category","extraData":[]},"publishpress_future_workflow_manual_trigger":{"enabledWorkflows":[]},"_links":{"self":[{"href":"https:\/\/wbp.lublin.pl\/index.php\/wp-json\/wp\/v2\/posts\/63567","targetHints":{"allow":["GET"]}}],"collection":[{"href":"https:\/\/wbp.lublin.pl\/index.php\/wp-json\/wp\/v2\/posts"}],"about":[{"href":"https:\/\/wbp.lublin.pl\/index.php\/wp-json\/wp\/v2\/types\/post"}],"author":[{"embeddable":true,"href":"https:\/\/wbp.lublin.pl\/index.php\/wp-json\/wp\/v2\/users\/20"}],"replies":[{"embeddable":true,"href":"https:\/\/wbp.lublin.pl\/index.php\/wp-json\/wp\/v2\/comments?post=63567"}],"version-history":[{"count":3,"href":"https:\/\/wbp.lublin.pl\/index.php\/wp-json\/wp\/v2\/posts\/63567\/revisions"}],"predecessor-version":[{"id":63870,"href":"https:\/\/wbp.lublin.pl\/index.php\/wp-json\/wp\/v2\/posts\/63567\/revisions\/63870"}],"wp:featuredmedia":[{"embeddable":true,"href":"https:\/\/wbp.lublin.pl\/index.php\/wp-json\/wp\/v2\/media\/63568"}],"wp:attachment":[{"href":"https:\/\/wbp.lublin.pl\/index.php\/wp-json\/wp\/v2\/media?parent=63567"}],"wp:term":[{"taxonomy":"category","embeddable":true,"href":"https:\/\/wbp.lublin.pl\/index.php\/wp-json\/wp\/v2\/categories?post=63567"},{"taxonomy":"post_tag","embeddable":true,"href":"https:\/\/wbp.lublin.pl\/index.php\/wp-json\/wp\/v2\/tags?post=63567"}],"curies":[{"name":"wp","href":"https:\/\/api.w.org\/{rel}","templated":true}]}}