{"id":63882,"date":"2024-10-30T10:33:20","date_gmt":"2024-10-30T09:33:20","guid":{"rendered":"https:\/\/wbp.lublin.pl\/?p=63882"},"modified":"2024-11-06T14:15:45","modified_gmt":"2024-11-06T13:15:45","slug":"zmarl-jerzy-gajewski","status":"publish","type":"post","link":"https:\/\/wbp.lublin.pl\/index.php\/2024\/10\/30\/zmarl-jerzy-gajewski\/","title":{"rendered":"Zmar\u0142 Jerzy Gajewski"},"content":{"rendered":"\n<!--more-->\n\n\n\n<p class=\"has-text-align-center wp-block-paragraph\">&nbsp;Z ogromnym smutkiem i \u017calem przyj\u0119li\u015bmy wiadomo\u015b\u0107 o \u015bmierci<br>w dniu 29 pa\u017adziernika 2024 roku<br><strong>\u015bp. Jerzego Gajewskiego<\/strong>&nbsp;(20 XI 1935 \u2013 29 X 2024)<br>emerytowanego instruktora, starszego kustosza<br>Wojew\u00f3dzkiej Biblioteki Publicznej im. Hieronima \u0141opaci\u0144skiego w Lublinie<br>wieloletniego kierownika Dzia\u0142u Instrukcyjno-Metodycznego<br>wychowawcy wielu pokole\u0144 bibliotekarzy<\/p>\n\n\n<div class=\"wp-block-image\">\n<figure class=\"aligncenter size-large is-resized\"><img data-dominant-color=\"5f5f5f\" data-has-transparency=\"false\" loading=\"lazy\" decoding=\"async\" width=\"869\" height=\"1080\" sizes=\"auto, (max-width: 869px) 100vw, 869px\" src=\"https:\/\/wbp.lublin.pl\/wp-content\/uploads\/2024\/10\/gajewski2-869x1080.webp\" alt=\"\" class=\"wp-image-63887 not-transparent\" style=\"--dominant-color: #5f5f5f; width:503px;height:auto\" srcset=\"https:\/\/wbp.lublin.pl\/wp-content\/uploads\/2024\/10\/gajewski2-869x1080.webp 869w, https:\/\/wbp.lublin.pl\/wp-content\/uploads\/2024\/10\/gajewski2-483x600.webp 483w, https:\/\/wbp.lublin.pl\/wp-content\/uploads\/2024\/10\/gajewski2-322x400.webp 322w, https:\/\/wbp.lublin.pl\/wp-content\/uploads\/2024\/10\/gajewski2-768x954.webp 768w, https:\/\/wbp.lublin.pl\/wp-content\/uploads\/2024\/10\/gajewski2-1237x1536.webp 1237w, https:\/\/wbp.lublin.pl\/wp-content\/uploads\/2024\/10\/gajewski2-1649x2048.webp 1649w, https:\/\/wbp.lublin.pl\/wp-content\/uploads\/2024\/10\/gajewski2-947x1176.webp 947w, https:\/\/wbp.lublin.pl\/wp-content\/uploads\/2024\/10\/gajewski2-624x775.webp 624w, https:\/\/wbp.lublin.pl\/wp-content\/uploads\/2024\/10\/gajewski2.webp 1656w\" \/><figcaption class=\"wp-element-caption\">Fot. Pawe\u0142 D. Znamierowski<\/figcaption><\/figure>\n<\/div>\n\n\n<p class=\"has-text-align-center wp-block-paragraph\">\u017bonie oraz Dzieciom wraz z Rodzinami<br>wyrazy najg\u0142\u0119bszego wsp\u00f3\u0142czucia<br>sk\u0142adaj\u0105<br>Dyrektor i Pracownicy<\/p>\n\n\n\n<p class=\"has-text-align-center wp-block-paragraph\">Wojew\u00f3dzkiej Biblioteki Publicznej im. Hieronima \u0141opaci\u0144skiego w Lublinie<\/p>\n\n\n\n<p class=\"wp-block-paragraph\">Uroczysto\u015bci pogrzebowe odb\u0119d\u0105 si\u0119 <strong>6 listopada 2024 r. (\u015broda) o godz. 10.00 <\/strong>na Cmentarzu przy ul. Lipowej w Lublinie<\/p>\n\n\n\n\n\n<p class=\"has-text-align-center wp-block-paragraph\"><strong>JERZY &nbsp;GAJEWSKI<\/strong> (1935\u2013 2024)<\/p>\n\n\n\n<p class=\"wp-block-paragraph\">Urodzi\u0142 si\u0119 20 listopada 1935 r. w Chwa\u0142kach ko\u0142o Sandomierza, w rodzinie rolnik\u00f3w-sadownik\u00f3w Boles\u0142awa i Zofii z Bilskich.<\/p>\n\n\n\n<p class=\"wp-block-paragraph\">W okresie okupacji, razem z rodzicami, by\u0142 wysiedlony. Pr\u00f3bowa\u0142 w\u00f3wczas nauki na tajnych kompletach. Szko\u0142\u0119 podstawow\u0105, a p\u00f3\u017aniej m\u0119skie Liceum Og\u00f3lnokszta\u0142c\u0105ce (wsp\u00f3\u0142cze\u015bnie zosta\u0142a przywr\u00f3cona historyczna nazwa Collegium Gostomianum) uko\u0144czy\u0142 w Sandomierzu w 1955 r. Po maturze podj\u0105\u0142 studia na sekcji historii Wydzia\u0142u Nauk Humanistycznych KUL. Uko\u0144czy\u0142 je w 1960 r. na podstawie pracy magisterskiej zatytu\u0142owanej \u201ePo\u0142o\u017cenie gospodarcze ch\u0142op\u00f3w w kluczu zwierzynieckim d\u00f3br Ordynacji Zamojskiej w latach 1846\u20131864\u201d.<\/p>\n\n\n\n<p class=\"wp-block-paragraph\">Bezpo\u015brednio po studiach, od 15 wrze\u015bnia 1960 r., rozpocz\u0105\u0142 prac\u0119 w WiMBP im. Hieronima \u0141opaci\u0144skiego, w Dziale Instrukcyjno-Metodycznym. Ksi\u0105\u017cnicy i wybranemu dzia\u0142owi pozosta\u0142 wierny przez 52 lata.<\/p>\n\n\n\n<p class=\"wp-block-paragraph\">W latach 1961\u20131962 uko\u0144czy\u0142 korespondencyjny kurs bibliotekarski w Filii Lubelskiej POKKB, co da\u0142o mu wy\u017csze uprawnienia bibliotekarskie. Przez pierwszych 16 lat pe\u0142ni\u0142 funkcj\u0119 instruktora terenowego, opiekuj\u0105c si\u0119 bibliotekami 3 powiat\u00f3w (Be\u0142\u017cyce, Hrubiesz\u00f3w, Lubart\u00f3w). Specjalizowa\u0142 si\u0119 w organizacji pracy kulturalno-o\u015bwiatowej sieci wojew\u00f3dzkiej. By\u0142 organizatorem popularnych w latach 60. og\u00f3lnopolskich konkurs\u00f3w czytelniczych: \u201eZ\u0142oty K\u0142os dla Tw\u00f3rcy, Srebrne dla Czytelnik\u00f3w\u201d i \u201eBli\u017cej ksi\u0105\u017cki wsp\u00f3\u0142czesnej\u201d. W tym ostatnim, w nagrod\u0119 za efekty, uczestniczy\u0142 w wyje\u017adzie na W\u0119gry. Wsp\u00f3\u0142organizowa\u0142 wojew\u00f3dzkie akcje upowszechniania czytelnictwa, takie jak: \u201eTechnika w \u017cyciu codziennym\u201d oraz \u201eZdrowie i kultura podstaw\u0105 wsp\u00f3\u0142czesnej rodziny\u201d. By\u0142 te\u017c organizatorem licznych w latach 60. i 70. spotka\u0144 autorskich.<\/p>\n\n\n\n<p class=\"wp-block-paragraph\">Od l lipca 1976 r. zosta\u0142 kierownikiem Dzia\u0142u Instrukcyjno-Metodycznego i funkcj\u0119 t\u0119 pe\u0142ni\u0142 przez 36 lat, do 30 wrze\u015bnia 2012 r. Na ten okres przypada bezpo\u015brednia opieka WBP nad bibliotekami gminnymi w ramach \u201ema\u0142ego wojew\u00f3dztwa\u201d, jak r\u00f3wnie\u017c okres transformacji zwi\u0105zanej z powstaniem powiat\u00f3w i scalaniem sieci w ramach reaktywowanego \u201edu\u017cego wojew\u00f3dztwa\u201d.<\/p>\n\n\n\n<p class=\"wp-block-paragraph\">Wiod\u0105cym zadaniem instruktor\u00f3w by\u0142o utrzymanie dotychczasowego stanu sieci bibliotek stopnia podstawowego i ich filii oraz organizacja ogniwa po\u015bredniego \u2013 bibliotek powiatowych. Nie zaniedbywano r\u00f3wnie\u017c inicjatyw o\u015bwiatowych, w\u015br\u00f3d kt\u00f3rych by\u0142y mi\u0119dzy innymi: konkurs regionalistyczny \u201eKorzenie naszych rodzin\u201d, \u201ePami\u0119\u0107 przesz\u0142o\u015bci\u201d czy te\u017c ostatnia akcja \u201eWzorowa Biblioteka Wojew\u00f3dztwa\u201d.<\/p>\n\n\n\n<p class=\"wp-block-paragraph\">Jerzego Gajewskiego i koleg\u00f3w z Dzia\u0142u zas\u0142ug\u0105 by\u0142y bardzo dobre relacje z bibliotekami terenowymi oraz w\u0142adzami samorz\u0105dowymi. Wsp\u00f3\u0142pracowa\u0142 z wieloma instytucjami i organizacjami na rzecz umocnienia bibliotek oraz rozwoju czytelnictwa, g\u0142\u00f3wnie w \u015brodowiskach wiejskich. Na zlecenie Instytutu Ksi\u0105\u017cki i Czytelnictwa Biblioteki Narodowej prowadzi\u0142 badania zasi\u0119gu ksi\u0105\u017cki. By\u0142 prelegentem szkole\u0144 i konferencji.<\/p>\n\n\n\n<p class=\"wp-block-paragraph\">Jerzego Gajewskiego cechowa\u0142a d\u0105\u017cno\u015b\u0107 do poszukiwania nowych, doskonalszych metod i sposob\u00f3w pracy. Dawa\u0142 temu wyraz mi\u0119dzy innymi w pi\u015bmiennictwie fachowym. W latach 1976\u20132012 by\u0142 cz\u0142onkiem zespo\u0142u redakcyjnego \u201eBibliotekarza Lubelskiego\u201d, autorem corocznej \u201eKroniki\u201d. W latach 2002\u20132009 wsp\u00f3\u0142organizowa\u0142 z kolegami z Dzia\u0142u kwartalnik informacyjny \u201eDostrzegacz Biblioteczny\u201d. Przez 31 lat Jerzy Gajewski uczestniczy\u0142 jako nauczyciel przedmiotu \u201eKsi\u0105\u017cka i biblioteka w \u015brodowisku\u201d, w kszta\u0142towaniu licznych rzesz bibliotekarzy, w ramach Lubelskiej Filii Centrum Ustawicznego Kszta\u0142cenia Bibliotekarzy.<\/p>\n\n\n\n<p class=\"wp-block-paragraph\">W jego \u017cyciorys wpisana jest dzia\u0142alno\u015b\u0107 w Stowarzyszeniu Bibliotekarzy Polskich. Przez 4 kadencje, w latach 1984\u20131997, pe\u0142ni\u0142 funkcj\u0119 wiceprzewodnicz\u0105cego Zarz\u0105du Okr\u0119gu SBP, a w latach 1981\u20131985 by\u0142 cz\u0142onkiem Zarz\u0105du G\u0142\u00f3wnego. W \u015brodowisku zamieszkania (Wieniawa) by\u0142 dzia\u0142aczem sp\u00f3\u0142dzielni mieszkaniowej. Pe\u0142ni\u0142 funkcj\u0119 cz\u0142onka Rady Sp\u00f3\u0142dzielni, przewodnicz\u0105cego Komisji Rewizyjnej i cz\u0142onka Komisji Mieszkaniowej.<\/p>\n\n\n\n<p class=\"wp-block-paragraph\">Prywatnie \u2013 sta\u0142y czytelnik prasy, dzia\u0142kowiec i kibic sportowy.<\/p>\n\n\n\n<p class=\"wp-block-paragraph\">Za wk\u0142ad pracy zawodowej&nbsp; i spo\u0142ecznej&nbsp; by\u0142 wielokrotnie odznaczany i nagradzany. Posiada mi\u0119dzy innymi: odznak\u0119 Zas\u0142u\u017cony dla miasta Lublina (1987), Krzy\u017c Kawalerski Orderu Odrodzenia Polski (1990), Medal Komisji Edukacji Narodowej (1997), Br\u0105zowy Medal Zas\u0142u\u017cony Kulturze \u2013 Gloria Artis (2005).<\/p>\n\n\n\n<p class=\"wp-block-paragraph\">W 2002 r. by\u0142 laureatem Wojew\u00f3dzkiej Nagrody Kulturalnej, a w 2007 r. otrzyma\u0142 Odznak\u0119 Honorow\u0105 Zas\u0142u\u017cony dla Wojew\u00f3dztwa Lubelskiego.<\/p>\n\n\n\n<p class=\"wp-block-paragraph\">Zmar\u0142 29 pa\u017adziernika 2024 r. w Lublinie.<\/p>\n\n\n\n<p class=\"wp-block-paragraph\">Na podstawie <em>S\u0142ownik biograficzny bibliotekarzy Lubelszczyzny, <\/em>oprac. Jerzy Gajewski, Lublin 2015<\/p>\n\n\n\n<p class=\"wp-block-paragraph\">\u0179r\u00f3d\u0142a:<\/p>\n\n\n\n<p class=\"wp-block-paragraph\">Teczka osobowa Jerzego Gajewskiego. Archiwum WBP.<\/p>\n\n\n\n<p class=\"wp-block-paragraph\">Zofia Ciuru\u015b, Grzegorz Kornacki, <em>Jerzy Gajewski: 50 lat pracy w Bibliotece im. Hieronima \u0141opaci\u0144skiego<\/em>, Lublin 2010.<\/p>\n\n\n\n<p>Dzia\u0142 Instrukcyjno-Metodyczny WBP im. Hieronima \u0141opaci\u0144skiego w Lublinie w latach 1950\u20132007, Lublin 2008.<\/p>\n<p>&nbsp;<\/p>\n\n\n\n<p class=\"has-text-align-right wp-block-paragraph\"><em>Dzia\u0142 Instrukcyjno-Metodyczny<\/em><\/p>\n\n\n","protected":false},"excerpt":{"rendered":"","protected":false},"author":20,"featured_media":63883,"comment_status":"closed","ping_status":"closed","sticky":false,"template":"","format":"standard","meta":{"_tec_requires_first_save":true,"_crdt_document":"","pgc_sgb_lightbox_settings":"","_EventAllDay":false,"_EventTimezone":"","_EventStartDate":"","_EventEndDate":"","_EventStartDateUTC":"","_EventEndDateUTC":"","_EventShowMap":false,"_EventShowMapLink":false,"_EventURL":"","_EventCost":"","_EventCostDescription":"","_EventCurrencySymbol":"","_EventCurrencyCode":"","_EventCurrencyPosition":"","_EventDateTimeSeparator":"","_EventTimeRangeSeparator":"","_EventOrganizerID":[],"_EventVenueID":[],"_OrganizerEmail":"","_OrganizerPhone":"","_OrganizerWebsite":"","_VenueAddress":"","_VenueCity":"","_VenueCountry":"","_VenueProvince":"","_VenueState":"","_VenueZip":"","_VenuePhone":"","_VenueURL":"","_VenueStateProvince":"","_VenueLat":"","_VenueLng":"","_VenueShowMap":false,"_VenueShowMapLink":false,"_tribe_blocks_recurrence_rules":"","_tribe_blocks_recurrence_description":"","_tribe_blocks_recurrence_exclusions":"","footnotes":""},"categories":[10],"tags":[],"class_list":["post-63882","post","type-post","status-publish","format-standard","has-post-thumbnail","hentry","category-aktualnosci"],"publishpress_future_action":{"enabled":false,"date":"2026-05-04 05:20:27","action":"change-status","newStatus":"draft","terms":[],"taxonomy":"category","extraData":[]},"publishpress_future_workflow_manual_trigger":{"enabledWorkflows":[]},"_links":{"self":[{"href":"https:\/\/wbp.lublin.pl\/index.php\/wp-json\/wp\/v2\/posts\/63882","targetHints":{"allow":["GET"]}}],"collection":[{"href":"https:\/\/wbp.lublin.pl\/index.php\/wp-json\/wp\/v2\/posts"}],"about":[{"href":"https:\/\/wbp.lublin.pl\/index.php\/wp-json\/wp\/v2\/types\/post"}],"author":[{"embeddable":true,"href":"https:\/\/wbp.lublin.pl\/index.php\/wp-json\/wp\/v2\/users\/20"}],"replies":[{"embeddable":true,"href":"https:\/\/wbp.lublin.pl\/index.php\/wp-json\/wp\/v2\/comments?post=63882"}],"version-history":[{"count":8,"href":"https:\/\/wbp.lublin.pl\/index.php\/wp-json\/wp\/v2\/posts\/63882\/revisions"}],"predecessor-version":[{"id":63942,"href":"https:\/\/wbp.lublin.pl\/index.php\/wp-json\/wp\/v2\/posts\/63882\/revisions\/63942"}],"wp:featuredmedia":[{"embeddable":true,"href":"https:\/\/wbp.lublin.pl\/index.php\/wp-json\/wp\/v2\/media\/63883"}],"wp:attachment":[{"href":"https:\/\/wbp.lublin.pl\/index.php\/wp-json\/wp\/v2\/media?parent=63882"}],"wp:term":[{"taxonomy":"category","embeddable":true,"href":"https:\/\/wbp.lublin.pl\/index.php\/wp-json\/wp\/v2\/categories?post=63882"},{"taxonomy":"post_tag","embeddable":true,"href":"https:\/\/wbp.lublin.pl\/index.php\/wp-json\/wp\/v2\/tags?post=63882"}],"curies":[{"name":"wp","href":"https:\/\/api.w.org\/{rel}","templated":true}]}}