{"id":64159,"date":"2024-11-12T14:13:51","date_gmt":"2024-11-12T13:13:51","guid":{"rendered":"https:\/\/wbp.lublin.pl\/?p=64159"},"modified":"2026-01-24T14:09:13","modified_gmt":"2026-01-24T13:09:13","slug":"poranek-u-hieronima-odc-226","status":"publish","type":"post","link":"https:\/\/wbp.lublin.pl\/index.php\/2024\/11\/12\/poranek-u-hieronima-odc-226\/","title":{"rendered":"Poranek u Hieronima odc. 226"},"content":{"rendered":"\n<!--more-->\n\n\n<div class=\"wp-block-image\">\n<figure class=\"aligncenter size-full is-resized\"><img data-dominant-color=\"a56426\" data-has-transparency=\"false\" decoding=\"async\" sizes=\"(max-width: 940px) 100vw, 940px\" src=\"https:\/\/wbp.lublin.pl\/wp-content\/uploads\/2024\/11\/Poranek-u-Hieronima-29-jpg.webp\" alt=\"\" class=\"wp-image-64160 not-transparent\" style=\"--dominant-color: #a56426; width:644px;height:auto\"\/><\/figure>\n<\/div>\n\n\n<p class=\"wp-block-paragraph\">W programie spotkanie z Aleksandr\u0105 Igras \u2013pisark\u0105, autork\u0105 zbioru opowiada\u0144 \u201eMokra biel Bambino\u201d.<\/p>\n\n\n\n<p>Aleksandra Igras &#8211; ur. w 1981 w Lublinie. Uko\u0144czy\u0142a dziennikarstwo na Uniwersytecie Jagiello\u0144skim. Opowiadania publikowa\u0142a w Wydawnictwie j, Akcencie, Epei, Fabulariach. Absolwentka VII edycji Kursu Pisania Powie\u015bci Krak\u00f3w Miasto Literatury UNESCO (prowadzenie: Pawe\u0142 Go\u017ali\u0144ski, Filip Modrzejewski), warsztat\u00f3w z Miko\u0142ajem Grynbergiem w ramach festiwalu literackiego w Szczebrzeszynie (Stolica J\u0119zyka Polskiego) oraz warsztat\u00f3w pisania proz\u0105 (Wydawnictwo Czarne). Pracuje nad powie\u015bci\u0105.<\/p><p><\/p>\n\n\n\n<p class=\"wp-block-paragraph\">&#8222;Poranek u Hieronima&#8221; jest emitowany w ka\u017cd\u0105 \u015brod\u0119 na fb Biblioteki <a href=\"https:\/\/www.facebook.com\/wbplublin\">https:\/\/www.facebook.com\/wbplublin<\/a><\/p>\n\n\n\n<p class=\"wp-block-paragraph\">Odcinki archiwalne s\u0105 dost\u0119pne na kanale YouTube Biblioteki<\/p>\n\n\n\n<figure class=\"wp-block-embed is-type-video is-provider-youtube wp-block-embed-youtube wp-embed-aspect-16-9 wp-has-aspect-ratio\"><div class=\"wp-block-embed__wrapper\">\n<iframe loading=\"lazy\" title=\"Poranek u Hieronima - odc. 226 [Aleksandra Igras]\" width=\"887\" height=\"499\" src=\"https:\/\/www.youtube.com\/embed\/MNw2gZ4m_8Y?feature=oembed\" frameborder=\"0\" allow=\"accelerometer; autoplay; clipboard-write; encrypted-media; gyroscope; picture-in-picture; web-share\" referrerpolicy=\"strict-origin-when-cross-origin\" allowfullscreen><\/iframe>\n<\/div><\/figure>\n\n\n\n<p class=\"has-text-align-center wp-block-paragraph\"><strong>ZAPRASZAMY!<\/strong><\/p>\n\n\n\n<p class=\"has-text-align-right wp-block-paragraph\"><em>Dzia\u0142 Informacji i Promocji<\/em><\/p>\n\n\n\n<p class=\"wp-block-paragraph\"><\/p>\n","protected":false},"excerpt":{"rendered":"","protected":false},"author":20,"featured_media":64160,"comment_status":"closed","ping_status":"closed","sticky":false,"template":"","format":"standard","meta":{"_tec_requires_first_save":true,"_crdt_document":"","pgc_sgb_lightbox_settings":"","_EventAllDay":false,"_EventTimezone":"","_EventStartDate":"","_EventEndDate":"","_EventStartDateUTC":"","_EventEndDateUTC":"","_EventShowMap":false,"_EventShowMapLink":false,"_EventURL":"","_EventCost":"","_EventCostDescription":"","_EventCurrencySymbol":"","_EventCurrencyCode":"","_EventCurrencyPosition":"","_EventDateTimeSeparator":"","_EventTimeRangeSeparator":"","_EventOrganizerID":[],"_EventVenueID":[],"_OrganizerEmail":"","_OrganizerPhone":"","_OrganizerWebsite":"","_VenueAddress":"","_VenueCity":"","_VenueCountry":"","_VenueProvince":"","_VenueState":"","_VenueZip":"","_VenuePhone":"","_VenueURL":"","_VenueStateProvince":"","_VenueLat":"","_VenueLng":"","_VenueShowMap":false,"_VenueShowMapLink":false,"_tribe_blocks_recurrence_rules":"","_tribe_blocks_recurrence_description":"","_tribe_blocks_recurrence_exclusions":"","footnotes":""},"categories":[638,10],"tags":[],"class_list":["post-64159","post","type-post","status-publish","format-standard","has-post-thumbnail","hentry","category-poranek-u-hieronima","category-aktualnosci"],"publishpress_future_action":{"enabled":false,"date":"2026-05-04 08:18:50","action":"change-status","newStatus":"draft","terms":[],"taxonomy":"category","extraData":[]},"publishpress_future_workflow_manual_trigger":{"enabledWorkflows":[]},"_links":{"self":[{"href":"https:\/\/wbp.lublin.pl\/index.php\/wp-json\/wp\/v2\/posts\/64159","targetHints":{"allow":["GET"]}}],"collection":[{"href":"https:\/\/wbp.lublin.pl\/index.php\/wp-json\/wp\/v2\/posts"}],"about":[{"href":"https:\/\/wbp.lublin.pl\/index.php\/wp-json\/wp\/v2\/types\/post"}],"author":[{"embeddable":true,"href":"https:\/\/wbp.lublin.pl\/index.php\/wp-json\/wp\/v2\/users\/20"}],"replies":[{"embeddable":true,"href":"https:\/\/wbp.lublin.pl\/index.php\/wp-json\/wp\/v2\/comments?post=64159"}],"version-history":[{"count":2,"href":"https:\/\/wbp.lublin.pl\/index.php\/wp-json\/wp\/v2\/posts\/64159\/revisions"}],"predecessor-version":[{"id":78249,"href":"https:\/\/wbp.lublin.pl\/index.php\/wp-json\/wp\/v2\/posts\/64159\/revisions\/78249"}],"wp:featuredmedia":[{"embeddable":true,"href":"https:\/\/wbp.lublin.pl\/index.php\/wp-json\/wp\/v2\/media\/64160"}],"wp:attachment":[{"href":"https:\/\/wbp.lublin.pl\/index.php\/wp-json\/wp\/v2\/media?parent=64159"}],"wp:term":[{"taxonomy":"category","embeddable":true,"href":"https:\/\/wbp.lublin.pl\/index.php\/wp-json\/wp\/v2\/categories?post=64159"},{"taxonomy":"post_tag","embeddable":true,"href":"https:\/\/wbp.lublin.pl\/index.php\/wp-json\/wp\/v2\/tags?post=64159"}],"curies":[{"name":"wp","href":"https:\/\/api.w.org\/{rel}","templated":true}]}}