{"id":64386,"date":"2024-11-19T13:06:30","date_gmt":"2024-11-19T12:06:30","guid":{"rendered":"https:\/\/wbp.lublin.pl\/?p=64386"},"modified":"2026-01-24T14:07:13","modified_gmt":"2026-01-24T13:07:13","slug":"poranek-u-hieronima-odc-227","status":"publish","type":"post","link":"https:\/\/wbp.lublin.pl\/index.php\/2024\/11\/19\/poranek-u-hieronima-odc-227\/","title":{"rendered":"Poranek u Hieronima odc. 227"},"content":{"rendered":"\n<!--more-->\n\n\n<div class=\"wp-block-image\">\n<figure class=\"aligncenter size-full is-resized\"><img data-dominant-color=\"2f2f2f\" data-has-transparency=\"false\" loading=\"lazy\" decoding=\"async\" width=\"940\" height=\"788\" sizes=\"auto, (max-width: 940px) 100vw, 940px\" src=\"https:\/\/wbp.lublin.pl\/wp-content\/uploads\/2024\/11\/Poranek-u-Hieronima-30.webp\" alt=\"\" class=\"wp-image-64387 not-transparent\" style=\"--dominant-color: #2f2f2f; width:733px;height:auto\" srcset=\"https:\/\/wbp.lublin.pl\/wp-content\/uploads\/2024\/11\/Poranek-u-Hieronima-30.webp 940w, https:\/\/wbp.lublin.pl\/wp-content\/uploads\/2024\/11\/Poranek-u-Hieronima-30-600x503.webp 600w, https:\/\/wbp.lublin.pl\/wp-content\/uploads\/2024\/11\/Poranek-u-Hieronima-30-400x335.webp 400w, https:\/\/wbp.lublin.pl\/wp-content\/uploads\/2024\/11\/Poranek-u-Hieronima-30-768x644.webp 768w, https:\/\/wbp.lublin.pl\/wp-content\/uploads\/2024\/11\/Poranek-u-Hieronima-30-624x523.webp 624w\" \/><\/figure>\n<\/div>\n\n\n<p class=\"wp-block-paragraph\">Tym razem \u201ePoranek u Hieronima\u201d odwiedz\u0105 muzycy tworz\u0105cy <strong>Cuore Piano Trio<\/strong>: <strong>Zuzanna Budzy\u0144ska<\/strong>, <strong>Szymon Ogryzek<\/strong> i <strong>Antoni Or\u0142owski<\/strong>. Co wydarzy\u0142o si\u0119 w ich artystycznym \u017cyciu od czasu ostatniego koncertu w Lublinie? Tym razem odwiedzili nasze miasto aby wzi\u0105\u0107 udzia\u0142 w III Forum Wielkich Kompozytor\u00f3w Lubelszczyzny, niebawem zn\u00f3w wr\u00f3c\u0105 do Lublina \u2013 na grudniowy koncert zaprosimy w programie.<\/p>\n\n\n\n<p class=\"wp-block-paragraph\">&#8222;Poranek u Hieronima&#8221; jest emitowany w ka\u017cd\u0105 \u015brod\u0119 na fb Biblioteki <a href=\"https:\/\/www.facebook.com\/wbplublin\">https:\/\/www.facebook.com\/wbplublin<\/a><\/p>\n\n\n\n<p class=\"wp-block-paragraph\">Odcinki archiwalne s\u0105 dost\u0119pne na kanale YouTube Biblioteki<\/p>\n\n\n\n<figure class=\"wp-block-embed is-type-video is-provider-youtube wp-block-embed-youtube wp-embed-aspect-16-9 wp-has-aspect-ratio\"><div class=\"wp-block-embed__wrapper\">\n<iframe loading=\"lazy\" title=\"Poranek u Hieronima - odc.227 [Cuore Piano Trio: Zuzanna Budzy\u0144ska, Szymon Ogryzek, Antoni Or\u0142owski]\" width=\"887\" height=\"499\" src=\"https:\/\/www.youtube.com\/embed\/QT3puU8CDPQ?feature=oembed\" frameborder=\"0\" allow=\"accelerometer; autoplay; clipboard-write; encrypted-media; gyroscope; picture-in-picture; web-share\" referrerpolicy=\"strict-origin-when-cross-origin\" allowfullscreen><\/iframe>\n<\/div><\/figure>\n\n\n\n<p style=\"text-align: right;\"><em>Dzia\u0142 Informacji i Promocji<\/em><\/p>\n\n\n\n<p class=\"wp-block-paragraph\"><\/p>\n","protected":false},"excerpt":{"rendered":"","protected":false},"author":20,"featured_media":64387,"comment_status":"closed","ping_status":"closed","sticky":false,"template":"","format":"standard","meta":{"_tec_requires_first_save":true,"_crdt_document":"","pgc_sgb_lightbox_settings":"","_EventAllDay":false,"_EventTimezone":"","_EventStartDate":"","_EventEndDate":"","_EventStartDateUTC":"","_EventEndDateUTC":"","_EventShowMap":false,"_EventShowMapLink":false,"_EventURL":"","_EventCost":"","_EventCostDescription":"","_EventCurrencySymbol":"","_EventCurrencyCode":"","_EventCurrencyPosition":"","_EventDateTimeSeparator":"","_EventTimeRangeSeparator":"","_EventOrganizerID":[],"_EventVenueID":[],"_OrganizerEmail":"","_OrganizerPhone":"","_OrganizerWebsite":"","_VenueAddress":"","_VenueCity":"","_VenueCountry":"","_VenueProvince":"","_VenueState":"","_VenueZip":"","_VenuePhone":"","_VenueURL":"","_VenueStateProvince":"","_VenueLat":"","_VenueLng":"","_VenueShowMap":false,"_VenueShowMapLink":false,"_tribe_blocks_recurrence_rules":"","_tribe_blocks_recurrence_description":"","_tribe_blocks_recurrence_exclusions":"","footnotes":""},"categories":[638,10],"tags":[],"class_list":["post-64386","post","type-post","status-publish","format-standard","has-post-thumbnail","hentry","category-poranek-u-hieronima","category-aktualnosci"],"publishpress_future_action":{"enabled":false,"date":"2026-05-04 06:43:23","action":"change-status","newStatus":"draft","terms":[],"taxonomy":"category","extraData":[]},"publishpress_future_workflow_manual_trigger":{"enabledWorkflows":[]},"_links":{"self":[{"href":"https:\/\/wbp.lublin.pl\/index.php\/wp-json\/wp\/v2\/posts\/64386","targetHints":{"allow":["GET"]}}],"collection":[{"href":"https:\/\/wbp.lublin.pl\/index.php\/wp-json\/wp\/v2\/posts"}],"about":[{"href":"https:\/\/wbp.lublin.pl\/index.php\/wp-json\/wp\/v2\/types\/post"}],"author":[{"embeddable":true,"href":"https:\/\/wbp.lublin.pl\/index.php\/wp-json\/wp\/v2\/users\/20"}],"replies":[{"embeddable":true,"href":"https:\/\/wbp.lublin.pl\/index.php\/wp-json\/wp\/v2\/comments?post=64386"}],"version-history":[{"count":2,"href":"https:\/\/wbp.lublin.pl\/index.php\/wp-json\/wp\/v2\/posts\/64386\/revisions"}],"predecessor-version":[{"id":78247,"href":"https:\/\/wbp.lublin.pl\/index.php\/wp-json\/wp\/v2\/posts\/64386\/revisions\/78247"}],"wp:featuredmedia":[{"embeddable":true,"href":"https:\/\/wbp.lublin.pl\/index.php\/wp-json\/wp\/v2\/media\/64387"}],"wp:attachment":[{"href":"https:\/\/wbp.lublin.pl\/index.php\/wp-json\/wp\/v2\/media?parent=64386"}],"wp:term":[{"taxonomy":"category","embeddable":true,"href":"https:\/\/wbp.lublin.pl\/index.php\/wp-json\/wp\/v2\/categories?post=64386"},{"taxonomy":"post_tag","embeddable":true,"href":"https:\/\/wbp.lublin.pl\/index.php\/wp-json\/wp\/v2\/tags?post=64386"}],"curies":[{"name":"wp","href":"https:\/\/api.w.org\/{rel}","templated":true}]}}