{"id":64995,"date":"2024-12-12T08:29:39","date_gmt":"2024-12-12T07:29:39","guid":{"rendered":"https:\/\/wbp.lublin.pl\/?p=64995"},"modified":"2025-02-17T12:32:00","modified_gmt":"2025-02-17T11:32:00","slug":"dostep-do-ebsco-w-wbp-lublin","status":"publish","type":"post","link":"https:\/\/wbp.lublin.pl\/index.php\/2024\/12\/12\/dostep-do-ebsco-w-wbp-lublin\/","title":{"rendered":"Dost\u0119p do EBSCO w WBP Lublin!"},"content":{"rendered":"\n<p class=\"has-text-align-center wp-block-paragraph\">Informujemy, \u017ce Wojew\u00f3dzka Biblioteka Publiczna im. Hieronima \u0141opaci\u0144skiego uzyska\u0142a dla swoich czytelnik\u00f3w dost\u0119p do EBSCO. Jest to wielodziedzinowa i wieloj\u0119zyczna baza zawieraj\u0105ca pe\u0142notekstowe publikacje naukowe \u2013 ksi\u0105\u017cki elektroniczne oraz czasopisma naukowe. <br><a href=\"https:\/\/research.ebsco.com\/c\/e4pkf3\/search\" data-type=\"link\" data-id=\"https:\/\/research.ebsco.com\/c\/e4pkf3\/search\">Klikaj\u0105c w link uzyskujesz dost\u0119p w dowolnym czasie i miejscu do zasob\u00f3w cyfrowych popularnych wydawc\u00f3w.<\/a><\/p>\n\n\n\n<p class=\"has-text-align-center wp-block-paragraph\">Dla os\u00f3b korzystaj\u0105cych z EBSCO APP mo\u017cliwy jest zdalny dost\u0119p do bazy. Wystarczy wys\u0142a\u0107 maila na adres:&nbsp;<a href=\"mailto:ebsco@wbp.lublin.pl\">ebsco@wbp.lublin.pl<\/a> &#8211; w zwrotnej odpowiedzi uzyska si\u0119 login i has\u0142o.<\/p>\n\n\n\n<p class=\"has-text-align-center wp-block-paragraph\">Baza umo\u017cliwia korzystanie z beletrystyki i literatury faktu dla m\u0142odzie\u017cy, beletrystyki dla doros\u0142ych oraz takich dziedzin wiedzy jak: biznes, historia, podr\u00f3\u017ce, zdrowie, gotowanie i&nbsp;wiele innych.<\/p>\n\n\n\n<p class=\"has-text-align-center wp-block-paragraph\">Zapraszamy do korzystania z bazy testowej do 31 stycznia 2025 roku.<\/p>\n\n\n\n<p class=\"has-text-align-center wp-block-paragraph\">Dost\u0119p do bazy jest bezp\u0142atny!<\/p>\n\n\n\n<div class=\"wp-block-file aligncenter\"><a id=\"wp-block-file--media-5b1a2ff0-1008-4537-84d6-aa4e85c7b2db\" href=\"https:\/\/wbp.lublin.pl\/wp-content\/uploads\/2024\/12\/Academic-Research-Source-Flyer-A4_PL.pdf\"><strong>Broszura informacyjna 1 [pdf]<\/strong><\/a><a href=\"https:\/\/wbp.lublin.pl\/wp-content\/uploads\/2024\/12\/Academic-Research-Source-Flyer-A4_PL.pdf\" class=\"wp-block-file__button wp-element-button\" download aria-describedby=\"wp-block-file--media-5b1a2ff0-1008-4537-84d6-aa4e85c7b2db\">Pobierz<\/a><\/div>\n\n\n\n<div class=\"wp-block-file aligncenter\"><a id=\"wp-block-file--media-7798f494-20b6-4460-be39-93651790b7dd\" href=\"https:\/\/wbp.lublin.pl\/wp-content\/uploads\/2024\/12\/PL-eBooks-Public-Library-Subscription-Pre-Sale-Flyer-A4.pdf\"><strong>Broszura informacyjna 2 [pdf]<\/strong><\/a><a href=\"https:\/\/wbp.lublin.pl\/wp-content\/uploads\/2024\/12\/PL-eBooks-Public-Library-Subscription-Pre-Sale-Flyer-A4.pdf\" class=\"wp-block-file__button wp-element-button\" download aria-describedby=\"wp-block-file--media-7798f494-20b6-4460-be39-93651790b7dd\">Pobierz<\/a><\/div>\n\n\n<iframe loading=\"lazy\" class=\"embed-pdf-viewer\" src=\"https:\/\/wbp.lublin.pl\/wp-content\/uploads\/2024\/12\/Academic-Research-Source-Flyer-A4_PL.pdf\" height=\"600\" width=\"600\" title=\"Academic-Research Source-Flyer-A4_PL\"><\/iframe>","protected":false},"excerpt":{"rendered":"<p>Baza umo\u017cliwia korzystanie z beletrystyki i literatury faktu dla m\u0142odzie\u017cy, beletrystyki dla doros\u0142ych oraz takich dziedzin wiedzy jak: biznes, historia, podr\u00f3\u017ce, zdrowie, gotowanie i\u00a0wiele innych.<\/p>\n","protected":false},"author":15,"featured_media":64996,"comment_status":"closed","ping_status":"closed","sticky":false,"template":"","format":"standard","meta":{"_tec_requires_first_save":true,"_crdt_document":"","pgc_sgb_lightbox_settings":"","_EventAllDay":false,"_EventTimezone":"","_EventStartDate":"","_EventEndDate":"","_EventStartDateUTC":"","_EventEndDateUTC":"","_EventShowMap":false,"_EventShowMapLink":false,"_EventURL":"","_EventCost":"","_EventCostDescription":"","_EventCurrencySymbol":"","_EventCurrencyCode":"","_EventCurrencyPosition":"","_EventDateTimeSeparator":"","_EventTimeRangeSeparator":"","_EventOrganizerID":[],"_EventVenueID":[],"_OrganizerEmail":"","_OrganizerPhone":"","_OrganizerWebsite":"","_VenueAddress":"","_VenueCity":"","_VenueCountry":"","_VenueProvince":"","_VenueState":"","_VenueZip":"","_VenuePhone":"","_VenueURL":"","_VenueStateProvince":"","_VenueLat":"","_VenueLng":"","_VenueShowMap":false,"_VenueShowMapLink":false,"_tribe_blocks_recurrence_rules":"","_tribe_blocks_recurrence_description":"","_tribe_blocks_recurrence_exclusions":"","footnotes":""},"categories":[10,53],"tags":[],"class_list":["post-64995","post","type-post","status-publish","format-standard","has-post-thumbnail","hentry","category-aktualnosci","category-komunikaty"],"publishpress_future_action":{"enabled":false,"date":"2026-05-07 13:25:46","action":"change-status","newStatus":"draft","terms":[],"taxonomy":"category","extraData":[]},"publishpress_future_workflow_manual_trigger":{"enabledWorkflows":[]},"_links":{"self":[{"href":"https:\/\/wbp.lublin.pl\/index.php\/wp-json\/wp\/v2\/posts\/64995","targetHints":{"allow":["GET"]}}],"collection":[{"href":"https:\/\/wbp.lublin.pl\/index.php\/wp-json\/wp\/v2\/posts"}],"about":[{"href":"https:\/\/wbp.lublin.pl\/index.php\/wp-json\/wp\/v2\/types\/post"}],"author":[{"embeddable":true,"href":"https:\/\/wbp.lublin.pl\/index.php\/wp-json\/wp\/v2\/users\/15"}],"replies":[{"embeddable":true,"href":"https:\/\/wbp.lublin.pl\/index.php\/wp-json\/wp\/v2\/comments?post=64995"}],"version-history":[{"count":8,"href":"https:\/\/wbp.lublin.pl\/index.php\/wp-json\/wp\/v2\/posts\/64995\/revisions"}],"predecessor-version":[{"id":65018,"href":"https:\/\/wbp.lublin.pl\/index.php\/wp-json\/wp\/v2\/posts\/64995\/revisions\/65018"}],"wp:featuredmedia":[{"embeddable":true,"href":"https:\/\/wbp.lublin.pl\/index.php\/wp-json\/wp\/v2\/media\/64996"}],"wp:attachment":[{"href":"https:\/\/wbp.lublin.pl\/index.php\/wp-json\/wp\/v2\/media?parent=64995"}],"wp:term":[{"taxonomy":"category","embeddable":true,"href":"https:\/\/wbp.lublin.pl\/index.php\/wp-json\/wp\/v2\/categories?post=64995"},{"taxonomy":"post_tag","embeddable":true,"href":"https:\/\/wbp.lublin.pl\/index.php\/wp-json\/wp\/v2\/tags?post=64995"}],"curies":[{"name":"wp","href":"https:\/\/api.w.org\/{rel}","templated":true}]}}