{"id":66141,"date":"2025-01-20T15:10:07","date_gmt":"2025-01-20T14:10:07","guid":{"rendered":"https:\/\/wbp.lublin.pl\/?p=66141"},"modified":"2025-01-31T18:45:49","modified_gmt":"2025-01-31T17:45:49","slug":"vii-obchody-miedzynarodowego-dnia-pamieci-o-ofiarach-holokaustu-na-lubelszczyznie","status":"publish","type":"post","link":"https:\/\/wbp.lublin.pl\/index.php\/2025\/01\/20\/vii-obchody-miedzynarodowego-dnia-pamieci-o-ofiarach-holokaustu-na-lubelszczyznie\/","title":{"rendered":"VII Obchody Mi\u0119dzynarodowego Dnia Pami\u0119ci o Ofiarach Holokaustu na Lubelszczy\u017anie"},"content":{"rendered":"\n<!--more-->\n\n\n\n<p class=\"has-text-align-center wp-block-paragraph\">W dniach 22-27 stycznia 2025 r. odb\u0119d\u0105 si\u0119 <strong>VII Obchody Mi\u0119dzynarodowego Dnia Pami\u0119ci o Ofiarach Holokaustu na Lubelszczy\u017anie<\/strong>.<br>Honorowy patronat nad wydarzeniem obj\u0105\u0142 Marsza\u0142ek Wojew\u00f3dztwa Lubelskiego Jaros\u0142aw Stawiarski.<\/p>\n\n\n\n<figure class=\"wp-block-image size-large\"><img data-dominant-color=\"555151\" data-has-transparency=\"false\" style=\"--dominant-color: #555151;\" loading=\"lazy\" decoding=\"async\" width=\"1920\" height=\"1080\" sizes=\"auto, (max-width: 1920px) 100vw, 1920px\" src=\"https:\/\/wbp.lublin.pl\/wp-content\/uploads\/2025\/01\/folder_VII-Obchody-Miedzynarodowego-Dnia-Pamieci-o-Ofiarach-Holokaustu-obrazy-1-1920x1080.webp\" alt=\"Mi\u0119dzynarodowy Dzie\u0144 Pami\u0119ci o Ofiarach Holokaustu\" class=\"wp-image-66155 not-transparent\" srcset=\"https:\/\/wbp.lublin.pl\/wp-content\/uploads\/2025\/01\/folder_VII-Obchody-Miedzynarodowego-Dnia-Pamieci-o-Ofiarach-Holokaustu-obrazy-1-1920x1080.webp 1920w, https:\/\/wbp.lublin.pl\/wp-content\/uploads\/2025\/01\/folder_VII-Obchody-Miedzynarodowego-Dnia-Pamieci-o-Ofiarach-Holokaustu-obrazy-1-600x338.webp 600w, https:\/\/wbp.lublin.pl\/wp-content\/uploads\/2025\/01\/folder_VII-Obchody-Miedzynarodowego-Dnia-Pamieci-o-Ofiarach-Holokaustu-obrazy-1-400x225.webp 400w, https:\/\/wbp.lublin.pl\/wp-content\/uploads\/2025\/01\/folder_VII-Obchody-Miedzynarodowego-Dnia-Pamieci-o-Ofiarach-Holokaustu-obrazy-1-768x432.webp 768w, https:\/\/wbp.lublin.pl\/wp-content\/uploads\/2025\/01\/folder_VII-Obchody-Miedzynarodowego-Dnia-Pamieci-o-Ofiarach-Holokaustu-obrazy-1-1536x864.webp 1536w, https:\/\/wbp.lublin.pl\/wp-content\/uploads\/2025\/01\/folder_VII-Obchody-Miedzynarodowego-Dnia-Pamieci-o-Ofiarach-Holokaustu-obrazy-1-2048x1152.webp 2048w, https:\/\/wbp.lublin.pl\/wp-content\/uploads\/2025\/01\/folder_VII-Obchody-Miedzynarodowego-Dnia-Pamieci-o-Ofiarach-Holokaustu-obrazy-1-947x533.webp 947w, https:\/\/wbp.lublin.pl\/wp-content\/uploads\/2025\/01\/folder_VII-Obchody-Miedzynarodowego-Dnia-Pamieci-o-Ofiarach-Holokaustu-obrazy-1-624x351.webp 624w\" \/><\/figure>\n\n\n\n<p class=\"has-text-align-right wp-block-paragraph\"><em><strong>\u2026Kto nie pami\u0119ta historii,<br>skazany jest na jej ponowne prze\u017cycie\u2026<\/strong><\/em><br>George Santayana<\/p>\n\n\n\n<p class=\"has-text-align-center wp-block-paragraph\"><strong>27 stycznia obchodzimy<br>Mi\u0119dzynarodowy Dzie\u0144 Pami\u0119ci o Ofiarach Holokaustu.<\/strong><br>Data nie zosta\u0142a wybrana przypadkowo.<br>Tego dnia w 1945 r. zosta\u0142 wyzwolony niemiecki nazistowski ob\u00f3z koncentracyjny w Auschwitz-Birkenau.<\/p>\n\n\n\n<hr class=\"wp-block-separator has-alpha-channel-opacity\"\/>\n\n\n\n<p class=\"has-text-align-center wp-block-paragraph\"><strong>Wojew\u00f3dzka Biblioteka Publiczna im. Hieronima \u0141opaci\u0144skiego w Lublinie<\/strong><br>zaprasza na wystaw\u0119<strong>&nbsp;<\/strong><br><strong>\u201e\u015alady Nieobecnych. Pami\u0119\u0107 o Holokau\u015bcie na Lubelszczy\u017anie\u201d<\/strong><br>Hol Biblioteki<br>Ekspozycje przygotowa\u0142a Katarzyna Michalik i Marek Bunia (Dzia\u0142 Informacji i Promocji)<br>Wystawa b\u0119dzie czynna do 31 stycznia 2025 r. w godzinach pracy Biblioteki<\/p>\n\n\n\n<figure data-wp-context=\"{&quot;galleryId&quot;:&quot;69eeacde4c823&quot;}\" data-wp-interactive=\"core\/gallery\" class=\"wp-block-gallery has-nested-images columns-3 is-cropped wp-block-gallery-1 is-layout-flex wp-block-gallery-is-layout-flex\">\n<figure data-wp-context=\"{&quot;imageId&quot;:&quot;69eeacde4ca26&quot;}\" data-wp-interactive=\"core\/image\" data-wp-key=\"69eeacde4ca26\" class=\"wp-block-image size-large wp-lightbox-container\"><img data-dominant-color=\"8c7868\" data-has-transparency=\"false\" style=\"--dominant-color: #8c7868;\" loading=\"lazy\" decoding=\"async\" width=\"810\" height=\"1080\" data-wp-class--hide=\"state.isContentHidden\" data-wp-class--show=\"state.isContentVisible\" data-wp-init=\"callbacks.setButtonStyles\" data-wp-on--click=\"actions.showLightbox\" data-wp-on--load=\"callbacks.setButtonStyles\" data-wp-on--pointerdown=\"actions.preloadImage\" data-wp-on--pointerenter=\"actions.preloadImageWithDelay\" data-wp-on--pointerleave=\"actions.cancelPreload\" data-wp-on-window--resize=\"callbacks.setButtonStyles\" sizes=\"auto, (max-width: 810px) 100vw, 810px\" data-id=\"66161\" src=\"https:\/\/wbp.lublin.pl\/wp-content\/uploads\/2025\/01\/ffdea940-3bb4-419e-94d0-8aae9ec193e1-810x1080.webp\" alt=\"Wystawa\n\u201e\u015alady Nieobecnych. Pami\u0119\u0107 o Holokau\u015bcie na Lubelszczy\u017anie\u201d\" class=\"wp-image-66161 not-transparent\" srcset=\"https:\/\/wbp.lublin.pl\/wp-content\/uploads\/2025\/01\/ffdea940-3bb4-419e-94d0-8aae9ec193e1-810x1080.webp 810w, https:\/\/wbp.lublin.pl\/wp-content\/uploads\/2025\/01\/ffdea940-3bb4-419e-94d0-8aae9ec193e1-450x600.webp 450w, https:\/\/wbp.lublin.pl\/wp-content\/uploads\/2025\/01\/ffdea940-3bb4-419e-94d0-8aae9ec193e1-300x400.webp 300w, https:\/\/wbp.lublin.pl\/wp-content\/uploads\/2025\/01\/ffdea940-3bb4-419e-94d0-8aae9ec193e1-768x1024.webp 768w, https:\/\/wbp.lublin.pl\/wp-content\/uploads\/2025\/01\/ffdea940-3bb4-419e-94d0-8aae9ec193e1-1152x1536.webp 1152w, https:\/\/wbp.lublin.pl\/wp-content\/uploads\/2025\/01\/ffdea940-3bb4-419e-94d0-8aae9ec193e1-947x1263.webp 947w, https:\/\/wbp.lublin.pl\/wp-content\/uploads\/2025\/01\/ffdea940-3bb4-419e-94d0-8aae9ec193e1-624x832.webp 624w, https:\/\/wbp.lublin.pl\/wp-content\/uploads\/2025\/01\/ffdea940-3bb4-419e-94d0-8aae9ec193e1.webp 1536w\" \/><button\n\t\t\tclass=\"lightbox-trigger\"\n\t\t\ttype=\"button\"\n\t\t\taria-haspopup=\"dialog\"\n\t\t\tdata-wp-bind--aria-label=\"state.thisImage.triggerButtonAriaLabel\"\n\t\t\tdata-wp-init=\"callbacks.initTriggerButton\"\n\t\t\tdata-wp-on--click=\"actions.showLightbox\"\n\t\t\tdata-wp-style--right=\"state.thisImage.buttonRight\"\n\t\t\tdata-wp-style--top=\"state.thisImage.buttonTop\"\n\t\t>\n\t\t\t<svg xmlns=\"http:\/\/www.w3.org\/2000\/svg\" width=\"12\" height=\"12\" fill=\"none\" viewBox=\"0 0 12 12\">\n\t\t\t\t<path fill=\"#fff\" d=\"M2 0a2 2 0 0 0-2 2v2h1.5V2a.5.5 0 0 1 .5-.5h2V0H2Zm2 10.5H2a.5.5 0 0 1-.5-.5V8H0v2a2 2 0 0 0 2 2h2v-1.5ZM8 12v-1.5h2a.5.5 0 0 0 .5-.5V8H12v2a2 2 0 0 1-2 2H8Zm2-12a2 2 0 0 1 2 2v2h-1.5V2a.5.5 0 0 0-.5-.5H8V0h2Z\" \/>\n\t\t\t<\/svg>\n\t\t<\/button><\/figure>\n\n\n\n<figure data-wp-context=\"{&quot;imageId&quot;:&quot;69eeacde4cce0&quot;}\" data-wp-interactive=\"core\/image\" data-wp-key=\"69eeacde4cce0\" class=\"wp-block-image size-large wp-lightbox-container\"><img data-dominant-color=\"988879\" data-has-transparency=\"false\" style=\"--dominant-color: #988879;\" loading=\"lazy\" decoding=\"async\" width=\"810\" height=\"1080\" data-wp-class--hide=\"state.isContentHidden\" data-wp-class--show=\"state.isContentVisible\" data-wp-init=\"callbacks.setButtonStyles\" data-wp-on--click=\"actions.showLightbox\" data-wp-on--load=\"callbacks.setButtonStyles\" data-wp-on--pointerdown=\"actions.preloadImage\" data-wp-on--pointerenter=\"actions.preloadImageWithDelay\" data-wp-on--pointerleave=\"actions.cancelPreload\" data-wp-on-window--resize=\"callbacks.setButtonStyles\" sizes=\"auto, (max-width: 810px) 100vw, 810px\" data-id=\"66163\" src=\"https:\/\/wbp.lublin.pl\/wp-content\/uploads\/2025\/01\/d27aa84c-46f9-4135-be4d-67c7cf99a99d-810x1080.webp\" alt=\"Wystawa\n\u201e\u015alady Nieobecnych. Pami\u0119\u0107 o Holokau\u015bcie na Lubelszczy\u017anie\u201d\" class=\"wp-image-66163 not-transparent\" srcset=\"https:\/\/wbp.lublin.pl\/wp-content\/uploads\/2025\/01\/d27aa84c-46f9-4135-be4d-67c7cf99a99d-810x1080.webp 810w, https:\/\/wbp.lublin.pl\/wp-content\/uploads\/2025\/01\/d27aa84c-46f9-4135-be4d-67c7cf99a99d-450x600.webp 450w, https:\/\/wbp.lublin.pl\/wp-content\/uploads\/2025\/01\/d27aa84c-46f9-4135-be4d-67c7cf99a99d-300x400.webp 300w, https:\/\/wbp.lublin.pl\/wp-content\/uploads\/2025\/01\/d27aa84c-46f9-4135-be4d-67c7cf99a99d-768x1024.webp 768w, https:\/\/wbp.lublin.pl\/wp-content\/uploads\/2025\/01\/d27aa84c-46f9-4135-be4d-67c7cf99a99d-1152x1536.webp 1152w, https:\/\/wbp.lublin.pl\/wp-content\/uploads\/2025\/01\/d27aa84c-46f9-4135-be4d-67c7cf99a99d-947x1263.webp 947w, https:\/\/wbp.lublin.pl\/wp-content\/uploads\/2025\/01\/d27aa84c-46f9-4135-be4d-67c7cf99a99d-624x832.webp 624w, https:\/\/wbp.lublin.pl\/wp-content\/uploads\/2025\/01\/d27aa84c-46f9-4135-be4d-67c7cf99a99d.webp 1536w\" \/><button\n\t\t\tclass=\"lightbox-trigger\"\n\t\t\ttype=\"button\"\n\t\t\taria-haspopup=\"dialog\"\n\t\t\tdata-wp-bind--aria-label=\"state.thisImage.triggerButtonAriaLabel\"\n\t\t\tdata-wp-init=\"callbacks.initTriggerButton\"\n\t\t\tdata-wp-on--click=\"actions.showLightbox\"\n\t\t\tdata-wp-style--right=\"state.thisImage.buttonRight\"\n\t\t\tdata-wp-style--top=\"state.thisImage.buttonTop\"\n\t\t>\n\t\t\t<svg xmlns=\"http:\/\/www.w3.org\/2000\/svg\" width=\"12\" height=\"12\" fill=\"none\" viewBox=\"0 0 12 12\">\n\t\t\t\t<path fill=\"#fff\" d=\"M2 0a2 2 0 0 0-2 2v2h1.5V2a.5.5 0 0 1 .5-.5h2V0H2Zm2 10.5H2a.5.5 0 0 1-.5-.5V8H0v2a2 2 0 0 0 2 2h2v-1.5ZM8 12v-1.5h2a.5.5 0 0 0 .5-.5V8H12v2a2 2 0 0 1-2 2H8Zm2-12a2 2 0 0 1 2 2v2h-1.5V2a.5.5 0 0 0-.5-.5H8V0h2Z\" \/>\n\t\t\t<\/svg>\n\t\t<\/button><\/figure>\n<\/figure>\n\n\n\n<p class=\"wp-block-paragraph\"><a href=\"https:\/\/wbp.lublin.pl\/roundcube\/?_task=mail&amp;_frame=1&amp;_mbox=INBOX&amp;_uid=5822&amp;_part=2&amp;_action=get&amp;_extwin=1\">VII Obchody Mi\u0119dzynarodowego Dnia Pami\u0119ci o Ofiarach Holokaustu na Lubelszczy\u017anie<\/a><\/p>\n\n\n\n<p class=\"has-text-align-right wp-block-paragraph\">Dzia\u0142 Informacji i Promocji<\/p>\n","protected":false},"excerpt":{"rendered":"<p>27-31.01.2025 r. <\/p>\n","protected":false},"author":21,"featured_media":66155,"comment_status":"closed","ping_status":"closed","sticky":false,"template":"","format":"standard","meta":{"_tec_requires_first_save":true,"_crdt_document":"","pgc_sgb_lightbox_settings":"","_EventAllDay":false,"_EventTimezone":"","_EventStartDate":"","_EventEndDate":"","_EventStartDateUTC":"","_EventEndDateUTC":"","_EventShowMap":false,"_EventShowMapLink":false,"_EventURL":"","_EventCost":"","_EventCostDescription":"","_EventCurrencySymbol":"","_EventCurrencyCode":"","_EventCurrencyPosition":"","_EventDateTimeSeparator":"","_EventTimeRangeSeparator":"","_EventOrganizerID":[],"_EventVenueID":[],"_OrganizerEmail":"","_OrganizerPhone":"","_OrganizerWebsite":"","_VenueAddress":"","_VenueCity":"","_VenueCountry":"","_VenueProvince":"","_VenueState":"","_VenueZip":"","_VenuePhone":"","_VenueURL":"","_VenueStateProvince":"","_VenueLat":"","_VenueLng":"","_VenueShowMap":false,"_VenueShowMapLink":false,"_tribe_blocks_recurrence_rules":"","_tribe_blocks_recurrence_description":"","_tribe_blocks_recurrence_exclusions":"","footnotes":""},"categories":[10,53,55],"tags":[],"class_list":["post-66141","post","type-post","status-publish","format-standard","has-post-thumbnail","hentry","category-aktualnosci","category-komunikaty","category-wystawy"],"publishpress_future_action":{"enabled":false,"date":"2026-05-04 02:25:02","action":"change-status","newStatus":"draft","terms":[],"taxonomy":"category","extraData":[]},"publishpress_future_workflow_manual_trigger":{"enabledWorkflows":[]},"_links":{"self":[{"href":"https:\/\/wbp.lublin.pl\/index.php\/wp-json\/wp\/v2\/posts\/66141","targetHints":{"allow":["GET"]}}],"collection":[{"href":"https:\/\/wbp.lublin.pl\/index.php\/wp-json\/wp\/v2\/posts"}],"about":[{"href":"https:\/\/wbp.lublin.pl\/index.php\/wp-json\/wp\/v2\/types\/post"}],"author":[{"embeddable":true,"href":"https:\/\/wbp.lublin.pl\/index.php\/wp-json\/wp\/v2\/users\/21"}],"replies":[{"embeddable":true,"href":"https:\/\/wbp.lublin.pl\/index.php\/wp-json\/wp\/v2\/comments?post=66141"}],"version-history":[{"count":12,"href":"https:\/\/wbp.lublin.pl\/index.php\/wp-json\/wp\/v2\/posts\/66141\/revisions"}],"predecessor-version":[{"id":66474,"href":"https:\/\/wbp.lublin.pl\/index.php\/wp-json\/wp\/v2\/posts\/66141\/revisions\/66474"}],"wp:featuredmedia":[{"embeddable":true,"href":"https:\/\/wbp.lublin.pl\/index.php\/wp-json\/wp\/v2\/media\/66155"}],"wp:attachment":[{"href":"https:\/\/wbp.lublin.pl\/index.php\/wp-json\/wp\/v2\/media?parent=66141"}],"wp:term":[{"taxonomy":"category","embeddable":true,"href":"https:\/\/wbp.lublin.pl\/index.php\/wp-json\/wp\/v2\/categories?post=66141"},{"taxonomy":"post_tag","embeddable":true,"href":"https:\/\/wbp.lublin.pl\/index.php\/wp-json\/wp\/v2\/tags?post=66141"}],"curies":[{"name":"wp","href":"https:\/\/api.w.org\/{rel}","templated":true}]}}