{"id":66545,"date":"2025-01-24T17:52:16","date_gmt":"2025-01-24T16:52:16","guid":{"rendered":"https:\/\/wbp.lublin.pl\/?p=66545"},"modified":"2026-01-24T12:02:31","modified_gmt":"2026-01-24T11:02:31","slug":"poranek-u-hieronima-odc-235","status":"publish","type":"post","link":"https:\/\/wbp.lublin.pl\/index.php\/2025\/01\/24\/poranek-u-hieronima-odc-235\/","title":{"rendered":"Poranek u Hieronima odc. 235"},"content":{"rendered":"\n<!--more-->\n\n\n<div class=\"wp-block-image\">\n<figure class=\"aligncenter size-full is-resized\"><img data-dominant-color=\"574c4b\" data-has-transparency=\"false\" loading=\"lazy\" decoding=\"async\" width=\"940\" height=\"788\" sizes=\"auto, (max-width: 940px) 100vw, 940px\" src=\"https:\/\/wbp.lublin.pl\/wp-content\/uploads\/2025\/01\/Poranek_k.webp\" alt=\"Automatycznie zapisany szkic\" class=\"wp-image-66546 not-transparent\" style=\"--dominant-color: #574c4b; width:650px;height:auto\" srcset=\"https:\/\/wbp.lublin.pl\/wp-content\/uploads\/2025\/01\/Poranek_k.webp 940w, https:\/\/wbp.lublin.pl\/wp-content\/uploads\/2025\/01\/Poranek_k-600x503.webp 600w, https:\/\/wbp.lublin.pl\/wp-content\/uploads\/2025\/01\/Poranek_k-400x335.webp 400w, https:\/\/wbp.lublin.pl\/wp-content\/uploads\/2025\/01\/Poranek_k-768x644.webp 768w, https:\/\/wbp.lublin.pl\/wp-content\/uploads\/2025\/01\/Poranek_k-624x523.webp 624w\" \/><\/figure>\n<\/div>\n\n\n<p class=\"wp-block-paragraph\">Jak mo\u017ce wygl\u0105da\u0107 nowoczesna szko\u0142a? Zaku\u0107, zda\u0107, zapomnie\u0107? A mo\u017ce wsp\u00f3\u0142pracowa\u0107, stawia\u0107 na rozw\u00f3j osobisty i wsp\u00f3\u0142odpowiedzialno\u015b\u0107?<\/p>\n\n\n\n<p class=\"wp-block-paragraph\">O pomys\u0142ach zmian w szko\u0142ach, roli nauczyciela i ucznia w procesie nauczania i w \u017cyciu szko\u0142y, o mediacjach r\u00f3wie\u015bniczych i FRIS opowie dr hab. <strong>Piotr Mazur<\/strong> &#8211; wyk\u0142adowca Pa\u0144stwowej Akademia Nauk Stosowanych w Che\u0142mie oraz za\u0142o\u017cyciel i dyrektor Centrum Nowoczesnej Edukacji SCHOLAR.<\/p>\n\n\n\n<p class=\"wp-block-paragraph\">Przedstawi tak\u017ce propozycje szkole\u0144 opracowanych na podstawie koncepcji logoterapii Viktora Frankla skierowanych do nauczycieli, pracownik\u00f3w o\u015bwiaty a tak\u017ce wszystkich os\u00f3b zainteresowanych rozwojem osobistym.<br>Rozmow\u0119 poprowadzi Krzysztof Chachaj.<\/p>\n\n\n\n<p class=\"wp-block-paragraph\">&#8222;Poranek u Hieronima&#8221; emitowany jest na fb Biblioteki <a href=\"https:\/\/www.facebook.com\/wbplublin\">https:\/\/www.facebook.com\/wbplublin<\/a><\/p>\n\n\n\n<p class=\"wp-block-paragraph\">Odcinki archiwalne s\u0105 dost\u0119pne na kanale YouTube Biblioteki<\/p>\n\n\n\n<figure class=\"wp-block-embed is-type-video is-provider-youtube wp-block-embed-youtube wp-embed-aspect-16-9 wp-has-aspect-ratio\"><div class=\"wp-block-embed__wrapper\">\n<iframe loading=\"lazy\" title=\"Poranek u Hieronima - odc. 235 [dr hab. Piotr Mazur]\" width=\"887\" height=\"499\" src=\"https:\/\/www.youtube.com\/embed\/6lmQLR2u9Nw?feature=oembed\" frameborder=\"0\" allow=\"accelerometer; autoplay; clipboard-write; encrypted-media; gyroscope; picture-in-picture; web-share\" referrerpolicy=\"strict-origin-when-cross-origin\" allowfullscreen><\/iframe>\n<\/div><\/figure>\n\n\n\n<p class=\"has-text-align-center wp-block-paragraph\"><strong>ZAPRASZAMY!<\/strong><\/p>\n\n\n\n<p class=\"has-text-align-right wp-block-paragraph\"><em>Dzia\u0142 Informacji i Promocji<\/em><\/p>\n\n\n\n<p class=\"wp-block-paragraph\"><\/p>\n","protected":false},"excerpt":{"rendered":"","protected":false},"author":20,"featured_media":66546,"comment_status":"closed","ping_status":"closed","sticky":false,"template":"","format":"standard","meta":{"_tec_requires_first_save":true,"_crdt_document":"","pgc_sgb_lightbox_settings":"","_EventAllDay":false,"_EventTimezone":"","_EventStartDate":"","_EventEndDate":"","_EventStartDateUTC":"","_EventEndDateUTC":"","_EventShowMap":false,"_EventShowMapLink":false,"_EventURL":"","_EventCost":"","_EventCostDescription":"","_EventCurrencySymbol":"","_EventCurrencyCode":"","_EventCurrencyPosition":"","_EventDateTimeSeparator":"","_EventTimeRangeSeparator":"","_EventOrganizerID":[],"_EventVenueID":[],"_OrganizerEmail":"","_OrganizerPhone":"","_OrganizerWebsite":"","_VenueAddress":"","_VenueCity":"","_VenueCountry":"","_VenueProvince":"","_VenueState":"","_VenueZip":"","_VenuePhone":"","_VenueURL":"","_VenueStateProvince":"","_VenueLat":"","_VenueLng":"","_VenueShowMap":false,"_VenueShowMapLink":false,"_tribe_blocks_recurrence_rules":"","_tribe_blocks_recurrence_description":"","_tribe_blocks_recurrence_exclusions":"","footnotes":""},"categories":[638,10],"tags":[],"class_list":["post-66545","post","type-post","status-publish","format-standard","has-post-thumbnail","hentry","category-poranek-u-hieronima","category-aktualnosci"],"publishpress_future_action":{"enabled":false,"date":"2026-05-04 05:09:36","action":"change-status","newStatus":"draft","terms":[],"taxonomy":"category","extraData":[]},"publishpress_future_workflow_manual_trigger":{"enabledWorkflows":[]},"_links":{"self":[{"href":"https:\/\/wbp.lublin.pl\/index.php\/wp-json\/wp\/v2\/posts\/66545","targetHints":{"allow":["GET"]}}],"collection":[{"href":"https:\/\/wbp.lublin.pl\/index.php\/wp-json\/wp\/v2\/posts"}],"about":[{"href":"https:\/\/wbp.lublin.pl\/index.php\/wp-json\/wp\/v2\/types\/post"}],"author":[{"embeddable":true,"href":"https:\/\/wbp.lublin.pl\/index.php\/wp-json\/wp\/v2\/users\/20"}],"replies":[{"embeddable":true,"href":"https:\/\/wbp.lublin.pl\/index.php\/wp-json\/wp\/v2\/comments?post=66545"}],"version-history":[{"count":3,"href":"https:\/\/wbp.lublin.pl\/index.php\/wp-json\/wp\/v2\/posts\/66545\/revisions"}],"predecessor-version":[{"id":78233,"href":"https:\/\/wbp.lublin.pl\/index.php\/wp-json\/wp\/v2\/posts\/66545\/revisions\/78233"}],"wp:featuredmedia":[{"embeddable":true,"href":"https:\/\/wbp.lublin.pl\/index.php\/wp-json\/wp\/v2\/media\/66546"}],"wp:attachment":[{"href":"https:\/\/wbp.lublin.pl\/index.php\/wp-json\/wp\/v2\/media?parent=66545"}],"wp:term":[{"taxonomy":"category","embeddable":true,"href":"https:\/\/wbp.lublin.pl\/index.php\/wp-json\/wp\/v2\/categories?post=66545"},{"taxonomy":"post_tag","embeddable":true,"href":"https:\/\/wbp.lublin.pl\/index.php\/wp-json\/wp\/v2\/tags?post=66545"}],"curies":[{"name":"wp","href":"https:\/\/api.w.org\/{rel}","templated":true}]}}