{"id":66829,"date":"2025-02-03T15:21:42","date_gmt":"2025-02-03T14:21:42","guid":{"rendered":"https:\/\/wbp.lublin.pl\/?p=66829"},"modified":"2026-01-24T11:57:17","modified_gmt":"2026-01-24T10:57:17","slug":"poranek-u-hieronima-odc-236","status":"publish","type":"post","link":"https:\/\/wbp.lublin.pl\/index.php\/2025\/02\/03\/poranek-u-hieronima-odc-236\/","title":{"rendered":"Poranek u Hieronima odc. 236"},"content":{"rendered":"\n<!--more-->\n\n\n<div class=\"wp-block-image\">\n<figure class=\"aligncenter size-full is-resized\"><img data-dominant-color=\"444444\" data-has-transparency=\"false\" loading=\"lazy\" decoding=\"async\" width=\"940\" height=\"788\" sizes=\"auto, (max-width: 940px) 100vw, 940px\" src=\"https:\/\/wbp.lublin.pl\/wp-content\/uploads\/2025\/02\/Poranek_41.webp\" alt=\"Automatycznie zapisany szkic\" class=\"wp-image-66830 not-transparent\" style=\"--dominant-color: #444444; width:698px;height:auto\" srcset=\"https:\/\/wbp.lublin.pl\/wp-content\/uploads\/2025\/02\/Poranek_41.webp 940w, https:\/\/wbp.lublin.pl\/wp-content\/uploads\/2025\/02\/Poranek_41-600x503.webp 600w, https:\/\/wbp.lublin.pl\/wp-content\/uploads\/2025\/02\/Poranek_41-400x335.webp 400w, https:\/\/wbp.lublin.pl\/wp-content\/uploads\/2025\/02\/Poranek_41-768x644.webp 768w, https:\/\/wbp.lublin.pl\/wp-content\/uploads\/2025\/02\/Poranek_41-624x523.webp 624w\" \/><\/figure>\n<\/div>\n\n\n<p class=\"wp-block-paragraph\">Go\u015bciem programu b\u0119dzie <strong>Robert Pranagal<\/strong> &#8211; fotograf, autor i realizator podcastu &#8222;Ty tu tworzysz&#8221;. Rozmowom z go\u015b\u0107mi towarzysz\u0105 ich fotograficzne portrety wykonywane przez Roberta &#8211; to w\u0142a\u015bnie te zdj\u0119cia b\u0119dzie mo\u017cna zobaczy\u0107 na wystawie &#8222;CZ\u0141OWIEK S\u0141OWO IDEA&#8221;, na kt\u00f3rej otwarcie zaprosimy w programie. Wernisa\u017c odb\u0119dzie si\u0119 6 lutego 2025 r. o godz. 18.00 w Lubelskim Centrum Konferencyjnym (ul. A. Grottgera 2)<\/p>\n\n\n\n<figure class=\"wp-block-image size-full\"><img data-dominant-color=\"b8b8b8\" data-has-transparency=\"false\" style=\"--dominant-color: #b8b8b8;\" loading=\"lazy\" decoding=\"async\" width=\"1200\" height=\"628\" sizes=\"auto, (max-width: 1200px) 100vw, 1200px\" src=\"https:\/\/wbp.lublin.pl\/wp-content\/uploads\/2025\/02\/473319458_9050961148318189_4896572664033590132_n.webp\" alt=\"Poranek u Hieronima odc. 236\" class=\"wp-image-66831 not-transparent\" srcset=\"https:\/\/wbp.lublin.pl\/wp-content\/uploads\/2025\/02\/473319458_9050961148318189_4896572664033590132_n.webp 1200w, https:\/\/wbp.lublin.pl\/wp-content\/uploads\/2025\/02\/473319458_9050961148318189_4896572664033590132_n-600x314.webp 600w, https:\/\/wbp.lublin.pl\/wp-content\/uploads\/2025\/02\/473319458_9050961148318189_4896572664033590132_n-400x209.webp 400w, https:\/\/wbp.lublin.pl\/wp-content\/uploads\/2025\/02\/473319458_9050961148318189_4896572664033590132_n-768x402.webp 768w, https:\/\/wbp.lublin.pl\/wp-content\/uploads\/2025\/02\/473319458_9050961148318189_4896572664033590132_n-947x496.webp 947w, https:\/\/wbp.lublin.pl\/wp-content\/uploads\/2025\/02\/473319458_9050961148318189_4896572664033590132_n-624x327.webp 624w\" \/><\/figure>\n\n\n\n<p class=\"wp-block-paragraph\">Link do wydarzenia na fb <a href=\"https:\/\/fb.me\/e\/2QnK7mdJq\">https:\/\/fb.me\/e\/2QnK7mdJq<\/a> &#8211; w imieniu Autora serdecznie zapraszamy!<\/p>\n\n\n\n<p class=\"wp-block-paragraph\">&#8222;Poranek u Hieronima&#8221; jest emitowany w ka\u017cd\u0105 \u015brod\u0119 na fb Biblioteki <a href=\"https:\/\/www.facebook.com\/wbplublin\">https:\/\/www.facebook.com\/wbplublin<\/a><\/p>\n\n\n\n<p class=\"wp-block-paragraph\">Odcinki archiwalne s\u0105 dost\u0119pne na kanale YouTube Biblioteki<\/p>\n\n\n\n<figure class=\"wp-block-embed is-type-video is-provider-youtube wp-block-embed-youtube wp-embed-aspect-16-9 wp-has-aspect-ratio\"><div class=\"wp-block-embed__wrapper\">\n<iframe loading=\"lazy\" title=\"Poranek u Hieronima - odc. 236 [Robert Pranagal]\" width=\"887\" height=\"499\" src=\"https:\/\/www.youtube.com\/embed\/z_8SXFhUUrY?feature=oembed\" frameborder=\"0\" allow=\"accelerometer; autoplay; clipboard-write; encrypted-media; gyroscope; picture-in-picture; web-share\" referrerpolicy=\"strict-origin-when-cross-origin\" allowfullscreen><\/iframe>\n<\/div><\/figure>\n\n\n\n<p class=\"has-text-align-center wp-block-paragraph\"><strong>ZAPRASZAMY!<\/strong><\/p>\n\n\n\n<p class=\"has-text-align-right wp-block-paragraph\"><em>Dzia\u0142 Informacji i Promocji<\/em><\/p>\n\n\n\n<p class=\"wp-block-paragraph\"><\/p>\n","protected":false},"excerpt":{"rendered":"","protected":false},"author":20,"featured_media":66831,"comment_status":"closed","ping_status":"closed","sticky":false,"template":"","format":"standard","meta":{"_tec_requires_first_save":true,"_crdt_document":"","pgc_sgb_lightbox_settings":"","_EventAllDay":false,"_EventTimezone":"","_EventStartDate":"","_EventEndDate":"","_EventStartDateUTC":"","_EventEndDateUTC":"","_EventShowMap":false,"_EventShowMapLink":false,"_EventURL":"","_EventCost":"","_EventCostDescription":"","_EventCurrencySymbol":"","_EventCurrencyCode":"","_EventCurrencyPosition":"","_EventDateTimeSeparator":"","_EventTimeRangeSeparator":"","_EventOrganizerID":[],"_EventVenueID":[],"_OrganizerEmail":"","_OrganizerPhone":"","_OrganizerWebsite":"","_VenueAddress":"","_VenueCity":"","_VenueCountry":"","_VenueProvince":"","_VenueState":"","_VenueZip":"","_VenuePhone":"","_VenueURL":"","_VenueStateProvince":"","_VenueLat":"","_VenueLng":"","_VenueShowMap":false,"_VenueShowMapLink":false,"_tribe_blocks_recurrence_rules":"","_tribe_blocks_recurrence_description":"","_tribe_blocks_recurrence_exclusions":"","footnotes":""},"categories":[638,10],"tags":[],"class_list":["post-66829","post","type-post","status-publish","format-standard","has-post-thumbnail","hentry","category-poranek-u-hieronima","category-aktualnosci"],"publishpress_future_action":{"enabled":false,"date":"2026-05-04 03:53:03","action":"change-status","newStatus":"draft","terms":[],"taxonomy":"category","extraData":[]},"publishpress_future_workflow_manual_trigger":{"enabledWorkflows":[]},"_links":{"self":[{"href":"https:\/\/wbp.lublin.pl\/index.php\/wp-json\/wp\/v2\/posts\/66829","targetHints":{"allow":["GET"]}}],"collection":[{"href":"https:\/\/wbp.lublin.pl\/index.php\/wp-json\/wp\/v2\/posts"}],"about":[{"href":"https:\/\/wbp.lublin.pl\/index.php\/wp-json\/wp\/v2\/types\/post"}],"author":[{"embeddable":true,"href":"https:\/\/wbp.lublin.pl\/index.php\/wp-json\/wp\/v2\/users\/20"}],"replies":[{"embeddable":true,"href":"https:\/\/wbp.lublin.pl\/index.php\/wp-json\/wp\/v2\/comments?post=66829"}],"version-history":[{"count":2,"href":"https:\/\/wbp.lublin.pl\/index.php\/wp-json\/wp\/v2\/posts\/66829\/revisions"}],"predecessor-version":[{"id":78230,"href":"https:\/\/wbp.lublin.pl\/index.php\/wp-json\/wp\/v2\/posts\/66829\/revisions\/78230"}],"wp:featuredmedia":[{"embeddable":true,"href":"https:\/\/wbp.lublin.pl\/index.php\/wp-json\/wp\/v2\/media\/66831"}],"wp:attachment":[{"href":"https:\/\/wbp.lublin.pl\/index.php\/wp-json\/wp\/v2\/media?parent=66829"}],"wp:term":[{"taxonomy":"category","embeddable":true,"href":"https:\/\/wbp.lublin.pl\/index.php\/wp-json\/wp\/v2\/categories?post=66829"},{"taxonomy":"post_tag","embeddable":true,"href":"https:\/\/wbp.lublin.pl\/index.php\/wp-json\/wp\/v2\/tags?post=66829"}],"curies":[{"name":"wp","href":"https:\/\/api.w.org\/{rel}","templated":true}]}}