{"id":67653,"date":"2025-02-28T16:05:25","date_gmt":"2025-02-28T15:05:25","guid":{"rendered":"https:\/\/wbp.lublin.pl\/?p=67653"},"modified":"2025-03-27T21:13:59","modified_gmt":"2025-03-27T20:13:59","slug":"prezentacja-agnieszki-kepskiej-w-obiektywie","status":"publish","type":"post","link":"https:\/\/wbp.lublin.pl\/index.php\/2025\/02\/28\/prezentacja-agnieszki-kepskiej-w-obiektywie\/","title":{"rendered":"Prezentacja Agnieszki K\u0119pskiej\u00a0w obiektywie"},"content":{"rendered":"\n<!--more-->\n\n\n\n<p class=\"wp-block-paragraph\">20 lutego 2025 r. w Wojew\u00f3dzkiej Bibliotece Publicznej im. Hieronima \u0141opaci\u0144skiego w Lublinie odby\u0142a si\u0119 prezentacja Agnieszki K\u0119pskiej pt.: \u201ePrzyrodniczo-kulturowa podr\u00f3\u017c do norweskiej krainy Oppland \u2013 majestatycznego kr\u00f3lestwa Kr\u00f3la G\u00f3r\u201d.<\/p>\n\n\n\n<figure class=\"wp-block-gallery has-nested-images columns-2 is-cropped wp-block-gallery-1 is-layout-flex wp-block-gallery-is-layout-flex\">\n<figure class=\"wp-block-image size-large\"><a href=\"https:\/\/wbp.lublin.pl\/wp-content\/uploads\/2025\/02\/DSC_7073-Enhanced-NR.webp\"><img data-dominant-color=\"625851\" data-has-transparency=\"false\" style=\"--dominant-color: #625851;\" loading=\"lazy\" decoding=\"async\" width=\"1618\" height=\"1080\" sizes=\"auto, (max-width: 1618px) 100vw, 1618px\" data-id=\"67654\" src=\"https:\/\/wbp.lublin.pl\/wp-content\/uploads\/2025\/02\/DSC_7073-Enhanced-NR-1618x1080.webp\" alt=\"Prezentacja Agnieszki K\u0119pskiej\u00a0w obiektywie\" class=\"wp-image-67654 not-transparent\" srcset=\"https:\/\/wbp.lublin.pl\/wp-content\/uploads\/2025\/02\/DSC_7073-Enhanced-NR-1618x1080.webp 1618w, https:\/\/wbp.lublin.pl\/wp-content\/uploads\/2025\/02\/DSC_7073-Enhanced-NR-600x401.webp 600w, https:\/\/wbp.lublin.pl\/wp-content\/uploads\/2025\/02\/DSC_7073-Enhanced-NR-400x267.webp 400w, https:\/\/wbp.lublin.pl\/wp-content\/uploads\/2025\/02\/DSC_7073-Enhanced-NR-768x513.webp 768w, https:\/\/wbp.lublin.pl\/wp-content\/uploads\/2025\/02\/DSC_7073-Enhanced-NR-1536x1025.webp 1536w, https:\/\/wbp.lublin.pl\/wp-content\/uploads\/2025\/02\/DSC_7073-Enhanced-NR-947x632.webp 947w, https:\/\/wbp.lublin.pl\/wp-content\/uploads\/2025\/02\/DSC_7073-Enhanced-NR-624x417.webp 624w, https:\/\/wbp.lublin.pl\/wp-content\/uploads\/2025\/02\/DSC_7073-Enhanced-NR-84x56.webp 84w, https:\/\/wbp.lublin.pl\/wp-content\/uploads\/2025\/02\/DSC_7073-Enhanced-NR.webp 1766w\" \/><\/a><figcaption class=\"wp-element-caption\">Prezentacja Agnieszki K\u0119pskiej pt.: \u201ePrzyrodniczo-kulturowa podr\u00f3\u017c do norweskiej krainy Oppland \u2013 majestatycznego kr\u00f3lestwa Kr\u00f3la G\u00f3r\u201d<\/figcaption><\/figure>\n\n\n\n<figure class=\"wp-block-image size-large\"><a href=\"https:\/\/wbp.lublin.pl\/wp-content\/uploads\/2025\/02\/DSC_7079-Enhanced-NR.webp\"><img data-dominant-color=\"423631\" data-has-transparency=\"false\" style=\"--dominant-color: #423631;\" loading=\"lazy\" decoding=\"async\" width=\"721\" height=\"1080\" sizes=\"auto, (max-width: 721px) 100vw, 721px\" data-id=\"67662\" src=\"https:\/\/wbp.lublin.pl\/wp-content\/uploads\/2025\/02\/DSC_7079-Enhanced-NR-721x1080.webp\" alt=\"Prezentacja Agnieszki K\u0119pskiej\u00a0w obiektywie\" class=\"wp-image-67662 not-transparent\" srcset=\"https:\/\/wbp.lublin.pl\/wp-content\/uploads\/2025\/02\/DSC_7079-Enhanced-NR-721x1080.webp 721w, https:\/\/wbp.lublin.pl\/wp-content\/uploads\/2025\/02\/DSC_7079-Enhanced-NR-401x600.webp 401w, https:\/\/wbp.lublin.pl\/wp-content\/uploads\/2025\/02\/DSC_7079-Enhanced-NR-267x400.webp 267w, https:\/\/wbp.lublin.pl\/wp-content\/uploads\/2025\/02\/DSC_7079-Enhanced-NR-768x1150.webp 768w, https:\/\/wbp.lublin.pl\/wp-content\/uploads\/2025\/02\/DSC_7079-Enhanced-NR-1026x1536.webp 1026w, https:\/\/wbp.lublin.pl\/wp-content\/uploads\/2025\/02\/DSC_7079-Enhanced-NR-947x1418.webp 947w, https:\/\/wbp.lublin.pl\/wp-content\/uploads\/2025\/02\/DSC_7079-Enhanced-NR-624x934.webp 624w, https:\/\/wbp.lublin.pl\/wp-content\/uploads\/2025\/02\/DSC_7079-Enhanced-NR.webp 1202w\" \/><\/a><figcaption class=\"wp-element-caption\">Prezentacja Agnieszki K\u0119pskiej pt.: \u201ePrzyrodniczo-kulturowa podr\u00f3\u017c do norweskiej krainy Oppland \u2013 majestatycznego kr\u00f3lestwa Kr\u00f3la G\u00f3r\u201d<\/figcaption><\/figure>\n\n\n\n<figure class=\"wp-block-image size-large\"><a href=\"https:\/\/wbp.lublin.pl\/wp-content\/uploads\/2025\/02\/DSC_7085-Enhanced-NR.webp\"><img data-dominant-color=\"434749\" data-has-transparency=\"false\" style=\"--dominant-color: #434749;\" loading=\"lazy\" decoding=\"async\" width=\"1617\" height=\"1080\" sizes=\"auto, (max-width: 1617px) 100vw, 1617px\" data-id=\"67669\" src=\"https:\/\/wbp.lublin.pl\/wp-content\/uploads\/2025\/02\/DSC_7085-Enhanced-NR-1617x1080.webp\" alt=\"Prezentacja Agnieszki K\u0119pskiej\u00a0w obiektywie\" class=\"wp-image-67669 not-transparent\" srcset=\"https:\/\/wbp.lublin.pl\/wp-content\/uploads\/2025\/02\/DSC_7085-Enhanced-NR-1617x1080.webp 1617w, https:\/\/wbp.lublin.pl\/wp-content\/uploads\/2025\/02\/DSC_7085-Enhanced-NR-600x401.webp 600w, https:\/\/wbp.lublin.pl\/wp-content\/uploads\/2025\/02\/DSC_7085-Enhanced-NR-400x267.webp 400w, https:\/\/wbp.lublin.pl\/wp-content\/uploads\/2025\/02\/DSC_7085-Enhanced-NR-768x513.webp 768w, https:\/\/wbp.lublin.pl\/wp-content\/uploads\/2025\/02\/DSC_7085-Enhanced-NR-1536x1026.webp 1536w, https:\/\/wbp.lublin.pl\/wp-content\/uploads\/2025\/02\/DSC_7085-Enhanced-NR-947x632.webp 947w, https:\/\/wbp.lublin.pl\/wp-content\/uploads\/2025\/02\/DSC_7085-Enhanced-NR-624x417.webp 624w, https:\/\/wbp.lublin.pl\/wp-content\/uploads\/2025\/02\/DSC_7085-Enhanced-NR-84x56.webp 84w, https:\/\/wbp.lublin.pl\/wp-content\/uploads\/2025\/02\/DSC_7085-Enhanced-NR.webp 1800w\" \/><\/a><figcaption class=\"wp-element-caption\">Prezentacja Agnieszki K\u0119pskiej pt.: \u201ePrzyrodniczo-kulturowa podr\u00f3\u017c do norweskiej krainy Oppland \u2013 majestatycznego kr\u00f3lestwa Kr\u00f3la G\u00f3r\u201d<\/figcaption><\/figure>\n\n\n\n<figure class=\"wp-block-image size-large\"><a href=\"https:\/\/wbp.lublin.pl\/wp-content\/uploads\/2025\/02\/DSC_7088-Enhanced-NR.webp\"><img data-dominant-color=\"3e372e\" data-has-transparency=\"false\" style=\"--dominant-color: #3e372e;\" loading=\"lazy\" decoding=\"async\" width=\"721\" height=\"1080\" sizes=\"auto, (max-width: 721px) 100vw, 721px\" data-id=\"67672\" src=\"https:\/\/wbp.lublin.pl\/wp-content\/uploads\/2025\/02\/DSC_7088-Enhanced-NR-721x1080.webp\" alt=\"Prezentacja Agnieszki K\u0119pskiej\u00a0w obiektywie\" class=\"wp-image-67672 not-transparent\" srcset=\"https:\/\/wbp.lublin.pl\/wp-content\/uploads\/2025\/02\/DSC_7088-Enhanced-NR-721x1080.webp 721w, https:\/\/wbp.lublin.pl\/wp-content\/uploads\/2025\/02\/DSC_7088-Enhanced-NR-401x600.webp 401w, https:\/\/wbp.lublin.pl\/wp-content\/uploads\/2025\/02\/DSC_7088-Enhanced-NR-267x400.webp 267w, https:\/\/wbp.lublin.pl\/wp-content\/uploads\/2025\/02\/DSC_7088-Enhanced-NR-768x1150.webp 768w, https:\/\/wbp.lublin.pl\/wp-content\/uploads\/2025\/02\/DSC_7088-Enhanced-NR-1026x1536.webp 1026w, https:\/\/wbp.lublin.pl\/wp-content\/uploads\/2025\/02\/DSC_7088-Enhanced-NR-947x1418.webp 947w, https:\/\/wbp.lublin.pl\/wp-content\/uploads\/2025\/02\/DSC_7088-Enhanced-NR-624x934.webp 624w, https:\/\/wbp.lublin.pl\/wp-content\/uploads\/2025\/02\/DSC_7088-Enhanced-NR.webp 1202w\" \/><\/a><figcaption class=\"wp-element-caption\">Prezentacja Agnieszki K\u0119pskiej pt.: \u201ePrzyrodniczo-kulturowa podr\u00f3\u017c do norweskiej krainy Oppland \u2013 majestatycznego kr\u00f3lestwa Kr\u00f3la G\u00f3r\u201d<\/figcaption><\/figure>\n\n\n\n<figure class=\"wp-block-image size-large\"><a href=\"https:\/\/wbp.lublin.pl\/wp-content\/uploads\/2025\/02\/DSC_7089-Enhanced-NR.webp\"><img data-dominant-color=\"423c2f\" data-has-transparency=\"false\" style=\"--dominant-color: #423c2f;\" loading=\"lazy\" decoding=\"async\" width=\"1617\" height=\"1080\" sizes=\"auto, (max-width: 1617px) 100vw, 1617px\" data-id=\"67673\" src=\"https:\/\/wbp.lublin.pl\/wp-content\/uploads\/2025\/02\/DSC_7089-Enhanced-NR-1617x1080.webp\" alt=\"Prezentacja Agnieszki K\u0119pskiej\u00a0w obiektywie\" class=\"wp-image-67673 not-transparent\" srcset=\"https:\/\/wbp.lublin.pl\/wp-content\/uploads\/2025\/02\/DSC_7089-Enhanced-NR-1617x1080.webp 1617w, https:\/\/wbp.lublin.pl\/wp-content\/uploads\/2025\/02\/DSC_7089-Enhanced-NR-600x401.webp 600w, https:\/\/wbp.lublin.pl\/wp-content\/uploads\/2025\/02\/DSC_7089-Enhanced-NR-400x267.webp 400w, https:\/\/wbp.lublin.pl\/wp-content\/uploads\/2025\/02\/DSC_7089-Enhanced-NR-768x513.webp 768w, https:\/\/wbp.lublin.pl\/wp-content\/uploads\/2025\/02\/DSC_7089-Enhanced-NR-1536x1026.webp 1536w, https:\/\/wbp.lublin.pl\/wp-content\/uploads\/2025\/02\/DSC_7089-Enhanced-NR-947x632.webp 947w, https:\/\/wbp.lublin.pl\/wp-content\/uploads\/2025\/02\/DSC_7089-Enhanced-NR-624x417.webp 624w, https:\/\/wbp.lublin.pl\/wp-content\/uploads\/2025\/02\/DSC_7089-Enhanced-NR-84x56.webp 84w, https:\/\/wbp.lublin.pl\/wp-content\/uploads\/2025\/02\/DSC_7089-Enhanced-NR.webp 1800w\" \/><\/a><figcaption class=\"wp-element-caption\">Prezentacja Agnieszki K\u0119pskiej pt.: \u201ePrzyrodniczo-kulturowa podr\u00f3\u017c do norweskiej krainy Oppland \u2013 majestatycznego kr\u00f3lestwa Kr\u00f3la G\u00f3r\u201d<\/figcaption><\/figure>\n\n\n\n<figure class=\"wp-block-image size-large\"><a href=\"https:\/\/wbp.lublin.pl\/wp-content\/uploads\/2025\/02\/DSC_7096-Enhanced-NR.webp\"><img data-dominant-color=\"4c565b\" data-has-transparency=\"false\" style=\"--dominant-color: #4c565b;\" loading=\"lazy\" decoding=\"async\" width=\"1617\" height=\"1080\" sizes=\"auto, (max-width: 1617px) 100vw, 1617px\" data-id=\"67680\" src=\"https:\/\/wbp.lublin.pl\/wp-content\/uploads\/2025\/02\/DSC_7096-Enhanced-NR-1617x1080.webp\" alt=\"Prezentacja Agnieszki K\u0119pskiej\u00a0w obiektywie\" class=\"wp-image-67680 not-transparent\" srcset=\"https:\/\/wbp.lublin.pl\/wp-content\/uploads\/2025\/02\/DSC_7096-Enhanced-NR-1617x1080.webp 1617w, https:\/\/wbp.lublin.pl\/wp-content\/uploads\/2025\/02\/DSC_7096-Enhanced-NR-600x401.webp 600w, https:\/\/wbp.lublin.pl\/wp-content\/uploads\/2025\/02\/DSC_7096-Enhanced-NR-400x267.webp 400w, https:\/\/wbp.lublin.pl\/wp-content\/uploads\/2025\/02\/DSC_7096-Enhanced-NR-768x513.webp 768w, https:\/\/wbp.lublin.pl\/wp-content\/uploads\/2025\/02\/DSC_7096-Enhanced-NR-1536x1026.webp 1536w, https:\/\/wbp.lublin.pl\/wp-content\/uploads\/2025\/02\/DSC_7096-Enhanced-NR-947x632.webp 947w, https:\/\/wbp.lublin.pl\/wp-content\/uploads\/2025\/02\/DSC_7096-Enhanced-NR-624x417.webp 624w, https:\/\/wbp.lublin.pl\/wp-content\/uploads\/2025\/02\/DSC_7096-Enhanced-NR-84x56.webp 84w, https:\/\/wbp.lublin.pl\/wp-content\/uploads\/2025\/02\/DSC_7096-Enhanced-NR.webp 1800w\" \/><\/a><figcaption class=\"wp-element-caption\">Prezentacja Agnieszki K\u0119pskiej pt.: \u201ePrzyrodniczo-kulturowa podr\u00f3\u017c do norweskiej krainy Oppland \u2013 majestatycznego kr\u00f3lestwa Kr\u00f3la G\u00f3r\u201d<\/figcaption><\/figure>\n\n\n\n<figure class=\"wp-block-image size-large\"><a href=\"https:\/\/wbp.lublin.pl\/wp-content\/uploads\/2025\/02\/DSC_7099-Enhanced-NR.webp\"><img data-dominant-color=\"675140\" data-has-transparency=\"false\" style=\"--dominant-color: #675140;\" loading=\"lazy\" decoding=\"async\" width=\"1617\" height=\"1080\" sizes=\"auto, (max-width: 1617px) 100vw, 1617px\" data-id=\"67683\" src=\"https:\/\/wbp.lublin.pl\/wp-content\/uploads\/2025\/02\/DSC_7099-Enhanced-NR-1617x1080.webp\" alt=\"Prezentacja Agnieszki K\u0119pskiej\u00a0w obiektywie\" class=\"wp-image-67683 not-transparent\" srcset=\"https:\/\/wbp.lublin.pl\/wp-content\/uploads\/2025\/02\/DSC_7099-Enhanced-NR-1617x1080.webp 1617w, https:\/\/wbp.lublin.pl\/wp-content\/uploads\/2025\/02\/DSC_7099-Enhanced-NR-600x401.webp 600w, https:\/\/wbp.lublin.pl\/wp-content\/uploads\/2025\/02\/DSC_7099-Enhanced-NR-400x267.webp 400w, https:\/\/wbp.lublin.pl\/wp-content\/uploads\/2025\/02\/DSC_7099-Enhanced-NR-768x513.webp 768w, https:\/\/wbp.lublin.pl\/wp-content\/uploads\/2025\/02\/DSC_7099-Enhanced-NR-1536x1026.webp 1536w, https:\/\/wbp.lublin.pl\/wp-content\/uploads\/2025\/02\/DSC_7099-Enhanced-NR-947x632.webp 947w, https:\/\/wbp.lublin.pl\/wp-content\/uploads\/2025\/02\/DSC_7099-Enhanced-NR-624x417.webp 624w, https:\/\/wbp.lublin.pl\/wp-content\/uploads\/2025\/02\/DSC_7099-Enhanced-NR-84x56.webp 84w, https:\/\/wbp.lublin.pl\/wp-content\/uploads\/2025\/02\/DSC_7099-Enhanced-NR.webp 1800w\" \/><\/a><figcaption class=\"wp-element-caption\">Prezentacja Agnieszki K\u0119pskiej pt.: \u201ePrzyrodniczo-kulturowa podr\u00f3\u017c do norweskiej krainy Oppland \u2013 majestatycznego kr\u00f3lestwa Kr\u00f3la G\u00f3r\u201d<\/figcaption><\/figure>\n\n\n\n<figure class=\"wp-block-image size-large\"><a href=\"https:\/\/wbp.lublin.pl\/wp-content\/uploads\/2025\/02\/DSC_7101-Enhanced-NR.webp\"><img data-dominant-color=\"755d50\" data-has-transparency=\"false\" style=\"--dominant-color: #755d50;\" loading=\"lazy\" decoding=\"async\" width=\"1617\" height=\"1080\" sizes=\"auto, (max-width: 1617px) 100vw, 1617px\" data-id=\"67684\" src=\"https:\/\/wbp.lublin.pl\/wp-content\/uploads\/2025\/02\/DSC_7101-Enhanced-NR-1617x1080.webp\" alt=\"Prezentacja Agnieszki K\u0119pskiej\u00a0w obiektywie\" class=\"wp-image-67684 not-transparent\" srcset=\"https:\/\/wbp.lublin.pl\/wp-content\/uploads\/2025\/02\/DSC_7101-Enhanced-NR-1617x1080.webp 1617w, https:\/\/wbp.lublin.pl\/wp-content\/uploads\/2025\/02\/DSC_7101-Enhanced-NR-600x401.webp 600w, https:\/\/wbp.lublin.pl\/wp-content\/uploads\/2025\/02\/DSC_7101-Enhanced-NR-400x267.webp 400w, https:\/\/wbp.lublin.pl\/wp-content\/uploads\/2025\/02\/DSC_7101-Enhanced-NR-768x513.webp 768w, https:\/\/wbp.lublin.pl\/wp-content\/uploads\/2025\/02\/DSC_7101-Enhanced-NR-1536x1026.webp 1536w, https:\/\/wbp.lublin.pl\/wp-content\/uploads\/2025\/02\/DSC_7101-Enhanced-NR-947x632.webp 947w, https:\/\/wbp.lublin.pl\/wp-content\/uploads\/2025\/02\/DSC_7101-Enhanced-NR-624x417.webp 624w, https:\/\/wbp.lublin.pl\/wp-content\/uploads\/2025\/02\/DSC_7101-Enhanced-NR-84x56.webp 84w, https:\/\/wbp.lublin.pl\/wp-content\/uploads\/2025\/02\/DSC_7101-Enhanced-NR.webp 1800w\" \/><\/a><figcaption class=\"wp-element-caption\">Prezentacja Agnieszki K\u0119pskiej pt.: \u201ePrzyrodniczo-kulturowa podr\u00f3\u017c do norweskiej krainy Oppland \u2013 majestatycznego kr\u00f3lestwa Kr\u00f3la G\u00f3r\u201d<\/figcaption><\/figure>\n\n\n\n<figure class=\"wp-block-image size-large\"><a href=\"https:\/\/wbp.lublin.pl\/wp-content\/uploads\/2025\/02\/DSC_7113-Enhanced-NR.webp\"><img data-dominant-color=\"4c4339\" data-has-transparency=\"false\" style=\"--dominant-color: #4c4339;\" loading=\"lazy\" decoding=\"async\" width=\"1617\" height=\"1080\" sizes=\"auto, (max-width: 1617px) 100vw, 1617px\" data-id=\"67696\" src=\"https:\/\/wbp.lublin.pl\/wp-content\/uploads\/2025\/02\/DSC_7113-Enhanced-NR-1617x1080.webp\" alt=\"Prezentacja Agnieszki K\u0119pskiej\u00a0w obiektywie\" class=\"wp-image-67696 not-transparent\" srcset=\"https:\/\/wbp.lublin.pl\/wp-content\/uploads\/2025\/02\/DSC_7113-Enhanced-NR-1617x1080.webp 1617w, https:\/\/wbp.lublin.pl\/wp-content\/uploads\/2025\/02\/DSC_7113-Enhanced-NR-600x401.webp 600w, https:\/\/wbp.lublin.pl\/wp-content\/uploads\/2025\/02\/DSC_7113-Enhanced-NR-400x267.webp 400w, https:\/\/wbp.lublin.pl\/wp-content\/uploads\/2025\/02\/DSC_7113-Enhanced-NR-768x513.webp 768w, https:\/\/wbp.lublin.pl\/wp-content\/uploads\/2025\/02\/DSC_7113-Enhanced-NR-1536x1026.webp 1536w, https:\/\/wbp.lublin.pl\/wp-content\/uploads\/2025\/02\/DSC_7113-Enhanced-NR-947x632.webp 947w, https:\/\/wbp.lublin.pl\/wp-content\/uploads\/2025\/02\/DSC_7113-Enhanced-NR-624x417.webp 624w, https:\/\/wbp.lublin.pl\/wp-content\/uploads\/2025\/02\/DSC_7113-Enhanced-NR-84x56.webp 84w, https:\/\/wbp.lublin.pl\/wp-content\/uploads\/2025\/02\/DSC_7113-Enhanced-NR.webp 1800w\" \/><\/a><figcaption class=\"wp-element-caption\">Prezentacja Agnieszki K\u0119pskiej pt.: \u201ePrzyrodniczo-kulturowa podr\u00f3\u017c do norweskiej krainy Oppland \u2013 majestatycznego kr\u00f3lestwa Kr\u00f3la G\u00f3r\u201d<\/figcaption><\/figure>\n\n\n\n<figure class=\"wp-block-image size-large\"><a href=\"https:\/\/wbp.lublin.pl\/wp-content\/uploads\/2025\/02\/DSC_7129-Enhanced-NR.webp\"><img data-dominant-color=\"978d88\" data-has-transparency=\"false\" style=\"--dominant-color: #978d88;\" loading=\"lazy\" decoding=\"async\" width=\"1800\" height=\"1000\" data-id=\"67710\" src=\"https:\/\/wbp.lublin.pl\/wp-content\/uploads\/2025\/02\/DSC_7129-Enhanced-NR.webp\" alt=\"Prezentacja Agnieszki K\u0119pskiej\u00a0w obiektywie\" class=\"wp-image-67710 not-transparent\" srcset=\"https:\/\/wbp.lublin.pl\/wp-content\/uploads\/2025\/02\/DSC_7129-Enhanced-NR.webp 1800w, https:\/\/wbp.lublin.pl\/wp-content\/uploads\/2025\/02\/DSC_7129-Enhanced-NR-600x333.webp 600w, https:\/\/wbp.lublin.pl\/wp-content\/uploads\/2025\/02\/DSC_7129-Enhanced-NR-400x222.webp 400w, https:\/\/wbp.lublin.pl\/wp-content\/uploads\/2025\/02\/DSC_7129-Enhanced-NR-768x427.webp 768w, https:\/\/wbp.lublin.pl\/wp-content\/uploads\/2025\/02\/DSC_7129-Enhanced-NR-1536x853.webp 1536w, https:\/\/wbp.lublin.pl\/wp-content\/uploads\/2025\/02\/DSC_7129-Enhanced-NR-947x526.webp 947w, https:\/\/wbp.lublin.pl\/wp-content\/uploads\/2025\/02\/DSC_7129-Enhanced-NR-624x347.webp 624w\" sizes=\"auto, (max-width: 1800px) 100vw, 1800px\" \/><\/a><figcaption class=\"wp-element-caption\">Prezentacja Agnieszki K\u0119pskiej pt.: \u201ePrzyrodniczo-kulturowa podr\u00f3\u017c do norweskiej krainy Oppland \u2013 majestatycznego kr\u00f3lestwa Kr\u00f3la G\u00f3r\u201d<\/figcaption><\/figure>\n\n\n\n<figure class=\"wp-block-image size-large\"><a href=\"https:\/\/wbp.lublin.pl\/wp-content\/uploads\/2025\/02\/DSC_7131-Enhanced-NR.webp\"><img data-dominant-color=\"666967\" data-has-transparency=\"false\" style=\"--dominant-color: #666967;\" loading=\"lazy\" decoding=\"async\" width=\"1617\" height=\"1080\" sizes=\"auto, (max-width: 1617px) 100vw, 1617px\" data-id=\"67714\" src=\"https:\/\/wbp.lublin.pl\/wp-content\/uploads\/2025\/02\/DSC_7131-Enhanced-NR-1617x1080.webp\" alt=\"Prezentacja Agnieszki K\u0119pskiej\u00a0w obiektywie\" class=\"wp-image-67714 not-transparent\" srcset=\"https:\/\/wbp.lublin.pl\/wp-content\/uploads\/2025\/02\/DSC_7131-Enhanced-NR-1617x1080.webp 1617w, https:\/\/wbp.lublin.pl\/wp-content\/uploads\/2025\/02\/DSC_7131-Enhanced-NR-600x401.webp 600w, https:\/\/wbp.lublin.pl\/wp-content\/uploads\/2025\/02\/DSC_7131-Enhanced-NR-400x267.webp 400w, https:\/\/wbp.lublin.pl\/wp-content\/uploads\/2025\/02\/DSC_7131-Enhanced-NR-768x513.webp 768w, https:\/\/wbp.lublin.pl\/wp-content\/uploads\/2025\/02\/DSC_7131-Enhanced-NR-1536x1026.webp 1536w, https:\/\/wbp.lublin.pl\/wp-content\/uploads\/2025\/02\/DSC_7131-Enhanced-NR-947x632.webp 947w, https:\/\/wbp.lublin.pl\/wp-content\/uploads\/2025\/02\/DSC_7131-Enhanced-NR-624x417.webp 624w, https:\/\/wbp.lublin.pl\/wp-content\/uploads\/2025\/02\/DSC_7131-Enhanced-NR-84x56.webp 84w, https:\/\/wbp.lublin.pl\/wp-content\/uploads\/2025\/02\/DSC_7131-Enhanced-NR.webp 1800w\" \/><\/a><figcaption class=\"wp-element-caption\">Prezentacja Agnieszki K\u0119pskiej pt.: \u201ePrzyrodniczo-kulturowa podr\u00f3\u017c do norweskiej krainy Oppland \u2013 majestatycznego kr\u00f3lestwa Kr\u00f3la G\u00f3r\u201d<\/figcaption><\/figure>\n\n\n\n<figure class=\"wp-block-image size-large\"><a href=\"https:\/\/wbp.lublin.pl\/wp-content\/uploads\/2025\/02\/DSC_7118-Enhanced-NR.webp\"><img data-dominant-color=\"444948\" data-has-transparency=\"false\" style=\"--dominant-color: #444948;\" loading=\"lazy\" decoding=\"async\" width=\"1617\" height=\"1080\" sizes=\"auto, (max-width: 1617px) 100vw, 1617px\" data-id=\"67701\" src=\"https:\/\/wbp.lublin.pl\/wp-content\/uploads\/2025\/02\/DSC_7118-Enhanced-NR-1617x1080.webp\" alt=\"Prezentacja Agnieszki K\u0119pskiej\u00a0w obiektywie\" class=\"wp-image-67701 not-transparent\" srcset=\"https:\/\/wbp.lublin.pl\/wp-content\/uploads\/2025\/02\/DSC_7118-Enhanced-NR-1617x1080.webp 1617w, https:\/\/wbp.lublin.pl\/wp-content\/uploads\/2025\/02\/DSC_7118-Enhanced-NR-600x401.webp 600w, https:\/\/wbp.lublin.pl\/wp-content\/uploads\/2025\/02\/DSC_7118-Enhanced-NR-400x267.webp 400w, https:\/\/wbp.lublin.pl\/wp-content\/uploads\/2025\/02\/DSC_7118-Enhanced-NR-768x513.webp 768w, https:\/\/wbp.lublin.pl\/wp-content\/uploads\/2025\/02\/DSC_7118-Enhanced-NR-1536x1026.webp 1536w, https:\/\/wbp.lublin.pl\/wp-content\/uploads\/2025\/02\/DSC_7118-Enhanced-NR-947x632.webp 947w, https:\/\/wbp.lublin.pl\/wp-content\/uploads\/2025\/02\/DSC_7118-Enhanced-NR-624x417.webp 624w, https:\/\/wbp.lublin.pl\/wp-content\/uploads\/2025\/02\/DSC_7118-Enhanced-NR-84x56.webp 84w, https:\/\/wbp.lublin.pl\/wp-content\/uploads\/2025\/02\/DSC_7118-Enhanced-NR.webp 1800w\" \/><\/a><figcaption class=\"wp-element-caption\">Prezentacja Agnieszki K\u0119pskiej pt.: \u201ePrzyrodniczo-kulturowa podr\u00f3\u017c do norweskiej krainy Oppland \u2013 majestatycznego kr\u00f3lestwa Kr\u00f3la G\u00f3r\u201d<\/figcaption><\/figure>\n\n\n\n<figure class=\"wp-block-image size-large\"><a href=\"https:\/\/wbp.lublin.pl\/wp-content\/uploads\/2025\/02\/DSC_7119-Enhanced-NR.webp\"><img data-dominant-color=\"454543\" data-has-transparency=\"false\" style=\"--dominant-color: #454543;\" loading=\"lazy\" decoding=\"async\" width=\"1617\" height=\"1080\" sizes=\"auto, (max-width: 1617px) 100vw, 1617px\" data-id=\"67702\" src=\"https:\/\/wbp.lublin.pl\/wp-content\/uploads\/2025\/02\/DSC_7119-Enhanced-NR-1617x1080.webp\" alt=\"Prezentacja Agnieszki K\u0119pskiej\u00a0w obiektywie\" class=\"wp-image-67702 not-transparent\" srcset=\"https:\/\/wbp.lublin.pl\/wp-content\/uploads\/2025\/02\/DSC_7119-Enhanced-NR-1617x1080.webp 1617w, https:\/\/wbp.lublin.pl\/wp-content\/uploads\/2025\/02\/DSC_7119-Enhanced-NR-600x401.webp 600w, https:\/\/wbp.lublin.pl\/wp-content\/uploads\/2025\/02\/DSC_7119-Enhanced-NR-400x267.webp 400w, https:\/\/wbp.lublin.pl\/wp-content\/uploads\/2025\/02\/DSC_7119-Enhanced-NR-768x513.webp 768w, https:\/\/wbp.lublin.pl\/wp-content\/uploads\/2025\/02\/DSC_7119-Enhanced-NR-1536x1026.webp 1536w, https:\/\/wbp.lublin.pl\/wp-content\/uploads\/2025\/02\/DSC_7119-Enhanced-NR-947x632.webp 947w, https:\/\/wbp.lublin.pl\/wp-content\/uploads\/2025\/02\/DSC_7119-Enhanced-NR-624x417.webp 624w, https:\/\/wbp.lublin.pl\/wp-content\/uploads\/2025\/02\/DSC_7119-Enhanced-NR-84x56.webp 84w, https:\/\/wbp.lublin.pl\/wp-content\/uploads\/2025\/02\/DSC_7119-Enhanced-NR.webp 1800w\" \/><\/a><figcaption class=\"wp-element-caption\">Prezentacja Agnieszki K\u0119pskiej pt.: \u201ePrzyrodniczo-kulturowa podr\u00f3\u017c do norweskiej krainy Oppland \u2013 majestatycznego kr\u00f3lestwa Kr\u00f3la G\u00f3r\u201d<\/figcaption><\/figure>\n<\/figure>\n\n\n\n<p class=\"wp-block-paragraph\">Fot. Maciej Koz\u0142owski<\/p>\n\n\n\n<p class=\"has-text-align-right wp-block-paragraph\"><em>Dzia\u0142 Informacji i Promocji<\/em><\/p>\n","protected":false},"excerpt":{"rendered":"","protected":false},"author":21,"featured_media":67710,"comment_status":"closed","ping_status":"closed","sticky":false,"template":"","format":"standard","meta":{"_tec_requires_first_save":true,"_crdt_document":"","pgc_sgb_lightbox_settings":"","_EventAllDay":false,"_EventTimezone":"","_EventStartDate":"","_EventEndDate":"","_EventStartDateUTC":"","_EventEndDateUTC":"","_EventShowMap":false,"_EventShowMapLink":false,"_EventURL":"","_EventCost":"","_EventCostDescription":"","_EventCurrencySymbol":"","_EventCurrencyCode":"","_EventCurrencyPosition":"","_EventDateTimeSeparator":"","_EventTimeRangeSeparator":"","_EventOrganizerID":[],"_EventVenueID":[],"_OrganizerEmail":"","_OrganizerPhone":"","_OrganizerWebsite":"","_VenueAddress":"","_VenueCity":"","_VenueCountry":"","_VenueProvince":"","_VenueState":"","_VenueZip":"","_VenuePhone":"","_VenueURL":"","_VenueStateProvince":"","_VenueLat":"","_VenueLng":"","_VenueShowMap":false,"_VenueShowMapLink":false,"_tribe_blocks_recurrence_rules":"","_tribe_blocks_recurrence_description":"","_tribe_blocks_recurrence_exclusions":"","footnotes":""},"categories":[537,540,10,54],"tags":[],"class_list":["post-67653","post","type-post","status-publish","format-standard","has-post-thumbnail","hentry","category-archiwum-wydarzen","category-spotkania-autorskie-w-obiektywie","category-aktualnosci","category-spotkania"],"publishpress_future_action":{"enabled":false,"date":"2026-05-04 05:10:19","action":"change-status","newStatus":"draft","terms":[],"taxonomy":"category","extraData":[]},"publishpress_future_workflow_manual_trigger":{"enabledWorkflows":[]},"_links":{"self":[{"href":"https:\/\/wbp.lublin.pl\/index.php\/wp-json\/wp\/v2\/posts\/67653","targetHints":{"allow":["GET"]}}],"collection":[{"href":"https:\/\/wbp.lublin.pl\/index.php\/wp-json\/wp\/v2\/posts"}],"about":[{"href":"https:\/\/wbp.lublin.pl\/index.php\/wp-json\/wp\/v2\/types\/post"}],"author":[{"embeddable":true,"href":"https:\/\/wbp.lublin.pl\/index.php\/wp-json\/wp\/v2\/users\/21"}],"replies":[{"embeddable":true,"href":"https:\/\/wbp.lublin.pl\/index.php\/wp-json\/wp\/v2\/comments?post=67653"}],"version-history":[{"count":2,"href":"https:\/\/wbp.lublin.pl\/index.php\/wp-json\/wp\/v2\/posts\/67653\/revisions"}],"predecessor-version":[{"id":67906,"href":"https:\/\/wbp.lublin.pl\/index.php\/wp-json\/wp\/v2\/posts\/67653\/revisions\/67906"}],"wp:featuredmedia":[{"embeddable":true,"href":"https:\/\/wbp.lublin.pl\/index.php\/wp-json\/wp\/v2\/media\/67710"}],"wp:attachment":[{"href":"https:\/\/wbp.lublin.pl\/index.php\/wp-json\/wp\/v2\/media?parent=67653"}],"wp:term":[{"taxonomy":"category","embeddable":true,"href":"https:\/\/wbp.lublin.pl\/index.php\/wp-json\/wp\/v2\/categories?post=67653"},{"taxonomy":"post_tag","embeddable":true,"href":"https:\/\/wbp.lublin.pl\/index.php\/wp-json\/wp\/v2\/tags?post=67653"}],"curies":[{"name":"wp","href":"https:\/\/api.w.org\/{rel}","templated":true}]}}