{"id":68872,"date":"2025-03-28T10:06:22","date_gmt":"2025-03-28T09:06:22","guid":{"rendered":"https:\/\/wbp.lublin.pl\/?p=68872"},"modified":"2025-04-08T12:26:20","modified_gmt":"2025-04-08T10:26:20","slug":"czytanie-performatywne-dramatu-grupa-krwi-anny-wakulik-w-obiektywie","status":"publish","type":"post","link":"https:\/\/wbp.lublin.pl\/index.php\/2025\/03\/28\/czytanie-performatywne-dramatu-grupa-krwi-anny-wakulik-w-obiektywie\/","title":{"rendered":"Czytanie performatywne dramatu &#8222;Grupa krwi&#8221; Anny Wakulik &#8211; w obiektywie"},"content":{"rendered":"\n<!--more-->\n\n\n\n<p class=\"wp-block-paragraph\">Z okazji Mi\u0119dzynarodowego Dnia Teatru w Galerii Biblioteki odby\u0142o si\u0119 czytanie performatywne dramatu \u201eGrupa krwi\u201d autorstwa Anny Wakulik. Wydarzenie, zorganizowane przez Teatr im. Juliusza Osterwy w Lublinie, by\u0142o inauguracj\u0105 nowego cyklu Dramat Teraz!, po\u015bwi\u0119conego wsp\u00f3\u0142czesnej dramaturgii.<\/p>\n\n\n\n<p class=\"wp-block-paragraph\">Spektakl w adaptacji i re\u017cyserii <strong>Rafa\u0142a Szumskiego<\/strong> to okazja, by pozna\u0107 tekst powsta\u0142y w ramach presti\u017cowego programu Dramatopisanie organizowanego przez Instytut Teatralny im. Zbigniewa Raszewskiego.<\/p>\n\n\n\n<p class=\"wp-block-paragraph\">W czytaniu performatywnym wzi\u0119li udzia\u0142:<\/p>\n\n\n\n<p class=\"wp-block-paragraph\"><strong>Hanka Bruli\u0144ska<\/strong><\/p>\n\n\n\n<p class=\"wp-block-paragraph\"><strong>Edyta Ostojak<\/strong><\/p>\n\n\n\n<p class=\"wp-block-paragraph\"><strong>Krzysztof Olchawa<\/strong><\/p>\n\n\n\n<p class=\"wp-block-paragraph\"><strong>Daniel Salman<\/strong><\/p>\n\n\n\n<p class=\"wp-block-paragraph\">Po prezentacji odby\u0142o si\u0119 spotkanie z re\u017cyserem i aktorami, podczas kt\u00f3rego publiczno\u015b\u0107 mia\u0142a okazj\u0119 porozmawia\u0107 o tek\u015bcie oraz teatralnej interpretacji dramatu.<\/p>\n\n\n\n<figure class=\"wp-block-gallery has-nested-images columns-default is-cropped wp-block-gallery-1 is-layout-flex wp-block-gallery-is-layout-flex\">\n<figure class=\"wp-block-image size-large\"><a href=\"https:\/\/wbp.lublin.pl\/wp-content\/uploads\/2025\/03\/DSC_1122-scaled.webp\"><img data-dominant-color=\"886e73\" data-has-transparency=\"false\" style=\"--dominant-color: #886e73;\" loading=\"lazy\" decoding=\"async\" width=\"1337\" height=\"1080\" sizes=\"auto, (max-width: 1337px) 100vw, 1337px\" data-id=\"68873\" src=\"https:\/\/wbp.lublin.pl\/wp-content\/uploads\/2025\/03\/DSC_1122-1337x1080.webp\" alt=\"\" class=\"wp-image-68873 not-transparent\" srcset=\"https:\/\/wbp.lublin.pl\/wp-content\/uploads\/2025\/03\/DSC_1122-1337x1080.webp 1337w, https:\/\/wbp.lublin.pl\/wp-content\/uploads\/2025\/03\/DSC_1122-600x485.webp 600w, https:\/\/wbp.lublin.pl\/wp-content\/uploads\/2025\/03\/DSC_1122-400x323.webp 400w, https:\/\/wbp.lublin.pl\/wp-content\/uploads\/2025\/03\/DSC_1122-768x620.webp 768w, https:\/\/wbp.lublin.pl\/wp-content\/uploads\/2025\/03\/DSC_1122-1536x1240.webp 1536w, https:\/\/wbp.lublin.pl\/wp-content\/uploads\/2025\/03\/DSC_1122-2048x1654.webp 2048w, https:\/\/wbp.lublin.pl\/wp-content\/uploads\/2025\/03\/DSC_1122-947x765.webp 947w, https:\/\/wbp.lublin.pl\/wp-content\/uploads\/2025\/03\/DSC_1122-624x504.webp 624w\" \/><\/a><figcaption class=\"wp-element-caption\">Dr hab. Jaros\u0142aw Cymerman<\/figcaption><\/figure>\n\n\n\n<figure class=\"wp-block-image size-large\"><a href=\"https:\/\/wbp.lublin.pl\/wp-content\/uploads\/2025\/03\/DSC_1124-scaled.webp\"><img data-dominant-color=\"86776f\" data-has-transparency=\"false\" style=\"--dominant-color: #86776f;\" loading=\"lazy\" decoding=\"async\" width=\"1618\" height=\"1080\" sizes=\"auto, (max-width: 1618px) 100vw, 1618px\" data-id=\"68875\" src=\"https:\/\/wbp.lublin.pl\/wp-content\/uploads\/2025\/03\/DSC_1124-1618x1080.webp\" alt=\"\" class=\"wp-image-68875 not-transparent\" srcset=\"https:\/\/wbp.lublin.pl\/wp-content\/uploads\/2025\/03\/DSC_1124-1618x1080.webp 1618w, https:\/\/wbp.lublin.pl\/wp-content\/uploads\/2025\/03\/DSC_1124-600x401.webp 600w, https:\/\/wbp.lublin.pl\/wp-content\/uploads\/2025\/03\/DSC_1124-400x267.webp 400w, https:\/\/wbp.lublin.pl\/wp-content\/uploads\/2025\/03\/DSC_1124-768x513.webp 768w, https:\/\/wbp.lublin.pl\/wp-content\/uploads\/2025\/03\/DSC_1124-1536x1025.webp 1536w, https:\/\/wbp.lublin.pl\/wp-content\/uploads\/2025\/03\/DSC_1124-2048x1367.webp 2048w, https:\/\/wbp.lublin.pl\/wp-content\/uploads\/2025\/03\/DSC_1124-947x632.webp 947w, https:\/\/wbp.lublin.pl\/wp-content\/uploads\/2025\/03\/DSC_1124-624x417.webp 624w, https:\/\/wbp.lublin.pl\/wp-content\/uploads\/2025\/03\/DSC_1124-84x56.webp 84w\" \/><\/a><figcaption class=\"wp-element-caption\">Dr hab. Jaros\u0142aw Cymerman<\/figcaption><\/figure>\n\n\n\n<figure class=\"wp-block-image size-large\"><a href=\"https:\/\/wbp.lublin.pl\/wp-content\/uploads\/2025\/03\/DSC_1134-scaled.webp\"><img data-dominant-color=\"7b6566\" data-has-transparency=\"false\" style=\"--dominant-color: #7b6566;\" loading=\"lazy\" decoding=\"async\" width=\"1618\" height=\"1080\" sizes=\"auto, (max-width: 1618px) 100vw, 1618px\" data-id=\"68878\" src=\"https:\/\/wbp.lublin.pl\/wp-content\/uploads\/2025\/03\/DSC_1134-1618x1080.webp\" alt=\"jjj\" class=\"wp-image-68878 not-transparent\" srcset=\"https:\/\/wbp.lublin.pl\/wp-content\/uploads\/2025\/03\/DSC_1134-1618x1080.webp 1618w, https:\/\/wbp.lublin.pl\/wp-content\/uploads\/2025\/03\/DSC_1134-600x401.webp 600w, https:\/\/wbp.lublin.pl\/wp-content\/uploads\/2025\/03\/DSC_1134-400x267.webp 400w, https:\/\/wbp.lublin.pl\/wp-content\/uploads\/2025\/03\/DSC_1134-768x513.webp 768w, https:\/\/wbp.lublin.pl\/wp-content\/uploads\/2025\/03\/DSC_1134-1536x1025.webp 1536w, https:\/\/wbp.lublin.pl\/wp-content\/uploads\/2025\/03\/DSC_1134-2048x1367.webp 2048w, https:\/\/wbp.lublin.pl\/wp-content\/uploads\/2025\/03\/DSC_1134-947x632.webp 947w, https:\/\/wbp.lublin.pl\/wp-content\/uploads\/2025\/03\/DSC_1134-624x417.webp 624w, https:\/\/wbp.lublin.pl\/wp-content\/uploads\/2025\/03\/DSC_1134-84x56.webp 84w\" \/><\/a><figcaption class=\"wp-element-caption\">Widz\u00f3w przywita\u0142 Andrzej Rolla &#8211; Dyrektor Wojew\u00f3dzkiej Biblioteki Publicznej im. H. \u0141opaci\u0144skiego w Lublinie<\/figcaption><\/figure>\n\n\n\n<figure class=\"wp-block-image size-large\"><a href=\"https:\/\/wbp.lublin.pl\/wp-content\/uploads\/2025\/03\/DSC_1144-scaled.webp\"><img data-dominant-color=\"79656f\" data-has-transparency=\"false\" style=\"--dominant-color: #79656f;\" loading=\"lazy\" decoding=\"async\" width=\"1618\" height=\"1080\" sizes=\"auto, (max-width: 1618px) 100vw, 1618px\" data-id=\"68876\" src=\"https:\/\/wbp.lublin.pl\/wp-content\/uploads\/2025\/03\/DSC_1144-1618x1080.webp\" alt=\"jjj\" class=\"wp-image-68876 not-transparent\" srcset=\"https:\/\/wbp.lublin.pl\/wp-content\/uploads\/2025\/03\/DSC_1144-1618x1080.webp 1618w, https:\/\/wbp.lublin.pl\/wp-content\/uploads\/2025\/03\/DSC_1144-600x401.webp 600w, https:\/\/wbp.lublin.pl\/wp-content\/uploads\/2025\/03\/DSC_1144-400x267.webp 400w, https:\/\/wbp.lublin.pl\/wp-content\/uploads\/2025\/03\/DSC_1144-768x513.webp 768w, https:\/\/wbp.lublin.pl\/wp-content\/uploads\/2025\/03\/DSC_1144-1536x1025.webp 1536w, https:\/\/wbp.lublin.pl\/wp-content\/uploads\/2025\/03\/DSC_1144-2048x1367.webp 2048w, https:\/\/wbp.lublin.pl\/wp-content\/uploads\/2025\/03\/DSC_1144-947x632.webp 947w, https:\/\/wbp.lublin.pl\/wp-content\/uploads\/2025\/03\/DSC_1144-624x417.webp 624w, https:\/\/wbp.lublin.pl\/wp-content\/uploads\/2025\/03\/DSC_1144-84x56.webp 84w\" \/><\/a><figcaption class=\"wp-element-caption\">Widz\u00f3w przywita\u0142 Andrzej Rolla &#8211; Dyrektor Wojew\u00f3dzkiej Biblioteki Publicznej im. H. \u0141opaci\u0144skiego w Lublinie<\/figcaption><\/figure>\n\n\n\n<figure class=\"wp-block-image size-large\"><a href=\"https:\/\/wbp.lublin.pl\/wp-content\/uploads\/2025\/03\/DSC_1148-scaled.webp\"><img data-dominant-color=\"654e49\" data-has-transparency=\"false\" style=\"--dominant-color: #654e49;\" loading=\"lazy\" decoding=\"async\" width=\"1618\" height=\"1080\" sizes=\"auto, (max-width: 1618px) 100vw, 1618px\" data-id=\"68879\" src=\"https:\/\/wbp.lublin.pl\/wp-content\/uploads\/2025\/03\/DSC_1148-1618x1080.webp\" alt=\"jjj\" class=\"wp-image-68879 not-transparent\" srcset=\"https:\/\/wbp.lublin.pl\/wp-content\/uploads\/2025\/03\/DSC_1148-1618x1080.webp 1618w, https:\/\/wbp.lublin.pl\/wp-content\/uploads\/2025\/03\/DSC_1148-600x401.webp 600w, https:\/\/wbp.lublin.pl\/wp-content\/uploads\/2025\/03\/DSC_1148-400x267.webp 400w, https:\/\/wbp.lublin.pl\/wp-content\/uploads\/2025\/03\/DSC_1148-768x513.webp 768w, https:\/\/wbp.lublin.pl\/wp-content\/uploads\/2025\/03\/DSC_1148-1536x1025.webp 1536w, https:\/\/wbp.lublin.pl\/wp-content\/uploads\/2025\/03\/DSC_1148-2048x1367.webp 2048w, https:\/\/wbp.lublin.pl\/wp-content\/uploads\/2025\/03\/DSC_1148-947x632.webp 947w, https:\/\/wbp.lublin.pl\/wp-content\/uploads\/2025\/03\/DSC_1148-624x417.webp 624w, https:\/\/wbp.lublin.pl\/wp-content\/uploads\/2025\/03\/DSC_1148-84x56.webp 84w\" \/><\/a><\/figure>\n\n\n\n<figure class=\"wp-block-image size-large\"><a href=\"https:\/\/wbp.lublin.pl\/wp-content\/uploads\/2025\/03\/DSC_1150-scaled.webp\"><img data-dominant-color=\"67565a\" data-has-transparency=\"false\" style=\"--dominant-color: #67565a;\" loading=\"lazy\" decoding=\"async\" width=\"1537\" height=\"1080\" sizes=\"auto, (max-width: 1537px) 100vw, 1537px\" data-id=\"68880\" src=\"https:\/\/wbp.lublin.pl\/wp-content\/uploads\/2025\/03\/DSC_1150-1537x1080.webp\" alt=\"jjj\" class=\"wp-image-68880 not-transparent\" srcset=\"https:\/\/wbp.lublin.pl\/wp-content\/uploads\/2025\/03\/DSC_1150-1537x1080.webp 1537w, https:\/\/wbp.lublin.pl\/wp-content\/uploads\/2025\/03\/DSC_1150-600x422.webp 600w, https:\/\/wbp.lublin.pl\/wp-content\/uploads\/2025\/03\/DSC_1150-400x281.webp 400w, https:\/\/wbp.lublin.pl\/wp-content\/uploads\/2025\/03\/DSC_1150-768x540.webp 768w, https:\/\/wbp.lublin.pl\/wp-content\/uploads\/2025\/03\/DSC_1150-1536x1080.webp 1536w, https:\/\/wbp.lublin.pl\/wp-content\/uploads\/2025\/03\/DSC_1150-2048x1439.webp 2048w, https:\/\/wbp.lublin.pl\/wp-content\/uploads\/2025\/03\/DSC_1150-947x666.webp 947w, https:\/\/wbp.lublin.pl\/wp-content\/uploads\/2025\/03\/DSC_1150-624x439.webp 624w\" \/><\/a><\/figure>\n\n\n\n<figure class=\"wp-block-image size-large\"><a href=\"https:\/\/wbp.lublin.pl\/wp-content\/uploads\/2025\/03\/DSC_1155-scaled.webp\"><img data-dominant-color=\"815f54\" data-has-transparency=\"false\" style=\"--dominant-color: #815f54;\" loading=\"lazy\" decoding=\"async\" width=\"558\" height=\"1080\" sizes=\"auto, (max-width: 558px) 100vw, 558px\" data-id=\"68881\" src=\"https:\/\/wbp.lublin.pl\/wp-content\/uploads\/2025\/03\/DSC_1155-558x1080.webp\" alt=\"jjj\" class=\"wp-image-68881 not-transparent\" srcset=\"https:\/\/wbp.lublin.pl\/wp-content\/uploads\/2025\/03\/DSC_1155-558x1080.webp 558w, https:\/\/wbp.lublin.pl\/wp-content\/uploads\/2025\/03\/DSC_1155-310x600.webp 310w, https:\/\/wbp.lublin.pl\/wp-content\/uploads\/2025\/03\/DSC_1155-207x400.webp 207w, https:\/\/wbp.lublin.pl\/wp-content\/uploads\/2025\/03\/DSC_1155-768x1487.webp 768w, https:\/\/wbp.lublin.pl\/wp-content\/uploads\/2025\/03\/DSC_1155-793x1536.webp 793w, https:\/\/wbp.lublin.pl\/wp-content\/uploads\/2025\/03\/DSC_1155-1058x2048.webp 1058w, https:\/\/wbp.lublin.pl\/wp-content\/uploads\/2025\/03\/DSC_1155-947x1834.webp 947w, https:\/\/wbp.lublin.pl\/wp-content\/uploads\/2025\/03\/DSC_1155-624x1208.webp 624w, https:\/\/wbp.lublin.pl\/wp-content\/uploads\/2025\/03\/DSC_1155-scaled.webp 1322w\" \/><\/a><\/figure>\n\n\n\n<figure class=\"wp-block-image size-large\"><a href=\"https:\/\/wbp.lublin.pl\/wp-content\/uploads\/2025\/03\/DSC_1160-scaled.webp\"><img data-dominant-color=\"7f5749\" data-has-transparency=\"false\" style=\"--dominant-color: #7f5749;\" loading=\"lazy\" decoding=\"async\" width=\"721\" height=\"1080\" sizes=\"auto, (max-width: 721px) 100vw, 721px\" data-id=\"68882\" src=\"https:\/\/wbp.lublin.pl\/wp-content\/uploads\/2025\/03\/DSC_1160-721x1080.webp\" alt=\"jjj\" class=\"wp-image-68882 not-transparent\" srcset=\"https:\/\/wbp.lublin.pl\/wp-content\/uploads\/2025\/03\/DSC_1160-721x1080.webp 721w, https:\/\/wbp.lublin.pl\/wp-content\/uploads\/2025\/03\/DSC_1160-401x600.webp 401w, https:\/\/wbp.lublin.pl\/wp-content\/uploads\/2025\/03\/DSC_1160-267x400.webp 267w, https:\/\/wbp.lublin.pl\/wp-content\/uploads\/2025\/03\/DSC_1160-768x1150.webp 768w, https:\/\/wbp.lublin.pl\/wp-content\/uploads\/2025\/03\/DSC_1160-1025x1536.webp 1025w, https:\/\/wbp.lublin.pl\/wp-content\/uploads\/2025\/03\/DSC_1160-1367x2048.webp 1367w, https:\/\/wbp.lublin.pl\/wp-content\/uploads\/2025\/03\/DSC_1160-947x1419.webp 947w, https:\/\/wbp.lublin.pl\/wp-content\/uploads\/2025\/03\/DSC_1160-624x935.webp 624w, https:\/\/wbp.lublin.pl\/wp-content\/uploads\/2025\/03\/DSC_1160-scaled.webp 1709w\" \/><\/a><\/figure>\n\n\n\n<figure class=\"wp-block-image size-large\"><a href=\"https:\/\/wbp.lublin.pl\/wp-content\/uploads\/2025\/03\/DSC_1163-scaled.webp\"><img data-dominant-color=\"826e66\" data-has-transparency=\"false\" style=\"--dominant-color: #826e66;\" loading=\"lazy\" decoding=\"async\" width=\"1618\" height=\"1080\" sizes=\"auto, (max-width: 1618px) 100vw, 1618px\" data-id=\"68883\" src=\"https:\/\/wbp.lublin.pl\/wp-content\/uploads\/2025\/03\/DSC_1163-1618x1080.webp\" alt=\"jjj\" class=\"wp-image-68883 not-transparent\" srcset=\"https:\/\/wbp.lublin.pl\/wp-content\/uploads\/2025\/03\/DSC_1163-1618x1080.webp 1618w, https:\/\/wbp.lublin.pl\/wp-content\/uploads\/2025\/03\/DSC_1163-600x401.webp 600w, https:\/\/wbp.lublin.pl\/wp-content\/uploads\/2025\/03\/DSC_1163-400x267.webp 400w, https:\/\/wbp.lublin.pl\/wp-content\/uploads\/2025\/03\/DSC_1163-768x513.webp 768w, https:\/\/wbp.lublin.pl\/wp-content\/uploads\/2025\/03\/DSC_1163-1536x1025.webp 1536w, https:\/\/wbp.lublin.pl\/wp-content\/uploads\/2025\/03\/DSC_1163-2048x1367.webp 2048w, https:\/\/wbp.lublin.pl\/wp-content\/uploads\/2025\/03\/DSC_1163-947x632.webp 947w, https:\/\/wbp.lublin.pl\/wp-content\/uploads\/2025\/03\/DSC_1163-624x417.webp 624w, https:\/\/wbp.lublin.pl\/wp-content\/uploads\/2025\/03\/DSC_1163-84x56.webp 84w\" \/><\/a><\/figure>\n\n\n\n<figure class=\"wp-block-image size-large\"><a href=\"https:\/\/wbp.lublin.pl\/wp-content\/uploads\/2025\/03\/DSC_1165-scaled.webp\"><img data-dominant-color=\"8d7063\" data-has-transparency=\"false\" style=\"--dominant-color: #8d7063;\" loading=\"lazy\" decoding=\"async\" width=\"721\" height=\"1080\" sizes=\"auto, (max-width: 721px) 100vw, 721px\" data-id=\"68885\" src=\"https:\/\/wbp.lublin.pl\/wp-content\/uploads\/2025\/03\/DSC_1165-721x1080.webp\" alt=\"jjj\" class=\"wp-image-68885 not-transparent\" srcset=\"https:\/\/wbp.lublin.pl\/wp-content\/uploads\/2025\/03\/DSC_1165-721x1080.webp 721w, https:\/\/wbp.lublin.pl\/wp-content\/uploads\/2025\/03\/DSC_1165-401x600.webp 401w, https:\/\/wbp.lublin.pl\/wp-content\/uploads\/2025\/03\/DSC_1165-267x400.webp 267w, https:\/\/wbp.lublin.pl\/wp-content\/uploads\/2025\/03\/DSC_1165-768x1150.webp 768w, https:\/\/wbp.lublin.pl\/wp-content\/uploads\/2025\/03\/DSC_1165-1025x1536.webp 1025w, https:\/\/wbp.lublin.pl\/wp-content\/uploads\/2025\/03\/DSC_1165-1367x2048.webp 1367w, https:\/\/wbp.lublin.pl\/wp-content\/uploads\/2025\/03\/DSC_1165-947x1419.webp 947w, https:\/\/wbp.lublin.pl\/wp-content\/uploads\/2025\/03\/DSC_1165-624x935.webp 624w, https:\/\/wbp.lublin.pl\/wp-content\/uploads\/2025\/03\/DSC_1165-scaled.webp 1709w\" \/><\/a><\/figure>\n\n\n\n<figure class=\"wp-block-image size-large\"><a href=\"https:\/\/wbp.lublin.pl\/wp-content\/uploads\/2025\/03\/DSC_1169-scaled.webp\"><img data-dominant-color=\"785f57\" data-has-transparency=\"false\" style=\"--dominant-color: #785f57;\" loading=\"lazy\" decoding=\"async\" width=\"1618\" height=\"1080\" sizes=\"auto, (max-width: 1618px) 100vw, 1618px\" data-id=\"68886\" src=\"https:\/\/wbp.lublin.pl\/wp-content\/uploads\/2025\/03\/DSC_1169-1618x1080.webp\" alt=\"jjj\" class=\"wp-image-68886 not-transparent\" srcset=\"https:\/\/wbp.lublin.pl\/wp-content\/uploads\/2025\/03\/DSC_1169-1618x1080.webp 1618w, https:\/\/wbp.lublin.pl\/wp-content\/uploads\/2025\/03\/DSC_1169-600x401.webp 600w, https:\/\/wbp.lublin.pl\/wp-content\/uploads\/2025\/03\/DSC_1169-400x267.webp 400w, https:\/\/wbp.lublin.pl\/wp-content\/uploads\/2025\/03\/DSC_1169-768x513.webp 768w, https:\/\/wbp.lublin.pl\/wp-content\/uploads\/2025\/03\/DSC_1169-1536x1025.webp 1536w, https:\/\/wbp.lublin.pl\/wp-content\/uploads\/2025\/03\/DSC_1169-2048x1367.webp 2048w, https:\/\/wbp.lublin.pl\/wp-content\/uploads\/2025\/03\/DSC_1169-947x632.webp 947w, https:\/\/wbp.lublin.pl\/wp-content\/uploads\/2025\/03\/DSC_1169-624x417.webp 624w, https:\/\/wbp.lublin.pl\/wp-content\/uploads\/2025\/03\/DSC_1169-84x56.webp 84w\" \/><\/a><\/figure>\n\n\n\n<figure class=\"wp-block-image size-large\"><a href=\"https:\/\/wbp.lublin.pl\/wp-content\/uploads\/2025\/03\/DSC_1173-scaled.webp\"><img data-dominant-color=\"735956\" data-has-transparency=\"false\" style=\"--dominant-color: #735956;\" loading=\"lazy\" decoding=\"async\" width=\"1317\" height=\"1080\" sizes=\"auto, (max-width: 1317px) 100vw, 1317px\" data-id=\"68887\" src=\"https:\/\/wbp.lublin.pl\/wp-content\/uploads\/2025\/03\/DSC_1173-1317x1080.webp\" alt=\"jjj\" class=\"wp-image-68887 not-transparent\" srcset=\"https:\/\/wbp.lublin.pl\/wp-content\/uploads\/2025\/03\/DSC_1173-1317x1080.webp 1317w, https:\/\/wbp.lublin.pl\/wp-content\/uploads\/2025\/03\/DSC_1173-600x492.webp 600w, https:\/\/wbp.lublin.pl\/wp-content\/uploads\/2025\/03\/DSC_1173-400x328.webp 400w, https:\/\/wbp.lublin.pl\/wp-content\/uploads\/2025\/03\/DSC_1173-768x630.webp 768w, https:\/\/wbp.lublin.pl\/wp-content\/uploads\/2025\/03\/DSC_1173-1536x1260.webp 1536w, https:\/\/wbp.lublin.pl\/wp-content\/uploads\/2025\/03\/DSC_1173-2048x1680.webp 2048w, https:\/\/wbp.lublin.pl\/wp-content\/uploads\/2025\/03\/DSC_1173-947x777.webp 947w, https:\/\/wbp.lublin.pl\/wp-content\/uploads\/2025\/03\/DSC_1173-624x512.webp 624w\" \/><\/a><\/figure>\n\n\n\n<figure class=\"wp-block-image size-large\"><a href=\"https:\/\/wbp.lublin.pl\/wp-content\/uploads\/2025\/03\/DSC_1176-scaled.webp\"><img data-dominant-color=\"7f6058\" data-has-transparency=\"false\" style=\"--dominant-color: #7f6058;\" loading=\"lazy\" decoding=\"async\" width=\"1286\" height=\"1080\" sizes=\"auto, (max-width: 1286px) 100vw, 1286px\" data-id=\"68888\" src=\"https:\/\/wbp.lublin.pl\/wp-content\/uploads\/2025\/03\/DSC_1176-1286x1080.webp\" alt=\"jjj\" class=\"wp-image-68888 not-transparent\" srcset=\"https:\/\/wbp.lublin.pl\/wp-content\/uploads\/2025\/03\/DSC_1176-1286x1080.webp 1286w, https:\/\/wbp.lublin.pl\/wp-content\/uploads\/2025\/03\/DSC_1176-600x504.webp 600w, https:\/\/wbp.lublin.pl\/wp-content\/uploads\/2025\/03\/DSC_1176-400x336.webp 400w, https:\/\/wbp.lublin.pl\/wp-content\/uploads\/2025\/03\/DSC_1176-768x645.webp 768w, https:\/\/wbp.lublin.pl\/wp-content\/uploads\/2025\/03\/DSC_1176-1536x1290.webp 1536w, https:\/\/wbp.lublin.pl\/wp-content\/uploads\/2025\/03\/DSC_1176-2048x1720.webp 2048w, https:\/\/wbp.lublin.pl\/wp-content\/uploads\/2025\/03\/DSC_1176-947x795.webp 947w, https:\/\/wbp.lublin.pl\/wp-content\/uploads\/2025\/03\/DSC_1176-624x524.webp 624w\" \/><\/a><\/figure>\n\n\n\n<figure class=\"wp-block-image size-large\"><a href=\"https:\/\/wbp.lublin.pl\/wp-content\/uploads\/2025\/03\/DSC_1181-scaled.webp\"><img data-dominant-color=\"886e61\" data-has-transparency=\"false\" style=\"--dominant-color: #886e61;\" loading=\"lazy\" decoding=\"async\" width=\"1618\" height=\"1080\" sizes=\"auto, (max-width: 1618px) 100vw, 1618px\" data-id=\"68889\" src=\"https:\/\/wbp.lublin.pl\/wp-content\/uploads\/2025\/03\/DSC_1181-1618x1080.webp\" alt=\"jjj\" class=\"wp-image-68889 not-transparent\" srcset=\"https:\/\/wbp.lublin.pl\/wp-content\/uploads\/2025\/03\/DSC_1181-1618x1080.webp 1618w, https:\/\/wbp.lublin.pl\/wp-content\/uploads\/2025\/03\/DSC_1181-600x401.webp 600w, https:\/\/wbp.lublin.pl\/wp-content\/uploads\/2025\/03\/DSC_1181-400x267.webp 400w, https:\/\/wbp.lublin.pl\/wp-content\/uploads\/2025\/03\/DSC_1181-768x513.webp 768w, https:\/\/wbp.lublin.pl\/wp-content\/uploads\/2025\/03\/DSC_1181-1536x1025.webp 1536w, https:\/\/wbp.lublin.pl\/wp-content\/uploads\/2025\/03\/DSC_1181-2048x1367.webp 2048w, https:\/\/wbp.lublin.pl\/wp-content\/uploads\/2025\/03\/DSC_1181-947x632.webp 947w, https:\/\/wbp.lublin.pl\/wp-content\/uploads\/2025\/03\/DSC_1181-624x417.webp 624w, https:\/\/wbp.lublin.pl\/wp-content\/uploads\/2025\/03\/DSC_1181-84x56.webp 84w\" \/><\/a><\/figure>\n\n\n\n<figure class=\"wp-block-image size-large\"><a href=\"https:\/\/wbp.lublin.pl\/wp-content\/uploads\/2025\/03\/DSC_1185-scaled.webp\"><img data-dominant-color=\"725a52\" data-has-transparency=\"false\" style=\"--dominant-color: #725a52;\" loading=\"lazy\" decoding=\"async\" width=\"1443\" height=\"1080\" sizes=\"auto, (max-width: 1443px) 100vw, 1443px\" data-id=\"68890\" src=\"https:\/\/wbp.lublin.pl\/wp-content\/uploads\/2025\/03\/DSC_1185-1443x1080.webp\" alt=\"jjj\" class=\"wp-image-68890 not-transparent\" srcset=\"https:\/\/wbp.lublin.pl\/wp-content\/uploads\/2025\/03\/DSC_1185-1443x1080.webp 1443w, https:\/\/wbp.lublin.pl\/wp-content\/uploads\/2025\/03\/DSC_1185-600x449.webp 600w, https:\/\/wbp.lublin.pl\/wp-content\/uploads\/2025\/03\/DSC_1185-400x299.webp 400w, https:\/\/wbp.lublin.pl\/wp-content\/uploads\/2025\/03\/DSC_1185-768x575.webp 768w, https:\/\/wbp.lublin.pl\/wp-content\/uploads\/2025\/03\/DSC_1185-1536x1149.webp 1536w, https:\/\/wbp.lublin.pl\/wp-content\/uploads\/2025\/03\/DSC_1185-2048x1532.webp 2048w, https:\/\/wbp.lublin.pl\/wp-content\/uploads\/2025\/03\/DSC_1185-947x709.webp 947w, https:\/\/wbp.lublin.pl\/wp-content\/uploads\/2025\/03\/DSC_1185-624x467.webp 624w\" \/><\/a><\/figure>\n\n\n\n<figure class=\"wp-block-image size-large\"><a href=\"https:\/\/wbp.lublin.pl\/wp-content\/uploads\/2025\/03\/DSC_1188-scaled.webp\"><img data-dominant-color=\"826760\" data-has-transparency=\"false\" style=\"--dominant-color: #826760;\" loading=\"lazy\" decoding=\"async\" width=\"1618\" height=\"1080\" sizes=\"auto, (max-width: 1618px) 100vw, 1618px\" data-id=\"68891\" src=\"https:\/\/wbp.lublin.pl\/wp-content\/uploads\/2025\/03\/DSC_1188-1618x1080.webp\" alt=\"jjj\" class=\"wp-image-68891 not-transparent\" srcset=\"https:\/\/wbp.lublin.pl\/wp-content\/uploads\/2025\/03\/DSC_1188-1618x1080.webp 1618w, https:\/\/wbp.lublin.pl\/wp-content\/uploads\/2025\/03\/DSC_1188-600x401.webp 600w, https:\/\/wbp.lublin.pl\/wp-content\/uploads\/2025\/03\/DSC_1188-400x267.webp 400w, https:\/\/wbp.lublin.pl\/wp-content\/uploads\/2025\/03\/DSC_1188-768x513.webp 768w, https:\/\/wbp.lublin.pl\/wp-content\/uploads\/2025\/03\/DSC_1188-1536x1025.webp 1536w, https:\/\/wbp.lublin.pl\/wp-content\/uploads\/2025\/03\/DSC_1188-2048x1367.webp 2048w, https:\/\/wbp.lublin.pl\/wp-content\/uploads\/2025\/03\/DSC_1188-947x632.webp 947w, https:\/\/wbp.lublin.pl\/wp-content\/uploads\/2025\/03\/DSC_1188-624x417.webp 624w, https:\/\/wbp.lublin.pl\/wp-content\/uploads\/2025\/03\/DSC_1188-84x56.webp 84w\" \/><\/a><\/figure>\n\n\n\n<figure class=\"wp-block-image size-large\"><a href=\"https:\/\/wbp.lublin.pl\/wp-content\/uploads\/2025\/03\/DSC_1196-scaled.webp\"><img data-dominant-color=\"846562\" data-has-transparency=\"false\" style=\"--dominant-color: #846562;\" loading=\"lazy\" decoding=\"async\" width=\"1525\" height=\"1080\" sizes=\"auto, (max-width: 1525px) 100vw, 1525px\" data-id=\"68892\" src=\"https:\/\/wbp.lublin.pl\/wp-content\/uploads\/2025\/03\/DSC_1196-1525x1080.webp\" alt=\"jjj\" class=\"wp-image-68892 not-transparent\" srcset=\"https:\/\/wbp.lublin.pl\/wp-content\/uploads\/2025\/03\/DSC_1196-1525x1080.webp 1525w, https:\/\/wbp.lublin.pl\/wp-content\/uploads\/2025\/03\/DSC_1196-600x425.webp 600w, https:\/\/wbp.lublin.pl\/wp-content\/uploads\/2025\/03\/DSC_1196-400x283.webp 400w, https:\/\/wbp.lublin.pl\/wp-content\/uploads\/2025\/03\/DSC_1196-768x544.webp 768w, https:\/\/wbp.lublin.pl\/wp-content\/uploads\/2025\/03\/DSC_1196-1536x1087.webp 1536w, https:\/\/wbp.lublin.pl\/wp-content\/uploads\/2025\/03\/DSC_1196-2048x1450.webp 2048w, https:\/\/wbp.lublin.pl\/wp-content\/uploads\/2025\/03\/DSC_1196-947x670.webp 947w, https:\/\/wbp.lublin.pl\/wp-content\/uploads\/2025\/03\/DSC_1196-624x442.webp 624w\" \/><\/a><\/figure>\n\n\n\n<figure class=\"wp-block-image size-large\"><a href=\"https:\/\/wbp.lublin.pl\/wp-content\/uploads\/2025\/03\/DSC_1205-scaled.webp\"><img data-dominant-color=\"8a6454\" data-has-transparency=\"false\" style=\"--dominant-color: #8a6454;\" loading=\"lazy\" decoding=\"async\" width=\"1618\" height=\"1080\" sizes=\"auto, (max-width: 1618px) 100vw, 1618px\" data-id=\"68893\" src=\"https:\/\/wbp.lublin.pl\/wp-content\/uploads\/2025\/03\/DSC_1205-1618x1080.webp\" alt=\"jjj\" class=\"wp-image-68893 not-transparent\" srcset=\"https:\/\/wbp.lublin.pl\/wp-content\/uploads\/2025\/03\/DSC_1205-1618x1080.webp 1618w, https:\/\/wbp.lublin.pl\/wp-content\/uploads\/2025\/03\/DSC_1205-600x401.webp 600w, https:\/\/wbp.lublin.pl\/wp-content\/uploads\/2025\/03\/DSC_1205-400x267.webp 400w, https:\/\/wbp.lublin.pl\/wp-content\/uploads\/2025\/03\/DSC_1205-768x513.webp 768w, https:\/\/wbp.lublin.pl\/wp-content\/uploads\/2025\/03\/DSC_1205-1536x1025.webp 1536w, https:\/\/wbp.lublin.pl\/wp-content\/uploads\/2025\/03\/DSC_1205-2048x1367.webp 2048w, https:\/\/wbp.lublin.pl\/wp-content\/uploads\/2025\/03\/DSC_1205-947x632.webp 947w, https:\/\/wbp.lublin.pl\/wp-content\/uploads\/2025\/03\/DSC_1205-624x417.webp 624w, https:\/\/wbp.lublin.pl\/wp-content\/uploads\/2025\/03\/DSC_1205-84x56.webp 84w\" \/><\/a><\/figure>\n\n\n\n<figure class=\"wp-block-image size-large\"><a href=\"https:\/\/wbp.lublin.pl\/wp-content\/uploads\/2025\/03\/DSC_1208-scaled.webp\"><img data-dominant-color=\"755e58\" data-has-transparency=\"false\" style=\"--dominant-color: #755e58;\" loading=\"lazy\" decoding=\"async\" width=\"1618\" height=\"1080\" sizes=\"auto, (max-width: 1618px) 100vw, 1618px\" data-id=\"68894\" src=\"https:\/\/wbp.lublin.pl\/wp-content\/uploads\/2025\/03\/DSC_1208-1618x1080.webp\" alt=\"jjj\" class=\"wp-image-68894 not-transparent\" srcset=\"https:\/\/wbp.lublin.pl\/wp-content\/uploads\/2025\/03\/DSC_1208-1618x1080.webp 1618w, https:\/\/wbp.lublin.pl\/wp-content\/uploads\/2025\/03\/DSC_1208-600x401.webp 600w, https:\/\/wbp.lublin.pl\/wp-content\/uploads\/2025\/03\/DSC_1208-400x267.webp 400w, https:\/\/wbp.lublin.pl\/wp-content\/uploads\/2025\/03\/DSC_1208-768x513.webp 768w, https:\/\/wbp.lublin.pl\/wp-content\/uploads\/2025\/03\/DSC_1208-1536x1025.webp 1536w, https:\/\/wbp.lublin.pl\/wp-content\/uploads\/2025\/03\/DSC_1208-2048x1367.webp 2048w, https:\/\/wbp.lublin.pl\/wp-content\/uploads\/2025\/03\/DSC_1208-947x632.webp 947w, https:\/\/wbp.lublin.pl\/wp-content\/uploads\/2025\/03\/DSC_1208-624x417.webp 624w, https:\/\/wbp.lublin.pl\/wp-content\/uploads\/2025\/03\/DSC_1208-84x56.webp 84w\" \/><\/a><\/figure>\n\n\n\n<figure class=\"wp-block-image size-large\"><a href=\"https:\/\/wbp.lublin.pl\/wp-content\/uploads\/2025\/03\/DSC_1212-scaled.webp\"><img data-dominant-color=\"7b645b\" data-has-transparency=\"false\" style=\"--dominant-color: #7b645b;\" loading=\"lazy\" decoding=\"async\" width=\"1618\" height=\"1080\" sizes=\"auto, (max-width: 1618px) 100vw, 1618px\" data-id=\"68895\" src=\"https:\/\/wbp.lublin.pl\/wp-content\/uploads\/2025\/03\/DSC_1212-1618x1080.webp\" alt=\"jjj\" class=\"wp-image-68895 not-transparent\" srcset=\"https:\/\/wbp.lublin.pl\/wp-content\/uploads\/2025\/03\/DSC_1212-1618x1080.webp 1618w, https:\/\/wbp.lublin.pl\/wp-content\/uploads\/2025\/03\/DSC_1212-600x401.webp 600w, https:\/\/wbp.lublin.pl\/wp-content\/uploads\/2025\/03\/DSC_1212-400x267.webp 400w, https:\/\/wbp.lublin.pl\/wp-content\/uploads\/2025\/03\/DSC_1212-768x513.webp 768w, https:\/\/wbp.lublin.pl\/wp-content\/uploads\/2025\/03\/DSC_1212-1536x1025.webp 1536w, https:\/\/wbp.lublin.pl\/wp-content\/uploads\/2025\/03\/DSC_1212-2048x1367.webp 2048w, https:\/\/wbp.lublin.pl\/wp-content\/uploads\/2025\/03\/DSC_1212-947x632.webp 947w, https:\/\/wbp.lublin.pl\/wp-content\/uploads\/2025\/03\/DSC_1212-624x417.webp 624w, https:\/\/wbp.lublin.pl\/wp-content\/uploads\/2025\/03\/DSC_1212-84x56.webp 84w\" \/><\/a><\/figure>\n\n\n\n<figure class=\"wp-block-image size-large\"><a href=\"https:\/\/wbp.lublin.pl\/wp-content\/uploads\/2025\/03\/DSC_1226-scaled.webp\"><img data-dominant-color=\"988466\" data-has-transparency=\"false\" style=\"--dominant-color: #988466;\" loading=\"lazy\" decoding=\"async\" width=\"1618\" height=\"1080\" sizes=\"auto, (max-width: 1618px) 100vw, 1618px\" data-id=\"68896\" src=\"https:\/\/wbp.lublin.pl\/wp-content\/uploads\/2025\/03\/DSC_1226-1618x1080.webp\" alt=\"Czytanie performatywne dramatu Anny Wakulik &quot;Grupa krwi&quot;\" class=\"wp-image-68896 not-transparent\" srcset=\"https:\/\/wbp.lublin.pl\/wp-content\/uploads\/2025\/03\/DSC_1226-1618x1080.webp 1618w, https:\/\/wbp.lublin.pl\/wp-content\/uploads\/2025\/03\/DSC_1226-600x401.webp 600w, https:\/\/wbp.lublin.pl\/wp-content\/uploads\/2025\/03\/DSC_1226-400x267.webp 400w, https:\/\/wbp.lublin.pl\/wp-content\/uploads\/2025\/03\/DSC_1226-768x513.webp 768w, https:\/\/wbp.lublin.pl\/wp-content\/uploads\/2025\/03\/DSC_1226-1536x1025.webp 1536w, https:\/\/wbp.lublin.pl\/wp-content\/uploads\/2025\/03\/DSC_1226-2048x1367.webp 2048w, https:\/\/wbp.lublin.pl\/wp-content\/uploads\/2025\/03\/DSC_1226-947x632.webp 947w, https:\/\/wbp.lublin.pl\/wp-content\/uploads\/2025\/03\/DSC_1226-624x417.webp 624w, https:\/\/wbp.lublin.pl\/wp-content\/uploads\/2025\/03\/DSC_1226-84x56.webp 84w\" \/><\/a><\/figure>\n\n\n\n<figure class=\"wp-block-image size-large\"><a href=\"https:\/\/wbp.lublin.pl\/wp-content\/uploads\/2025\/03\/DSC_1235-scaled.webp\"><img data-dominant-color=\"978062\" data-has-transparency=\"false\" style=\"--dominant-color: #978062;\" loading=\"lazy\" decoding=\"async\" width=\"1618\" height=\"1080\" sizes=\"auto, (max-width: 1618px) 100vw, 1618px\" data-id=\"68897\" src=\"https:\/\/wbp.lublin.pl\/wp-content\/uploads\/2025\/03\/DSC_1235-1618x1080.webp\" alt=\"jjj\" class=\"wp-image-68897 not-transparent\" srcset=\"https:\/\/wbp.lublin.pl\/wp-content\/uploads\/2025\/03\/DSC_1235-1618x1080.webp 1618w, https:\/\/wbp.lublin.pl\/wp-content\/uploads\/2025\/03\/DSC_1235-600x401.webp 600w, https:\/\/wbp.lublin.pl\/wp-content\/uploads\/2025\/03\/DSC_1235-400x267.webp 400w, https:\/\/wbp.lublin.pl\/wp-content\/uploads\/2025\/03\/DSC_1235-768x513.webp 768w, https:\/\/wbp.lublin.pl\/wp-content\/uploads\/2025\/03\/DSC_1235-1536x1025.webp 1536w, https:\/\/wbp.lublin.pl\/wp-content\/uploads\/2025\/03\/DSC_1235-2048x1367.webp 2048w, https:\/\/wbp.lublin.pl\/wp-content\/uploads\/2025\/03\/DSC_1235-947x632.webp 947w, https:\/\/wbp.lublin.pl\/wp-content\/uploads\/2025\/03\/DSC_1235-624x417.webp 624w, https:\/\/wbp.lublin.pl\/wp-content\/uploads\/2025\/03\/DSC_1235-84x56.webp 84w\" \/><\/a><\/figure>\n\n\n\n<figure class=\"wp-block-image size-large\"><a href=\"https:\/\/wbp.lublin.pl\/wp-content\/uploads\/2025\/03\/DSC_1237-scaled.webp\"><img data-dominant-color=\"937f6a\" data-has-transparency=\"false\" style=\"--dominant-color: #937f6a;\" loading=\"lazy\" decoding=\"async\" width=\"1618\" height=\"1080\" sizes=\"auto, (max-width: 1618px) 100vw, 1618px\" data-id=\"68898\" src=\"https:\/\/wbp.lublin.pl\/wp-content\/uploads\/2025\/03\/DSC_1237-1618x1080.webp\" alt=\"jjj\" class=\"wp-image-68898 not-transparent\" srcset=\"https:\/\/wbp.lublin.pl\/wp-content\/uploads\/2025\/03\/DSC_1237-1618x1080.webp 1618w, https:\/\/wbp.lublin.pl\/wp-content\/uploads\/2025\/03\/DSC_1237-600x401.webp 600w, https:\/\/wbp.lublin.pl\/wp-content\/uploads\/2025\/03\/DSC_1237-400x267.webp 400w, https:\/\/wbp.lublin.pl\/wp-content\/uploads\/2025\/03\/DSC_1237-768x513.webp 768w, https:\/\/wbp.lublin.pl\/wp-content\/uploads\/2025\/03\/DSC_1237-1536x1025.webp 1536w, https:\/\/wbp.lublin.pl\/wp-content\/uploads\/2025\/03\/DSC_1237-2048x1367.webp 2048w, https:\/\/wbp.lublin.pl\/wp-content\/uploads\/2025\/03\/DSC_1237-947x632.webp 947w, https:\/\/wbp.lublin.pl\/wp-content\/uploads\/2025\/03\/DSC_1237-624x417.webp 624w, https:\/\/wbp.lublin.pl\/wp-content\/uploads\/2025\/03\/DSC_1237-84x56.webp 84w\" \/><\/a><\/figure>\n<\/figure>\n\n\n\n<p class=\"has-text-align-center wp-block-paragraph\"><strong>Fot. Maciej Koz\u0142owski<\/strong><\/p>\n\n\n\n<p class=\"has-text-align-right wp-block-paragraph\"><em>Dzia\u0142 Informacji i Promocji<\/em><\/p>\n\n\n\n<p class=\"wp-block-paragraph\"><\/p>\n","protected":false},"excerpt":{"rendered":"","protected":false},"author":20,"featured_media":68894,"comment_status":"closed","ping_status":"closed","sticky":false,"template":"","format":"standard","meta":{"_tec_requires_first_save":true,"_crdt_document":"","pgc_sgb_lightbox_settings":"","_EventAllDay":false,"_EventTimezone":"","_EventStartDate":"","_EventEndDate":"","_EventStartDateUTC":"","_EventEndDateUTC":"","_EventShowMap":false,"_EventShowMapLink":false,"_EventURL":"","_EventCost":"","_EventCostDescription":"","_EventCurrencySymbol":"","_EventCurrencyCode":"","_EventCurrencyPosition":"","_EventDateTimeSeparator":"","_EventTimeRangeSeparator":"","_EventOrganizerID":[],"_EventVenueID":[],"_OrganizerEmail":"","_OrganizerPhone":"","_OrganizerWebsite":"","_VenueAddress":"","_VenueCity":"","_VenueCountry":"","_VenueProvince":"","_VenueState":"","_VenueZip":"","_VenuePhone":"","_VenueURL":"","_VenueStateProvince":"","_VenueLat":"","_VenueLng":"","_VenueShowMap":false,"_VenueShowMapLink":false,"_tribe_blocks_recurrence_rules":"","_tribe_blocks_recurrence_description":"","_tribe_blocks_recurrence_exclusions":"","footnotes":""},"categories":[10,90],"tags":[],"class_list":["post-68872","post","type-post","status-publish","format-standard","has-post-thumbnail","hentry","category-aktualnosci","category-imprezy"],"publishpress_future_action":{"enabled":false,"date":"2026-05-06 15:55:02","action":"change-status","newStatus":"draft","terms":[],"taxonomy":"category","extraData":[]},"publishpress_future_workflow_manual_trigger":{"enabledWorkflows":[]},"_links":{"self":[{"href":"https:\/\/wbp.lublin.pl\/index.php\/wp-json\/wp\/v2\/posts\/68872","targetHints":{"allow":["GET"]}}],"collection":[{"href":"https:\/\/wbp.lublin.pl\/index.php\/wp-json\/wp\/v2\/posts"}],"about":[{"href":"https:\/\/wbp.lublin.pl\/index.php\/wp-json\/wp\/v2\/types\/post"}],"author":[{"embeddable":true,"href":"https:\/\/wbp.lublin.pl\/index.php\/wp-json\/wp\/v2\/users\/20"}],"replies":[{"embeddable":true,"href":"https:\/\/wbp.lublin.pl\/index.php\/wp-json\/wp\/v2\/comments?post=68872"}],"version-history":[{"count":3,"href":"https:\/\/wbp.lublin.pl\/index.php\/wp-json\/wp\/v2\/posts\/68872\/revisions"}],"predecessor-version":[{"id":68903,"href":"https:\/\/wbp.lublin.pl\/index.php\/wp-json\/wp\/v2\/posts\/68872\/revisions\/68903"}],"wp:featuredmedia":[{"embeddable":true,"href":"https:\/\/wbp.lublin.pl\/index.php\/wp-json\/wp\/v2\/media\/68894"}],"wp:attachment":[{"href":"https:\/\/wbp.lublin.pl\/index.php\/wp-json\/wp\/v2\/media?parent=68872"}],"wp:term":[{"taxonomy":"category","embeddable":true,"href":"https:\/\/wbp.lublin.pl\/index.php\/wp-json\/wp\/v2\/categories?post=68872"},{"taxonomy":"post_tag","embeddable":true,"href":"https:\/\/wbp.lublin.pl\/index.php\/wp-json\/wp\/v2\/tags?post=68872"}],"curies":[{"name":"wp","href":"https:\/\/api.w.org\/{rel}","templated":true}]}}