{"id":70257,"date":"2025-06-01T13:52:21","date_gmt":"2025-06-01T11:52:21","guid":{"rendered":"https:\/\/wbp.lublin.pl\/?p=70257"},"modified":"2025-06-17T17:00:00","modified_gmt":"2025-06-17T15:00:00","slug":"xviii-lubelska-aukcja-antykwaryczna","status":"publish","type":"post","link":"https:\/\/wbp.lublin.pl\/index.php\/2025\/06\/01\/xviii-lubelska-aukcja-antykwaryczna\/","title":{"rendered":"XVIII Lubelska Aukcja Antykwaryczna"},"content":{"rendered":"\n<!--more-->\n\n\n\n<p class=\"has-text-align-center wp-block-paragraph\">Zapraszamy do wzi\u0119cia udzia\u0142u<br>w<br><strong>XVI LUBELSKIEJ AUKCJI ANTYKWARYCZNEJ<\/strong><\/p>\n\n\n\n<p class=\"has-text-align-center wp-block-paragraph\">13 czerwca 2025 r., godz. 13.00<br>Czytelnia Zbior\u00f3w Specjalnych Wojew\u00f3dzkiej Biblioteki Publicznej<br>im. Hieronima \u0141opaci\u0144skiego w Lublinie<\/p>\n\n\n\n<p class=\"has-text-align-center wp-block-paragraph\">Wystawione na sprzeda\u017c obiekty mo\u017cna b\u0119dzie te\u017c ogl\u0105da\u0107 w dniu licytacji<br>w Czytelni Zbior\u00f3w Specjalnych od godz. 11.00.<br>Aukcja b\u0119dzie transmitowana online na bibliotecznym Facebooku<\/p>\n\n\n\n<p class=\"has-text-align-center wp-block-paragraph\">Wszelkich informacji udzielamy pod numerem tel. <a href=\"tel:815287429\">81 528 74 29<\/a>,<br>w godzinach 8.00 &#8211; 15.00 (Jacek Dekasi\u0144ski)<br>Korespondencj\u0119 prosimy kierowa\u0107 na adres:<br><strong>Wojew\u00f3dzka Biblioteka Publiczna<\/strong><br><strong>im. Hieronima \u0141opaci\u0144skiego w Lublinie<\/strong><br><strong>ul. Narutowicza 4<\/strong><br><strong>20 &#8211; 950 Lublin<\/strong><br><strong>Dzia\u0142 Gromadzenia i Uzupe\u0142niania Zbior\u00f3w<\/strong><br><strong>e-mail: <a href=\"mailto:grom@wbp.lublin.pl\">grom@wbp.lublin.pl<\/a><\/strong><\/p>\n\n\n\n<div class=\"wp-block-pdf-viewer-block-standard\" style=\"text-align:left\"><div class=\"uploaded-pdf\"><a href=\"https:\/\/wbp.lublin.pl\/wp-content\/uploads\/2025\/05\/Katalog-Aukcja-Antykwaryczna-2025.pdf\" data-width=\"\" data-height=\"\"><\/a><\/div><\/div>\n\n\n\n<div class=\"wp-block-file\"><a id=\"wp-block-file--media-eac18b8c-7d43-4de3-b7e7-9df639a0bb50\" href=\"https:\/\/wbp.lublin.pl\/wp-content\/uploads\/2025\/05\/Zamowienie-na-XVIII-Lubelska-Aukcje-Antykwaryczna.doc\">Zam\u00f3wienie na XVIII Lubelsk\u0105 Aukcj\u0119 Antykwaryczn\u0105<\/a><a href=\"https:\/\/wbp.lublin.pl\/wp-content\/uploads\/2025\/05\/Zamowienie-na-XVIII-Lubelska-Aukcje-Antykwaryczna.doc\" class=\"wp-block-file__button wp-element-button\" download aria-describedby=\"wp-block-file--media-eac18b8c-7d43-4de3-b7e7-9df639a0bb50\">Pobierz<\/a><\/div>\n\n\n\n<div class=\"wp-block-file\"><a id=\"wp-block-file--media-9377b61a-5335-49eb-9927-c879fc5b359c\" href=\"https:\/\/wbp.lublin.pl\/wp-content\/uploads\/2025\/05\/Katalog-Aukcja-Antykwaryczna-2025.pdf\">Katalog &#8211; Aukcja Antykwaryczna 2025 [pdf]<\/a><a href=\"https:\/\/wbp.lublin.pl\/wp-content\/uploads\/2025\/05\/Katalog-Aukcja-Antykwaryczna-2025.pdf\" class=\"wp-block-file__button wp-element-button\" download aria-describedby=\"wp-block-file--media-9377b61a-5335-49eb-9927-c879fc5b359c\">Pobierz<\/a><\/div>\n\n\n\n<figure class=\"wp-block-image size-full\"><img data-dominant-color=\"d1c5c0\" data-has-transparency=\"false\" style=\"--dominant-color: #d1c5c0;\" loading=\"lazy\" decoding=\"async\" width=\"1920\" height=\"1080\" sizes=\"auto, (max-width: 1920px) 100vw, 1920px\" src=\"https:\/\/wbp.lublin.pl\/wp-content\/uploads\/2025\/05\/XVIII-Lubelska-Aukcja-Antykwaryczna.webp\" alt=\"Automatycznie zapisany szkic\" class=\"wp-image-70258 not-transparent\" srcset=\"https:\/\/wbp.lublin.pl\/wp-content\/uploads\/2025\/05\/XVIII-Lubelska-Aukcja-Antykwaryczna.webp 1920w, https:\/\/wbp.lublin.pl\/wp-content\/uploads\/2025\/05\/XVIII-Lubelska-Aukcja-Antykwaryczna-600x338.webp 600w, https:\/\/wbp.lublin.pl\/wp-content\/uploads\/2025\/05\/XVIII-Lubelska-Aukcja-Antykwaryczna-400x225.webp 400w, https:\/\/wbp.lublin.pl\/wp-content\/uploads\/2025\/05\/XVIII-Lubelska-Aukcja-Antykwaryczna-768x432.webp 768w, https:\/\/wbp.lublin.pl\/wp-content\/uploads\/2025\/05\/XVIII-Lubelska-Aukcja-Antykwaryczna-1536x864.webp 1536w, https:\/\/wbp.lublin.pl\/wp-content\/uploads\/2025\/05\/XVIII-Lubelska-Aukcja-Antykwaryczna-947x533.webp 947w, https:\/\/wbp.lublin.pl\/wp-content\/uploads\/2025\/05\/XVIII-Lubelska-Aukcja-Antykwaryczna-624x351.webp 624w\" \/><\/figure>\n\n\n\n<p class=\"has-text-align-center wp-block-paragraph\">ZAPRASZAMY!<\/p>\n\n\n\n<p class=\"has-text-align-right wp-block-paragraph\"><em>Dzia\u0142 Gromadzenia i Dystrybucji Zbior\u00f3w <\/em><\/p>\n\n\n\n<p class=\"wp-block-paragraph\"><\/p>\n","protected":false},"excerpt":{"rendered":"","protected":false},"author":18,"featured_media":70258,"comment_status":"closed","ping_status":"closed","sticky":false,"template":"","format":"standard","meta":{"_tec_requires_first_save":true,"_crdt_document":"","pgc_sgb_lightbox_settings":"","_EventAllDay":false,"_EventTimezone":"","_EventStartDate":"","_EventEndDate":"","_EventStartDateUTC":"","_EventEndDateUTC":"","_EventShowMap":false,"_EventShowMapLink":false,"_EventURL":"","_EventCost":"","_EventCostDescription":"","_EventCurrencySymbol":"","_EventCurrencyCode":"","_EventCurrencyPosition":"","_EventDateTimeSeparator":"","_EventTimeRangeSeparator":"","_EventOrganizerID":[],"_EventVenueID":[],"_OrganizerEmail":"","_OrganizerPhone":"","_OrganizerWebsite":"","_VenueAddress":"","_VenueCity":"","_VenueCountry":"","_VenueProvince":"","_VenueState":"","_VenueZip":"","_VenuePhone":"","_VenueURL":"","_VenueStateProvince":"","_VenueLat":"","_VenueLng":"","_VenueShowMap":false,"_VenueShowMapLink":false,"_tribe_blocks_recurrence_rules":"","_tribe_blocks_recurrence_description":"","_tribe_blocks_recurrence_exclusions":"","footnotes":""},"categories":[10,90],"tags":[],"class_list":["post-70257","post","type-post","status-publish","format-standard","has-post-thumbnail","hentry","category-aktualnosci","category-imprezy"],"publishpress_future_action":{"enabled":false,"date":"2026-05-09 00:12:50","action":"change-status","newStatus":"draft","terms":[],"taxonomy":"category","extraData":[]},"publishpress_future_workflow_manual_trigger":{"enabledWorkflows":[]},"_links":{"self":[{"href":"https:\/\/wbp.lublin.pl\/index.php\/wp-json\/wp\/v2\/posts\/70257","targetHints":{"allow":["GET"]}}],"collection":[{"href":"https:\/\/wbp.lublin.pl\/index.php\/wp-json\/wp\/v2\/posts"}],"about":[{"href":"https:\/\/wbp.lublin.pl\/index.php\/wp-json\/wp\/v2\/types\/post"}],"author":[{"embeddable":true,"href":"https:\/\/wbp.lublin.pl\/index.php\/wp-json\/wp\/v2\/users\/18"}],"replies":[{"embeddable":true,"href":"https:\/\/wbp.lublin.pl\/index.php\/wp-json\/wp\/v2\/comments?post=70257"}],"version-history":[{"count":4,"href":"https:\/\/wbp.lublin.pl\/index.php\/wp-json\/wp\/v2\/posts\/70257\/revisions"}],"predecessor-version":[{"id":70298,"href":"https:\/\/wbp.lublin.pl\/index.php\/wp-json\/wp\/v2\/posts\/70257\/revisions\/70298"}],"wp:featuredmedia":[{"embeddable":true,"href":"https:\/\/wbp.lublin.pl\/index.php\/wp-json\/wp\/v2\/media\/70258"}],"wp:attachment":[{"href":"https:\/\/wbp.lublin.pl\/index.php\/wp-json\/wp\/v2\/media?parent=70257"}],"wp:term":[{"taxonomy":"category","embeddable":true,"href":"https:\/\/wbp.lublin.pl\/index.php\/wp-json\/wp\/v2\/categories?post=70257"},{"taxonomy":"post_tag","embeddable":true,"href":"https:\/\/wbp.lublin.pl\/index.php\/wp-json\/wp\/v2\/tags?post=70257"}],"curies":[{"name":"wp","href":"https:\/\/api.w.org\/{rel}","templated":true}]}}