{"id":7031,"date":"2010-09-22T11:30:31","date_gmt":"2010-09-22T09:30:31","guid":{"rendered":"https:\/\/wbp.lublin.pl8\/index.php\/2010\/09\/22\/spotkania-autorskie-w-dkk-wojewodztwa-lubelskiego\/"},"modified":"2018-06-24T15:27:20","modified_gmt":"2018-06-24T13:27:20","slug":"spotkania-autorskie-w-dkk-wojewodztwa-lubelskiego","status":"publish","type":"post","link":"https:\/\/wbp.lublin.pl\/index.php\/2010\/09\/22\/spotkania-autorskie-w-dkk-wojewodztwa-lubelskiego\/","title":{"rendered":"Spotkania w DKK 2009-2011"},"content":{"rendered":"<p><center> <\/p>\n<p style=\"text-align: center;\"><a href=\"http:\/\/hl.wbp.lublin.pl\/wbp\/index.php\/dyskusyjne-kluby-ksiazki.html\"><img data-dominant-color=\"45838c\" data-has-transparency=\"false\" style=\"--dominant-color: #45838c;\" loading=\"lazy\" decoding=\"async\" class=\"size-full wp-image-7030 not-transparent\" width=\"500\" height=\"65\" alt=\"\" src=\"http:\/\/wbp.lublin.pl\/wp-content\/uploads\/2010\/09\/logos_dkk_logo_duze.jpg\" class=\"plain\" \/><\/a> <\/p>\n<table width=\"500\" cellspacing=\"1\" cellpadding=\"1\" border=\"0\" align=\"center\">\n<tbody>\n<tr>\n<td valign=\"middle\" align=\"center\" border=\"0 1 0 0\" style=\"font-size: 12px; font-weight: bold; font-variant: small-caps; color: rgb(204, 102, 0);\"><a href=\"http:\/\/hl.wbp.lublin.pl\/wbp\/index.php\/dyskusyjne-kluby-ksiazki.html\">Aktualno\u015bci<\/a><\/td>\n<td valign=\"middle\" align=\"center\" border=\"0 1 0 0\" style=\"font-size: 12px; font-weight: bold; font-variant: small-caps; color: rgb(204, 102, 0);\"><a href=\"http:\/\/hl.wbp.lublin.pl\/wbp\/index.php\/dyskusyjne-kluby-ksiazki\/o-dkk.html\">O DKK<\/a><\/td>\n<td valign=\"middle\" align=\"center\" style=\"font-size: 12px; font-weight: bold; font-variant: small-caps; color: rgb(204, 102, 0);\"><a href=\"http:\/\/hl.wbp.lublin.pl\/wbp\/index.php\/dyskusyjne-kluby-ksiazki\/kluby.html\">Kluby<\/a><\/td>\n<td valign=\"middle\" align=\"center\" style=\"font-size: 12px; font-weight: bold; font-variant: small-caps; color: rgb(204, 102, 0);\"><a href=\"http:\/\/hl.wbp.lublin.pl\/wbp\/index.php\/dyskusyjne-kluby-ksiazki\/ksiazki.html\">Ksi\u0105\u017cki<\/a><\/td>\n<td valign=\"middle\" align=\"center\" style=\"font-size: 12px; font-weight: bold; font-variant: small-caps; color: rgb(204, 102, 0);\"><a href=\"http:\/\/hl.wbp.lublin.pl\/wbp\/index.php\/dyskusyjne-kluby-ksiazki\/archiwum-spotkan.html\">Archiwum <br \/>             spotka\u0144<\/a><\/td>\n<td valign=\"middle\" align=\"center\" style=\"font-size: 12px; font-weight: bold; font-variant: small-caps; color: rgb(204, 102, 0);\"><a href=\"http:\/\/hl.wbp.lublin.pl\/wbp\/index.php\/dyskusyjne-kluby-ksiazki\/relacje.html\">Relacje<\/a><\/td>\n<td valign=\"middle\" align=\"center\" style=\"font-size: 12px; font-weight: bold; font-variant: small-caps; color: rgb(204, 102, 0);\"><a href=\"http:\/\/hl.wbp.lublin.pl\/wbp\/index.php\/dyskusyjne-kluby-ksiazki\/recenzje-klubowiczow.html\">Recenzje<br \/>             klubowicz\u00f3w<\/a><\/td>\n<\/tr>\n<\/tbody>\n<\/table>\n<p> <\/center> <\/p>\n<h3><span class=\"art-PostHeader\">Spotkania autorskie <br \/> w DKK wojew\u00f3dztwa lubelskiego<\/span><\/h3>\n<h4>2011<\/h4>\n<p>1. Stefan Darda: 25 III (Ostr\u00f3wek), 27-29 IV (Uchanie, Hrubiesz\u00f3w, Radzy\u0144 Podlaski, \u0141\u0119czna PBP, Niezabit\u00f3w\/Poniatowa, Sitaniec), 12-13 V (Niedrzwica Du\u017ca, \u0141uk\u00f3w), 4-6 VI (WBP Lublin, G\u00f3ra Pu\u0142awska);<\/p>\n<p>2. Jacek Dehnel: 12-15 IV (Rejowiec Fabryczny, Tomasz\u00f3w Lubelski, Lublin Filia nr&#160;12, \u0141\u0119czna MGBP, Che\u0142m, \u015awidnik);<\/p>\n<p>3. Marta Fox: 14-17 VI (St\u0119\u017cyca, Ryki, Sosnowica, Milej\u00f3w, Firlej, Jeziorzany);<\/p>\n<p>4. Krzysztof G\u0119bura: 28 I (Niedrzwica Du\u017ca);<\/p>\n<p>5. Grzegorz Kasdepke: 22-25 II (Jan\u00f3w Lubelski, Aleksandr\u00f3w, J\u00f3zef\u00f3w, Tarnogr\u00f3d, Tomasz\u00f3w Lubelski, Hrubiesz\u00f3w);<\/p>\n<p>6. Agnieszka Martinka: 15-16 III (Sawin, Poniatowa);<\/p>\n<p>7. Ewa Nowak: 18-20 V (gimnazjum nr 19, Biszcza, D\u0105browica, Bi\u0142goraj Filia nr 1, Stojeszyn Pierwszy);<\/p>\n<p>8. Ewa Stiasny: 3 VI (WBP Lublin);<\/p>\n<p>9. Witold Szab\u0142owski: 13 IV (W\u0142odawa);<\/p>\n<p>10. Piotr Szewc: 31 III (WBP Lublin);<\/p>\n<p>11. Aleksandra Zi\u00f3\u0142kowska &#8211; Boehm: 17 V (\u0141aziska, Sitaniec);<\/p>\n<p>12. Marta Fox: 30 IX (Zwierzyniec)<\/p>\n<h4>&#160;2010<\/h4>\n<p>1. Anna Brzezi\u0144ska: 15 III (Lublin);<\/p>\n<p>2. Aleksander Jurewicz: 18-19 III (Lublin, W\u0142odawa, Bia\u0142a Podlaska);<\/p>\n<p>3. Agnieszka Martinka: 4 II (Rejowiec Fabryczny), 11 V (\u0141uk\u00f3w), 21 VII (MBP Lublin);<\/p>\n<p>4. Irena Matuszkiewicz: 7-9 VI (Tomasz\u00f3w Lubelski, Zamo\u015b\u0107, Hrubiesz\u00f3w, Uchanie);<\/p>\n<p>5. Daniel Odija: 26-27 IV (\u015awidnik, Che\u0142m);<\/p>\n<p>6. Maciej Or\u0142o\u015b: 20 IV (J\u00f3zef\u00f3w, Aleksandr\u00f3w);<\/p>\n<p>7. Beata Tadla: 27 V (\u0141\u0119czna);<\/p>\n<h4>2009<\/h4>\n<p>1. Jan Pawe\u0142 Krasnod\u0119bski 14 V (\u0141\u0119czna)<\/p>\n<p>2. Anna Onichimowska 27-29 V (D\u0105browica, Kra\u015bnik, Niezd\u00f3w)<\/p>\n<h4>2008<\/h4>\n<p>1. Stefan Chwin 22 \u2013 25 IV 2008 r. (WBP Lublin, \u015awidnik, W\u0142odawa, Tomasz\u00f3w Lubelski, G\u00f3ra Pu\u0142awska)<\/p>\n<p>2. Marta Fox 3 -5 VI 2008 r. (Stojeszyn, Aleksandr\u00f3w, J\u00f3zef\u00f3w)<\/p>\n<p>3. Maria Marzena Grochowska 24 V 2008 r. Sosnowica<\/p>\n<p>4. Barbara Kosmowska 29 \u2013 30 IX 2008 r. (W\u0142odawa, \u015awidnik, WBP Lublin, Kazimierz Dolny)<\/p>\n<p>5. Zbigniew Masternak 23 IV 2008 r. (WBP Lublin), 13 X 2008 r. (G\u00f3ra Pu\u0142awska)<\/p>\n<p>6. Anna Onichimowska 15 i 27 X 2008 r. (<a href=\"http:\/\/212.182.106.58\/wbp\/index.php\/dyskusyjne-kluby-ksiazki\/relacje\/448-spotkanie-z-anna-onichimowska-15-12-2008-r-w-niedrzwicy.html\">Niedrzwica<\/a>, WBP Lublin, Aleksandr\u00f3w, J\u00f3zef\u00f3w, Tarnogr\u00f3d)<\/p>\n<p>7. <a href=\"http:\/\/212.182.106.58\/wbp\/index.php\/dyskusyjne-kluby-ksiazki\/relacje\/449-seminarium-szkoleniowe-dla-koordynatorow-dkk-lublin-1-12-2008.html\">Joanna Papuzi\u0144ska i Pawe\u0142 Smole\u0144ski &#8211; 1. 12. 2008 r. (WBP Lublin)<\/a><\/p>\n<p>8. Marcin Wro\u0144ski 11 VI 2008 r. (WBP Lublin)<\/p>\n<h4>2007<\/h4>\n<p>1. Marta Fox 16 \u2013 19 X 2007 r. (Tomasz\u00f3w Lubelski, Zamo\u015b\u0107, \u015awidnik, WBP Lublin, G\u00f3ra Pu\u0142awska, W\u0142odawa, Bia\u0142a Podlaska)<\/p>\n<p>2. Anna Onichimowska 12 XII 2007 r. (WBP Lublin, Tomasz\u00f3w Lubelski)<\/p>\n<p>3. Beata Ostrowicka 12 \u2013 13 XII 2007 r. (\u015awidnik, Niedrzwica Du\u017ca, WBP Lublin)<\/p>\n","protected":false},"excerpt":{"rendered":"<p>Aktualno\u015bci O DKK Kluby Ksi\u0105\u017cki Archiwum spotka\u0144 Relacje Recenzje klubowicz\u00f3w Spotkania autorskie w DKK wojew\u00f3dztwa lubelskiego 2011 1. Stefan Darda: 25 III (Ostr\u00f3wek), 27-29 IV (Uchanie, Hrubiesz\u00f3w, Radzy\u0144 Podlaski, \u0141\u0119czna [&hellip;]<\/p>\n","protected":false},"author":18,"featured_media":7030,"comment_status":"open","ping_status":"open","sticky":false,"template":"","format":"standard","meta":{"_tec_requires_first_save":true,"_crdt_document":"","pgc_sgb_lightbox_settings":"","_EventAllDay":false,"_EventTimezone":"","_EventStartDate":"","_EventEndDate":"","_EventStartDateUTC":"","_EventEndDateUTC":"","_EventShowMap":false,"_EventShowMapLink":false,"_EventURL":"","_EventCost":"","_EventCostDescription":"","_EventCurrencySymbol":"","_EventCurrencyCode":"","_EventCurrencyPosition":"","_EventDateTimeSeparator":"","_EventTimeRangeSeparator":"","_EventOrganizerID":[],"_EventVenueID":[],"_OrganizerEmail":"","_OrganizerPhone":"","_OrganizerWebsite":"","_VenueAddress":"","_VenueCity":"","_VenueCountry":"","_VenueProvince":"","_VenueState":"","_VenueZip":"","_VenuePhone":"","_VenueURL":"","_VenueStateProvince":"","_VenueLat":"","_VenueLng":"","_VenueShowMap":false,"_VenueShowMapLink":false,"_tribe_blocks_recurrence_rules":"","_tribe_blocks_recurrence_description":"","_tribe_blocks_recurrence_exclusions":"","footnotes":""},"categories":[105],"tags":[],"class_list":["post-7031","post","type-post","status-publish","format-standard","has-post-thumbnail","hentry","category-aktualnosci-dkk"],"publishpress_future_action":{"enabled":false,"date":"2026-05-06 13:44:01","action":"change-status","newStatus":"draft","terms":[],"taxonomy":"category","extraData":[]},"publishpress_future_workflow_manual_trigger":{"enabledWorkflows":[]},"_links":{"self":[{"href":"https:\/\/wbp.lublin.pl\/index.php\/wp-json\/wp\/v2\/posts\/7031","targetHints":{"allow":["GET"]}}],"collection":[{"href":"https:\/\/wbp.lublin.pl\/index.php\/wp-json\/wp\/v2\/posts"}],"about":[{"href":"https:\/\/wbp.lublin.pl\/index.php\/wp-json\/wp\/v2\/types\/post"}],"author":[{"embeddable":true,"href":"https:\/\/wbp.lublin.pl\/index.php\/wp-json\/wp\/v2\/users\/18"}],"replies":[{"embeddable":true,"href":"https:\/\/wbp.lublin.pl\/index.php\/wp-json\/wp\/v2\/comments?post=7031"}],"version-history":[{"count":2,"href":"https:\/\/wbp.lublin.pl\/index.php\/wp-json\/wp\/v2\/posts\/7031\/revisions"}],"predecessor-version":[{"id":11422,"href":"https:\/\/wbp.lublin.pl\/index.php\/wp-json\/wp\/v2\/posts\/7031\/revisions\/11422"}],"wp:featuredmedia":[{"embeddable":true,"href":"https:\/\/wbp.lublin.pl\/index.php\/wp-json\/wp\/v2\/media\/7030"}],"wp:attachment":[{"href":"https:\/\/wbp.lublin.pl\/index.php\/wp-json\/wp\/v2\/media?parent=7031"}],"wp:term":[{"taxonomy":"category","embeddable":true,"href":"https:\/\/wbp.lublin.pl\/index.php\/wp-json\/wp\/v2\/categories?post=7031"},{"taxonomy":"post_tag","embeddable":true,"href":"https:\/\/wbp.lublin.pl\/index.php\/wp-json\/wp\/v2\/tags?post=7031"}],"curies":[{"name":"wp","href":"https:\/\/api.w.org\/{rel}","templated":true}]}}