{"id":70310,"date":"2025-05-13T11:54:48","date_gmt":"2025-05-13T09:54:48","guid":{"rendered":"https:\/\/wbp.lublin.pl\/?p=70310"},"modified":"2025-05-15T14:31:06","modified_gmt":"2025-05-15T12:31:06","slug":"spotkanie-autorskie-z-dr-inz-arch-michalem-dmitrukiem-w-obiektywie","status":"publish","type":"post","link":"https:\/\/wbp.lublin.pl\/index.php\/2025\/05\/13\/spotkanie-autorskie-z-dr-inz-arch-michalem-dmitrukiem-w-obiektywie\/","title":{"rendered":"Spotkanie autorskie z dr. in\u017c. arch. Micha\u0142em Dmitrukiem w obiektywie"},"content":{"rendered":"\n<!--more-->\n\n\n\n<p class=\"wp-block-paragraph\">9 maja mieli\u015bmy okazj\u0119 go\u015bci\u0107 dr. in\u017c. arch. Micha\u0142a Dmitruka, kt\u00f3ry opowiedzia\u0142 o swojej nowej ksi\u0105\u017cce pt.: &#8222;Osiedla dom\u00f3w jednorodzinnych Lublina z okresu PRL. Koncepcje, realizacja, eksploatacja&#8221;.<\/p>\n\n\n\n<figure class=\"wp-block-gallery has-nested-images columns-default is-cropped wp-block-gallery-1 is-layout-flex wp-block-gallery-is-layout-flex\">\n<figure class=\"wp-block-image size-large\"><a href=\"https:\/\/wbp.lublin.pl\/wp-content\/uploads\/2025\/05\/DSC_5602.webp\"><img data-dominant-color=\"79736a\" data-has-transparency=\"false\" style=\"--dominant-color: #79736a;\" loading=\"lazy\" decoding=\"async\" width=\"1617\" height=\"1080\" sizes=\"auto, (max-width: 1617px) 100vw, 1617px\" data-id=\"70314\" src=\"https:\/\/wbp.lublin.pl\/wp-content\/uploads\/2025\/05\/DSC_5602-1617x1080.webp\" alt=\"Automatycznie zapisany szkic\" class=\"wp-image-70314 not-transparent\" srcset=\"https:\/\/wbp.lublin.pl\/wp-content\/uploads\/2025\/05\/DSC_5602-1617x1080.webp 1617w, https:\/\/wbp.lublin.pl\/wp-content\/uploads\/2025\/05\/DSC_5602-600x401.webp 600w, https:\/\/wbp.lublin.pl\/wp-content\/uploads\/2025\/05\/DSC_5602-400x267.webp 400w, https:\/\/wbp.lublin.pl\/wp-content\/uploads\/2025\/05\/DSC_5602-768x513.webp 768w, https:\/\/wbp.lublin.pl\/wp-content\/uploads\/2025\/05\/DSC_5602-1536x1026.webp 1536w, https:\/\/wbp.lublin.pl\/wp-content\/uploads\/2025\/05\/DSC_5602-947x632.webp 947w, https:\/\/wbp.lublin.pl\/wp-content\/uploads\/2025\/05\/DSC_5602-624x417.webp 624w, https:\/\/wbp.lublin.pl\/wp-content\/uploads\/2025\/05\/DSC_5602-84x56.webp 84w, https:\/\/wbp.lublin.pl\/wp-content\/uploads\/2025\/05\/DSC_5602.webp 1800w\" \/><\/a><figcaption class=\"wp-element-caption\"><em>Dr Grzegorz Figiel &#8211; Zast\u0119pca Dyrektora ds. Merytorycznych Biblioteki<\/em><\/figcaption><\/figure>\n\n\n\n<figure class=\"wp-block-image size-large\"><a href=\"https:\/\/wbp.lublin.pl\/wp-content\/uploads\/2025\/05\/DSC_5605.webp\"><img data-dominant-color=\"898279\" data-has-transparency=\"false\" style=\"--dominant-color: #898279;\" loading=\"lazy\" decoding=\"async\" width=\"1617\" height=\"1080\" sizes=\"auto, (max-width: 1617px) 100vw, 1617px\" data-id=\"70311\" src=\"https:\/\/wbp.lublin.pl\/wp-content\/uploads\/2025\/05\/DSC_5605-1617x1080.webp\" alt=\"Automatycznie zapisany szkic\" class=\"wp-image-70311 not-transparent\" srcset=\"https:\/\/wbp.lublin.pl\/wp-content\/uploads\/2025\/05\/DSC_5605-1617x1080.webp 1617w, https:\/\/wbp.lublin.pl\/wp-content\/uploads\/2025\/05\/DSC_5605-600x401.webp 600w, https:\/\/wbp.lublin.pl\/wp-content\/uploads\/2025\/05\/DSC_5605-400x267.webp 400w, https:\/\/wbp.lublin.pl\/wp-content\/uploads\/2025\/05\/DSC_5605-768x513.webp 768w, https:\/\/wbp.lublin.pl\/wp-content\/uploads\/2025\/05\/DSC_5605-1536x1026.webp 1536w, https:\/\/wbp.lublin.pl\/wp-content\/uploads\/2025\/05\/DSC_5605-947x632.webp 947w, https:\/\/wbp.lublin.pl\/wp-content\/uploads\/2025\/05\/DSC_5605-624x417.webp 624w, https:\/\/wbp.lublin.pl\/wp-content\/uploads\/2025\/05\/DSC_5605-84x56.webp 84w, https:\/\/wbp.lublin.pl\/wp-content\/uploads\/2025\/05\/DSC_5605.webp 1800w\" \/><\/a><figcaption class=\"wp-element-caption\"><em>Zast\u0119pca Dyrektora ds. Merytorycznych Biblioteki<\/em><\/figcaption><\/figure>\n\n\n\n<figure class=\"wp-block-image size-large\"><a href=\"https:\/\/wbp.lublin.pl\/wp-content\/uploads\/2025\/05\/DSC_5609.webp\"><img data-dominant-color=\"898580\" data-has-transparency=\"false\" style=\"--dominant-color: #898580;\" loading=\"lazy\" decoding=\"async\" width=\"1617\" height=\"1080\" sizes=\"auto, (max-width: 1617px) 100vw, 1617px\" data-id=\"70316\" src=\"https:\/\/wbp.lublin.pl\/wp-content\/uploads\/2025\/05\/DSC_5609-1617x1080.webp\" alt=\"Automatycznie zapisany szkic\" class=\"wp-image-70316 not-transparent\" srcset=\"https:\/\/wbp.lublin.pl\/wp-content\/uploads\/2025\/05\/DSC_5609-1617x1080.webp 1617w, https:\/\/wbp.lublin.pl\/wp-content\/uploads\/2025\/05\/DSC_5609-600x401.webp 600w, https:\/\/wbp.lublin.pl\/wp-content\/uploads\/2025\/05\/DSC_5609-400x267.webp 400w, https:\/\/wbp.lublin.pl\/wp-content\/uploads\/2025\/05\/DSC_5609-768x513.webp 768w, https:\/\/wbp.lublin.pl\/wp-content\/uploads\/2025\/05\/DSC_5609-1536x1026.webp 1536w, https:\/\/wbp.lublin.pl\/wp-content\/uploads\/2025\/05\/DSC_5609-947x632.webp 947w, https:\/\/wbp.lublin.pl\/wp-content\/uploads\/2025\/05\/DSC_5609-624x417.webp 624w, https:\/\/wbp.lublin.pl\/wp-content\/uploads\/2025\/05\/DSC_5609-84x56.webp 84w, https:\/\/wbp.lublin.pl\/wp-content\/uploads\/2025\/05\/DSC_5609.webp 1800w\" \/><\/a><figcaption class=\"wp-element-caption\"><em>dr in\u017c. arch. Micha\u0142 Dmitruk i Micha\u0142 Fronk<\/em><\/figcaption><\/figure>\n\n\n\n<figure class=\"wp-block-image size-large\"><a href=\"https:\/\/wbp.lublin.pl\/wp-content\/uploads\/2025\/05\/DSC_5612.webp\"><img data-dominant-color=\"514c4a\" data-has-transparency=\"false\" style=\"--dominant-color: #514c4a;\" loading=\"lazy\" decoding=\"async\" width=\"721\" height=\"1080\" sizes=\"auto, (max-width: 721px) 100vw, 721px\" data-id=\"70312\" src=\"https:\/\/wbp.lublin.pl\/wp-content\/uploads\/2025\/05\/DSC_5612-721x1080.webp\" alt=\"Automatycznie zapisany szkic\" class=\"wp-image-70312 not-transparent\" srcset=\"https:\/\/wbp.lublin.pl\/wp-content\/uploads\/2025\/05\/DSC_5612-721x1080.webp 721w, https:\/\/wbp.lublin.pl\/wp-content\/uploads\/2025\/05\/DSC_5612-401x600.webp 401w, https:\/\/wbp.lublin.pl\/wp-content\/uploads\/2025\/05\/DSC_5612-267x400.webp 267w, https:\/\/wbp.lublin.pl\/wp-content\/uploads\/2025\/05\/DSC_5612-768x1150.webp 768w, https:\/\/wbp.lublin.pl\/wp-content\/uploads\/2025\/05\/DSC_5612-1026x1536.webp 1026w, https:\/\/wbp.lublin.pl\/wp-content\/uploads\/2025\/05\/DSC_5612-947x1418.webp 947w, https:\/\/wbp.lublin.pl\/wp-content\/uploads\/2025\/05\/DSC_5612-624x934.webp 624w, https:\/\/wbp.lublin.pl\/wp-content\/uploads\/2025\/05\/DSC_5612.webp 1202w\" \/><\/a><figcaption class=\"wp-element-caption\"><em>dr in\u017c. arch. Micha\u0142 Dmitruk<\/em><\/figcaption><\/figure>\n\n\n\n<figure class=\"wp-block-image size-large\"><a href=\"https:\/\/wbp.lublin.pl\/wp-content\/uploads\/2025\/05\/DSC_5614.webp\"><img data-dominant-color=\"978f88\" data-has-transparency=\"false\" style=\"--dominant-color: #978f88;\" loading=\"lazy\" decoding=\"async\" width=\"721\" height=\"1080\" sizes=\"auto, (max-width: 721px) 100vw, 721px\" data-id=\"70315\" src=\"https:\/\/wbp.lublin.pl\/wp-content\/uploads\/2025\/05\/DSC_5614-721x1080.webp\" alt=\"Automatycznie zapisany szkic\" class=\"wp-image-70315 not-transparent\" srcset=\"https:\/\/wbp.lublin.pl\/wp-content\/uploads\/2025\/05\/DSC_5614-721x1080.webp 721w, https:\/\/wbp.lublin.pl\/wp-content\/uploads\/2025\/05\/DSC_5614-401x600.webp 401w, https:\/\/wbp.lublin.pl\/wp-content\/uploads\/2025\/05\/DSC_5614-267x400.webp 267w, https:\/\/wbp.lublin.pl\/wp-content\/uploads\/2025\/05\/DSC_5614-768x1150.webp 768w, https:\/\/wbp.lublin.pl\/wp-content\/uploads\/2025\/05\/DSC_5614-1026x1536.webp 1026w, https:\/\/wbp.lublin.pl\/wp-content\/uploads\/2025\/05\/DSC_5614-947x1418.webp 947w, https:\/\/wbp.lublin.pl\/wp-content\/uploads\/2025\/05\/DSC_5614-624x934.webp 624w, https:\/\/wbp.lublin.pl\/wp-content\/uploads\/2025\/05\/DSC_5614.webp 1202w\" \/><\/a><figcaption class=\"wp-element-caption\"><em>Micha\u0142 Fronk<\/em><\/figcaption><\/figure>\n\n\n\n<figure class=\"wp-block-image size-large\"><a href=\"https:\/\/wbp.lublin.pl\/wp-content\/uploads\/2025\/05\/DSC_5620.webp\"><img data-dominant-color=\"87827f\" data-has-transparency=\"false\" style=\"--dominant-color: #87827f;\" loading=\"lazy\" decoding=\"async\" width=\"1617\" height=\"1080\" sizes=\"auto, (max-width: 1617px) 100vw, 1617px\" data-id=\"70313\" src=\"https:\/\/wbp.lublin.pl\/wp-content\/uploads\/2025\/05\/DSC_5620-1617x1080.webp\" alt=\"Automatycznie zapisany szkic\" class=\"wp-image-70313 not-transparent\" srcset=\"https:\/\/wbp.lublin.pl\/wp-content\/uploads\/2025\/05\/DSC_5620-1617x1080.webp 1617w, https:\/\/wbp.lublin.pl\/wp-content\/uploads\/2025\/05\/DSC_5620-600x401.webp 600w, https:\/\/wbp.lublin.pl\/wp-content\/uploads\/2025\/05\/DSC_5620-400x267.webp 400w, https:\/\/wbp.lublin.pl\/wp-content\/uploads\/2025\/05\/DSC_5620-768x513.webp 768w, https:\/\/wbp.lublin.pl\/wp-content\/uploads\/2025\/05\/DSC_5620-1536x1026.webp 1536w, https:\/\/wbp.lublin.pl\/wp-content\/uploads\/2025\/05\/DSC_5620-947x632.webp 947w, https:\/\/wbp.lublin.pl\/wp-content\/uploads\/2025\/05\/DSC_5620-624x417.webp 624w, https:\/\/wbp.lublin.pl\/wp-content\/uploads\/2025\/05\/DSC_5620-84x56.webp 84w, https:\/\/wbp.lublin.pl\/wp-content\/uploads\/2025\/05\/DSC_5620.webp 1800w\" \/><\/a><figcaption class=\"wp-element-caption\"><em>dr in\u017c. arch. Micha\u0142 Dmitruk i Micha\u0142 Fronk<\/em><\/figcaption><\/figure>\n\n\n\n<figure class=\"wp-block-image size-large\"><a href=\"https:\/\/wbp.lublin.pl\/wp-content\/uploads\/2025\/05\/DSC_5622.webp\"><img data-dominant-color=\"433c38\" data-has-transparency=\"false\" style=\"--dominant-color: #433c38;\" loading=\"lazy\" decoding=\"async\" width=\"721\" height=\"1080\" sizes=\"auto, (max-width: 721px) 100vw, 721px\" data-id=\"70317\" src=\"https:\/\/wbp.lublin.pl\/wp-content\/uploads\/2025\/05\/DSC_5622-721x1080.webp\" alt=\"Automatycznie zapisany szkic\" class=\"wp-image-70317 not-transparent\" srcset=\"https:\/\/wbp.lublin.pl\/wp-content\/uploads\/2025\/05\/DSC_5622-721x1080.webp 721w, https:\/\/wbp.lublin.pl\/wp-content\/uploads\/2025\/05\/DSC_5622-401x600.webp 401w, https:\/\/wbp.lublin.pl\/wp-content\/uploads\/2025\/05\/DSC_5622-267x400.webp 267w, https:\/\/wbp.lublin.pl\/wp-content\/uploads\/2025\/05\/DSC_5622-768x1150.webp 768w, https:\/\/wbp.lublin.pl\/wp-content\/uploads\/2025\/05\/DSC_5622-1026x1536.webp 1026w, https:\/\/wbp.lublin.pl\/wp-content\/uploads\/2025\/05\/DSC_5622-947x1418.webp 947w, https:\/\/wbp.lublin.pl\/wp-content\/uploads\/2025\/05\/DSC_5622-624x934.webp 624w, https:\/\/wbp.lublin.pl\/wp-content\/uploads\/2025\/05\/DSC_5622.webp 1202w\" \/><\/a><figcaption class=\"wp-element-caption\"><em><br>dr Karolina Famulska-Ciesielska &#8211; Kierownik Wydawnictwa Politechniki Lubelskiej<\/em><\/figcaption><\/figure>\n\n\n\n<figure class=\"wp-block-image size-large\"><a href=\"https:\/\/wbp.lublin.pl\/wp-content\/uploads\/2025\/05\/DSC_5626.webp\"><img data-dominant-color=\"9c9590\" data-has-transparency=\"false\" style=\"--dominant-color: #9c9590;\" loading=\"lazy\" decoding=\"async\" width=\"1617\" height=\"1080\" sizes=\"auto, (max-width: 1617px) 100vw, 1617px\" data-id=\"70318\" src=\"https:\/\/wbp.lublin.pl\/wp-content\/uploads\/2025\/05\/DSC_5626-1617x1080.webp\" alt=\"Automatycznie zapisany szkic\" class=\"wp-image-70318 not-transparent\" srcset=\"https:\/\/wbp.lublin.pl\/wp-content\/uploads\/2025\/05\/DSC_5626-1617x1080.webp 1617w, https:\/\/wbp.lublin.pl\/wp-content\/uploads\/2025\/05\/DSC_5626-600x401.webp 600w, https:\/\/wbp.lublin.pl\/wp-content\/uploads\/2025\/05\/DSC_5626-400x267.webp 400w, https:\/\/wbp.lublin.pl\/wp-content\/uploads\/2025\/05\/DSC_5626-768x513.webp 768w, https:\/\/wbp.lublin.pl\/wp-content\/uploads\/2025\/05\/DSC_5626-1536x1026.webp 1536w, https:\/\/wbp.lublin.pl\/wp-content\/uploads\/2025\/05\/DSC_5626-947x632.webp 947w, https:\/\/wbp.lublin.pl\/wp-content\/uploads\/2025\/05\/DSC_5626-624x417.webp 624w, https:\/\/wbp.lublin.pl\/wp-content\/uploads\/2025\/05\/DSC_5626-84x56.webp 84w, https:\/\/wbp.lublin.pl\/wp-content\/uploads\/2025\/05\/DSC_5626.webp 1800w\" \/><\/a><figcaption class=\"wp-element-caption\"><em>Micha\u0142 Fronk<\/em><\/figcaption><\/figure>\n\n\n\n<figure class=\"wp-block-image size-large\"><a href=\"https:\/\/wbp.lublin.pl\/wp-content\/uploads\/2025\/05\/DSC_5630.webp\"><img data-dominant-color=\"a7a3a1\" data-has-transparency=\"false\" style=\"--dominant-color: #a7a3a1;\" loading=\"lazy\" decoding=\"async\" width=\"1617\" height=\"1080\" sizes=\"auto, (max-width: 1617px) 100vw, 1617px\" data-id=\"70319\" src=\"https:\/\/wbp.lublin.pl\/wp-content\/uploads\/2025\/05\/DSC_5630-1617x1080.webp\" alt=\"Automatycznie zapisany szkic\" class=\"wp-image-70319 not-transparent\" srcset=\"https:\/\/wbp.lublin.pl\/wp-content\/uploads\/2025\/05\/DSC_5630-1617x1080.webp 1617w, https:\/\/wbp.lublin.pl\/wp-content\/uploads\/2025\/05\/DSC_5630-600x401.webp 600w, https:\/\/wbp.lublin.pl\/wp-content\/uploads\/2025\/05\/DSC_5630-400x267.webp 400w, https:\/\/wbp.lublin.pl\/wp-content\/uploads\/2025\/05\/DSC_5630-768x513.webp 768w, https:\/\/wbp.lublin.pl\/wp-content\/uploads\/2025\/05\/DSC_5630-1536x1026.webp 1536w, https:\/\/wbp.lublin.pl\/wp-content\/uploads\/2025\/05\/DSC_5630-947x632.webp 947w, https:\/\/wbp.lublin.pl\/wp-content\/uploads\/2025\/05\/DSC_5630-624x417.webp 624w, https:\/\/wbp.lublin.pl\/wp-content\/uploads\/2025\/05\/DSC_5630-84x56.webp 84w, https:\/\/wbp.lublin.pl\/wp-content\/uploads\/2025\/05\/DSC_5630.webp 1800w\" \/><\/a><figcaption class=\"wp-element-caption\"><em>dr in\u017c. arch. Micha\u0142 Dmitruk i Micha\u0142 Fronk<\/em><\/figcaption><\/figure>\n\n\n\n<figure class=\"wp-block-image size-large\"><a href=\"https:\/\/wbp.lublin.pl\/wp-content\/uploads\/2025\/05\/DSC_5631.webp\"><img data-dominant-color=\"633429\" data-has-transparency=\"false\" style=\"--dominant-color: #633429;\" loading=\"lazy\" decoding=\"async\" width=\"861\" height=\"1080\" sizes=\"auto, (max-width: 861px) 100vw, 861px\" data-id=\"70320\" src=\"https:\/\/wbp.lublin.pl\/wp-content\/uploads\/2025\/05\/DSC_5631-861x1080.webp\" alt=\"Automatycznie zapisany szkic\" class=\"wp-image-70320 not-transparent\" srcset=\"https:\/\/wbp.lublin.pl\/wp-content\/uploads\/2025\/05\/DSC_5631-861x1080.webp 861w, https:\/\/wbp.lublin.pl\/wp-content\/uploads\/2025\/05\/DSC_5631-478x600.webp 478w, https:\/\/wbp.lublin.pl\/wp-content\/uploads\/2025\/05\/DSC_5631-319x400.webp 319w, https:\/\/wbp.lublin.pl\/wp-content\/uploads\/2025\/05\/DSC_5631-768x964.webp 768w, https:\/\/wbp.lublin.pl\/wp-content\/uploads\/2025\/05\/DSC_5631-947x1188.webp 947w, https:\/\/wbp.lublin.pl\/wp-content\/uploads\/2025\/05\/DSC_5631-624x783.webp 624w, https:\/\/wbp.lublin.pl\/wp-content\/uploads\/2025\/05\/DSC_5631.webp 1202w\" \/><\/a><figcaption class=\"wp-element-caption\"><em>Spotkanie autorskie z dr. in\u017c. arch. Micha\u0142em Dmitrukiem w obiektywie<\/em><\/figcaption><\/figure>\n\n\n\n<figure class=\"wp-block-image size-large\"><a href=\"https:\/\/wbp.lublin.pl\/wp-content\/uploads\/2025\/05\/DSC_5634.webp\"><img data-dominant-color=\"aeac9a\" data-has-transparency=\"false\" style=\"--dominant-color: #aeac9a;\" loading=\"lazy\" decoding=\"async\" width=\"1617\" height=\"1080\" sizes=\"auto, (max-width: 1617px) 100vw, 1617px\" data-id=\"70321\" src=\"https:\/\/wbp.lublin.pl\/wp-content\/uploads\/2025\/05\/DSC_5634-1617x1080.webp\" alt=\"Automatycznie zapisany szkic\" class=\"wp-image-70321 not-transparent\" srcset=\"https:\/\/wbp.lublin.pl\/wp-content\/uploads\/2025\/05\/DSC_5634-1617x1080.webp 1617w, https:\/\/wbp.lublin.pl\/wp-content\/uploads\/2025\/05\/DSC_5634-600x401.webp 600w, https:\/\/wbp.lublin.pl\/wp-content\/uploads\/2025\/05\/DSC_5634-400x267.webp 400w, https:\/\/wbp.lublin.pl\/wp-content\/uploads\/2025\/05\/DSC_5634-768x513.webp 768w, https:\/\/wbp.lublin.pl\/wp-content\/uploads\/2025\/05\/DSC_5634-1536x1026.webp 1536w, https:\/\/wbp.lublin.pl\/wp-content\/uploads\/2025\/05\/DSC_5634-947x632.webp 947w, https:\/\/wbp.lublin.pl\/wp-content\/uploads\/2025\/05\/DSC_5634-624x417.webp 624w, https:\/\/wbp.lublin.pl\/wp-content\/uploads\/2025\/05\/DSC_5634-84x56.webp 84w, https:\/\/wbp.lublin.pl\/wp-content\/uploads\/2025\/05\/DSC_5634.webp 1800w\" \/><\/a><figcaption class=\"wp-element-caption\"><em>Spotkanie autorskie z dr. in\u017c. arch. Micha\u0142em Dmitrukiem w obiektywie<\/em><\/figcaption><\/figure>\n\n\n\n<figure class=\"wp-block-image size-large\"><a href=\"https:\/\/wbp.lublin.pl\/wp-content\/uploads\/2025\/05\/DSC_5637.webp\"><img data-dominant-color=\"58504b\" data-has-transparency=\"false\" style=\"--dominant-color: #58504b;\" loading=\"lazy\" decoding=\"async\" width=\"1617\" height=\"1080\" sizes=\"auto, (max-width: 1617px) 100vw, 1617px\" data-id=\"70322\" src=\"https:\/\/wbp.lublin.pl\/wp-content\/uploads\/2025\/05\/DSC_5637-1617x1080.webp\" alt=\"Automatycznie zapisany szkic\" class=\"wp-image-70322 not-transparent\" srcset=\"https:\/\/wbp.lublin.pl\/wp-content\/uploads\/2025\/05\/DSC_5637-1617x1080.webp 1617w, https:\/\/wbp.lublin.pl\/wp-content\/uploads\/2025\/05\/DSC_5637-600x401.webp 600w, https:\/\/wbp.lublin.pl\/wp-content\/uploads\/2025\/05\/DSC_5637-400x267.webp 400w, https:\/\/wbp.lublin.pl\/wp-content\/uploads\/2025\/05\/DSC_5637-768x513.webp 768w, https:\/\/wbp.lublin.pl\/wp-content\/uploads\/2025\/05\/DSC_5637-1536x1026.webp 1536w, https:\/\/wbp.lublin.pl\/wp-content\/uploads\/2025\/05\/DSC_5637-947x632.webp 947w, https:\/\/wbp.lublin.pl\/wp-content\/uploads\/2025\/05\/DSC_5637-624x417.webp 624w, https:\/\/wbp.lublin.pl\/wp-content\/uploads\/2025\/05\/DSC_5637-84x56.webp 84w, https:\/\/wbp.lublin.pl\/wp-content\/uploads\/2025\/05\/DSC_5637.webp 1800w\" \/><\/a><figcaption class=\"wp-element-caption\"><em>Spotkanie autorskie z dr. in\u017c. arch. Micha\u0142em Dmitrukiem w obiektywie<\/em><\/figcaption><\/figure>\n\n\n\n<figure class=\"wp-block-image size-large\"><a href=\"https:\/\/wbp.lublin.pl\/wp-content\/uploads\/2025\/05\/DSC_5638.webp\"><img data-dominant-color=\"a29c96\" data-has-transparency=\"false\" style=\"--dominant-color: #a29c96;\" loading=\"lazy\" decoding=\"async\" width=\"1617\" height=\"1080\" sizes=\"auto, (max-width: 1617px) 100vw, 1617px\" data-id=\"70323\" src=\"https:\/\/wbp.lublin.pl\/wp-content\/uploads\/2025\/05\/DSC_5638-1617x1080.webp\" alt=\"Automatycznie zapisany szkic\" class=\"wp-image-70323 not-transparent\" srcset=\"https:\/\/wbp.lublin.pl\/wp-content\/uploads\/2025\/05\/DSC_5638-1617x1080.webp 1617w, https:\/\/wbp.lublin.pl\/wp-content\/uploads\/2025\/05\/DSC_5638-600x401.webp 600w, https:\/\/wbp.lublin.pl\/wp-content\/uploads\/2025\/05\/DSC_5638-400x267.webp 400w, https:\/\/wbp.lublin.pl\/wp-content\/uploads\/2025\/05\/DSC_5638-768x513.webp 768w, https:\/\/wbp.lublin.pl\/wp-content\/uploads\/2025\/05\/DSC_5638-1536x1026.webp 1536w, https:\/\/wbp.lublin.pl\/wp-content\/uploads\/2025\/05\/DSC_5638-947x632.webp 947w, https:\/\/wbp.lublin.pl\/wp-content\/uploads\/2025\/05\/DSC_5638-624x417.webp 624w, https:\/\/wbp.lublin.pl\/wp-content\/uploads\/2025\/05\/DSC_5638-84x56.webp 84w, https:\/\/wbp.lublin.pl\/wp-content\/uploads\/2025\/05\/DSC_5638.webp 1800w\" \/><\/a><figcaption class=\"wp-element-caption\"><em>dr in\u017c. arch. Micha\u0142 Dmitruk i Micha\u0142 Fronk<\/em><\/figcaption><\/figure>\n\n\n\n<figure class=\"wp-block-image size-large\"><a href=\"https:\/\/wbp.lublin.pl\/wp-content\/uploads\/2025\/05\/DSC_5639.webp\"><img data-dominant-color=\"9e9a9d\" data-has-transparency=\"false\" style=\"--dominant-color: #9e9a9d;\" loading=\"lazy\" decoding=\"async\" width=\"1617\" height=\"1080\" sizes=\"auto, (max-width: 1617px) 100vw, 1617px\" data-id=\"70324\" src=\"https:\/\/wbp.lublin.pl\/wp-content\/uploads\/2025\/05\/DSC_5639-1617x1080.webp\" alt=\"Automatycznie zapisany szkic\" class=\"wp-image-70324 not-transparent\" srcset=\"https:\/\/wbp.lublin.pl\/wp-content\/uploads\/2025\/05\/DSC_5639-1617x1080.webp 1617w, https:\/\/wbp.lublin.pl\/wp-content\/uploads\/2025\/05\/DSC_5639-600x401.webp 600w, https:\/\/wbp.lublin.pl\/wp-content\/uploads\/2025\/05\/DSC_5639-400x267.webp 400w, https:\/\/wbp.lublin.pl\/wp-content\/uploads\/2025\/05\/DSC_5639-768x513.webp 768w, https:\/\/wbp.lublin.pl\/wp-content\/uploads\/2025\/05\/DSC_5639-1536x1026.webp 1536w, https:\/\/wbp.lublin.pl\/wp-content\/uploads\/2025\/05\/DSC_5639-947x632.webp 947w, https:\/\/wbp.lublin.pl\/wp-content\/uploads\/2025\/05\/DSC_5639-624x417.webp 624w, https:\/\/wbp.lublin.pl\/wp-content\/uploads\/2025\/05\/DSC_5639-84x56.webp 84w, https:\/\/wbp.lublin.pl\/wp-content\/uploads\/2025\/05\/DSC_5639.webp 1800w\" \/><\/a><figcaption class=\"wp-element-caption\"><em>dr in\u017c. arch. Micha\u0142 Dmitruk<\/em><\/figcaption><\/figure>\n\n\n\n<figure class=\"wp-block-image size-large\"><a href=\"https:\/\/wbp.lublin.pl\/wp-content\/uploads\/2025\/05\/DSC_5640.webp\"><img data-dominant-color=\"9f9a98\" data-has-transparency=\"false\" style=\"--dominant-color: #9f9a98;\" loading=\"lazy\" decoding=\"async\" width=\"1617\" height=\"1080\" sizes=\"auto, (max-width: 1617px) 100vw, 1617px\" data-id=\"70325\" src=\"https:\/\/wbp.lublin.pl\/wp-content\/uploads\/2025\/05\/DSC_5640-1617x1080.webp\" alt=\"Automatycznie zapisany szkic\" class=\"wp-image-70325 not-transparent\" srcset=\"https:\/\/wbp.lublin.pl\/wp-content\/uploads\/2025\/05\/DSC_5640-1617x1080.webp 1617w, https:\/\/wbp.lublin.pl\/wp-content\/uploads\/2025\/05\/DSC_5640-600x401.webp 600w, https:\/\/wbp.lublin.pl\/wp-content\/uploads\/2025\/05\/DSC_5640-400x267.webp 400w, https:\/\/wbp.lublin.pl\/wp-content\/uploads\/2025\/05\/DSC_5640-768x513.webp 768w, https:\/\/wbp.lublin.pl\/wp-content\/uploads\/2025\/05\/DSC_5640-1536x1026.webp 1536w, https:\/\/wbp.lublin.pl\/wp-content\/uploads\/2025\/05\/DSC_5640-947x632.webp 947w, https:\/\/wbp.lublin.pl\/wp-content\/uploads\/2025\/05\/DSC_5640-624x417.webp 624w, https:\/\/wbp.lublin.pl\/wp-content\/uploads\/2025\/05\/DSC_5640-84x56.webp 84w, https:\/\/wbp.lublin.pl\/wp-content\/uploads\/2025\/05\/DSC_5640.webp 1800w\" \/><\/a><figcaption class=\"wp-element-caption\"><em>dr in\u017c. arch. Micha\u0142 Dmitruk i Micha\u0142 Fronk<\/em><\/figcaption><\/figure>\n\n\n\n<figure class=\"wp-block-image size-large\"><a href=\"https:\/\/wbp.lublin.pl\/wp-content\/uploads\/2025\/05\/DSC_5642.webp\"><img data-dominant-color=\"a8a289\" data-has-transparency=\"false\" style=\"--dominant-color: #a8a289;\" loading=\"lazy\" decoding=\"async\" width=\"1617\" height=\"1080\" sizes=\"auto, (max-width: 1617px) 100vw, 1617px\" data-id=\"70326\" src=\"https:\/\/wbp.lublin.pl\/wp-content\/uploads\/2025\/05\/DSC_5642-1617x1080.webp\" alt=\"Automatycznie zapisany szkic\" class=\"wp-image-70326 not-transparent\" srcset=\"https:\/\/wbp.lublin.pl\/wp-content\/uploads\/2025\/05\/DSC_5642-1617x1080.webp 1617w, https:\/\/wbp.lublin.pl\/wp-content\/uploads\/2025\/05\/DSC_5642-600x401.webp 600w, https:\/\/wbp.lublin.pl\/wp-content\/uploads\/2025\/05\/DSC_5642-400x267.webp 400w, https:\/\/wbp.lublin.pl\/wp-content\/uploads\/2025\/05\/DSC_5642-768x513.webp 768w, https:\/\/wbp.lublin.pl\/wp-content\/uploads\/2025\/05\/DSC_5642-1536x1026.webp 1536w, https:\/\/wbp.lublin.pl\/wp-content\/uploads\/2025\/05\/DSC_5642-947x632.webp 947w, https:\/\/wbp.lublin.pl\/wp-content\/uploads\/2025\/05\/DSC_5642-624x417.webp 624w, https:\/\/wbp.lublin.pl\/wp-content\/uploads\/2025\/05\/DSC_5642-84x56.webp 84w, https:\/\/wbp.lublin.pl\/wp-content\/uploads\/2025\/05\/DSC_5642.webp 1800w\" \/><\/a><figcaption class=\"wp-element-caption\"><em>Spotkanie autorskie z dr. in\u017c. arch. Micha\u0142em Dmitrukiem w obiektywie<\/em><\/figcaption><\/figure>\n\n\n\n<figure class=\"wp-block-image size-large\"><a href=\"https:\/\/wbp.lublin.pl\/wp-content\/uploads\/2025\/05\/DSC_5644.webp\"><img data-dominant-color=\"938983\" data-has-transparency=\"false\" style=\"--dominant-color: #938983;\" loading=\"lazy\" decoding=\"async\" width=\"1617\" height=\"1080\" sizes=\"auto, (max-width: 1617px) 100vw, 1617px\" data-id=\"70327\" src=\"https:\/\/wbp.lublin.pl\/wp-content\/uploads\/2025\/05\/DSC_5644-1617x1080.webp\" alt=\"Automatycznie zapisany szkic\" class=\"wp-image-70327 not-transparent\" srcset=\"https:\/\/wbp.lublin.pl\/wp-content\/uploads\/2025\/05\/DSC_5644-1617x1080.webp 1617w, https:\/\/wbp.lublin.pl\/wp-content\/uploads\/2025\/05\/DSC_5644-600x401.webp 600w, https:\/\/wbp.lublin.pl\/wp-content\/uploads\/2025\/05\/DSC_5644-400x267.webp 400w, https:\/\/wbp.lublin.pl\/wp-content\/uploads\/2025\/05\/DSC_5644-768x513.webp 768w, https:\/\/wbp.lublin.pl\/wp-content\/uploads\/2025\/05\/DSC_5644-1536x1026.webp 1536w, https:\/\/wbp.lublin.pl\/wp-content\/uploads\/2025\/05\/DSC_5644-947x632.webp 947w, https:\/\/wbp.lublin.pl\/wp-content\/uploads\/2025\/05\/DSC_5644-624x417.webp 624w, https:\/\/wbp.lublin.pl\/wp-content\/uploads\/2025\/05\/DSC_5644-84x56.webp 84w, https:\/\/wbp.lublin.pl\/wp-content\/uploads\/2025\/05\/DSC_5644.webp 1800w\" \/><\/a><figcaption class=\"wp-element-caption\"><em>dr in\u017c. arch. Micha\u0142 Dmitruk i Micha\u0142 Fronk<\/em><\/figcaption><\/figure>\n\n\n\n<figure class=\"wp-block-image size-large\"><a href=\"https:\/\/wbp.lublin.pl\/wp-content\/uploads\/2025\/05\/DSC_5645.webp\"><img data-dominant-color=\"8b8b89\" data-has-transparency=\"false\" style=\"--dominant-color: #8b8b89;\" loading=\"lazy\" decoding=\"async\" width=\"1617\" height=\"1080\" sizes=\"auto, (max-width: 1617px) 100vw, 1617px\" data-id=\"70328\" src=\"https:\/\/wbp.lublin.pl\/wp-content\/uploads\/2025\/05\/DSC_5645-1617x1080.webp\" alt=\"Automatycznie zapisany szkic\" class=\"wp-image-70328 not-transparent\" srcset=\"https:\/\/wbp.lublin.pl\/wp-content\/uploads\/2025\/05\/DSC_5645-1617x1080.webp 1617w, https:\/\/wbp.lublin.pl\/wp-content\/uploads\/2025\/05\/DSC_5645-600x401.webp 600w, https:\/\/wbp.lublin.pl\/wp-content\/uploads\/2025\/05\/DSC_5645-400x267.webp 400w, https:\/\/wbp.lublin.pl\/wp-content\/uploads\/2025\/05\/DSC_5645-768x513.webp 768w, https:\/\/wbp.lublin.pl\/wp-content\/uploads\/2025\/05\/DSC_5645-1536x1026.webp 1536w, https:\/\/wbp.lublin.pl\/wp-content\/uploads\/2025\/05\/DSC_5645-947x632.webp 947w, https:\/\/wbp.lublin.pl\/wp-content\/uploads\/2025\/05\/DSC_5645-624x417.webp 624w, https:\/\/wbp.lublin.pl\/wp-content\/uploads\/2025\/05\/DSC_5645-84x56.webp 84w, https:\/\/wbp.lublin.pl\/wp-content\/uploads\/2025\/05\/DSC_5645.webp 1800w\" \/><\/a><figcaption class=\"wp-element-caption\"><em>Spotkanie autorskie z dr. in\u017c. arch. Micha\u0142em Dmitrukiem w obiektywie<\/em><\/figcaption><\/figure>\n\n\n\n<figure class=\"wp-block-image size-large\"><a href=\"https:\/\/wbp.lublin.pl\/wp-content\/uploads\/2025\/05\/DSC_5648.webp\"><img data-dominant-color=\"7f8485\" data-has-transparency=\"false\" style=\"--dominant-color: #7f8485;\" loading=\"lazy\" decoding=\"async\" width=\"1617\" height=\"1080\" sizes=\"auto, (max-width: 1617px) 100vw, 1617px\" data-id=\"70329\" src=\"https:\/\/wbp.lublin.pl\/wp-content\/uploads\/2025\/05\/DSC_5648-1617x1080.webp\" alt=\"Automatycznie zapisany szkic\" class=\"wp-image-70329 not-transparent\" srcset=\"https:\/\/wbp.lublin.pl\/wp-content\/uploads\/2025\/05\/DSC_5648-1617x1080.webp 1617w, https:\/\/wbp.lublin.pl\/wp-content\/uploads\/2025\/05\/DSC_5648-600x401.webp 600w, https:\/\/wbp.lublin.pl\/wp-content\/uploads\/2025\/05\/DSC_5648-400x267.webp 400w, https:\/\/wbp.lublin.pl\/wp-content\/uploads\/2025\/05\/DSC_5648-768x513.webp 768w, https:\/\/wbp.lublin.pl\/wp-content\/uploads\/2025\/05\/DSC_5648-1536x1026.webp 1536w, https:\/\/wbp.lublin.pl\/wp-content\/uploads\/2025\/05\/DSC_5648-947x632.webp 947w, https:\/\/wbp.lublin.pl\/wp-content\/uploads\/2025\/05\/DSC_5648-624x417.webp 624w, https:\/\/wbp.lublin.pl\/wp-content\/uploads\/2025\/05\/DSC_5648-84x56.webp 84w, https:\/\/wbp.lublin.pl\/wp-content\/uploads\/2025\/05\/DSC_5648.webp 1800w\" \/><\/a><figcaption class=\"wp-element-caption\"><em>dr in\u017c. arch. Micha\u0142 Dmitruk i Micha\u0142 Fronk<\/em><\/figcaption><\/figure>\n\n\n\n<figure class=\"wp-block-image size-large\"><a href=\"https:\/\/wbp.lublin.pl\/wp-content\/uploads\/2025\/05\/DSC_5650.webp\"><img data-dominant-color=\"3f3b3a\" data-has-transparency=\"false\" style=\"--dominant-color: #3f3b3a;\" loading=\"lazy\" decoding=\"async\" width=\"1617\" height=\"1080\" sizes=\"auto, (max-width: 1617px) 100vw, 1617px\" data-id=\"70330\" src=\"https:\/\/wbp.lublin.pl\/wp-content\/uploads\/2025\/05\/DSC_5650-1617x1080.webp\" alt=\"Automatycznie zapisany szkic\" class=\"wp-image-70330 not-transparent\" srcset=\"https:\/\/wbp.lublin.pl\/wp-content\/uploads\/2025\/05\/DSC_5650-1617x1080.webp 1617w, https:\/\/wbp.lublin.pl\/wp-content\/uploads\/2025\/05\/DSC_5650-600x401.webp 600w, https:\/\/wbp.lublin.pl\/wp-content\/uploads\/2025\/05\/DSC_5650-400x267.webp 400w, https:\/\/wbp.lublin.pl\/wp-content\/uploads\/2025\/05\/DSC_5650-768x513.webp 768w, https:\/\/wbp.lublin.pl\/wp-content\/uploads\/2025\/05\/DSC_5650-1536x1026.webp 1536w, https:\/\/wbp.lublin.pl\/wp-content\/uploads\/2025\/05\/DSC_5650-947x632.webp 947w, https:\/\/wbp.lublin.pl\/wp-content\/uploads\/2025\/05\/DSC_5650-624x417.webp 624w, https:\/\/wbp.lublin.pl\/wp-content\/uploads\/2025\/05\/DSC_5650-84x56.webp 84w, https:\/\/wbp.lublin.pl\/wp-content\/uploads\/2025\/05\/DSC_5650.webp 1800w\" \/><\/a><figcaption class=\"wp-element-caption\"><em><br>dr Karolina Famulska-Ciesielska &#8211; Kierownik Wydawnictwa Politechniki Lubelskiej<\/em> <em>oraz dr Grzegorz Figiel &#8211;  Zast\u0119pca Dyrektora ds. Merytorycznych Biblioteki<\/em><\/figcaption><\/figure>\n\n\n\n<figure class=\"wp-block-image size-large\"><a href=\"https:\/\/wbp.lublin.pl\/wp-content\/uploads\/2025\/05\/DSC_5653.webp\"><img data-dominant-color=\"8b8b84\" data-has-transparency=\"false\" style=\"--dominant-color: #8b8b84;\" loading=\"lazy\" decoding=\"async\" width=\"1617\" height=\"1080\" sizes=\"auto, (max-width: 1617px) 100vw, 1617px\" data-id=\"70331\" src=\"https:\/\/wbp.lublin.pl\/wp-content\/uploads\/2025\/05\/DSC_5653-1617x1080.webp\" alt=\"Automatycznie zapisany szkic\" class=\"wp-image-70331 not-transparent\" srcset=\"https:\/\/wbp.lublin.pl\/wp-content\/uploads\/2025\/05\/DSC_5653-1617x1080.webp 1617w, https:\/\/wbp.lublin.pl\/wp-content\/uploads\/2025\/05\/DSC_5653-600x401.webp 600w, https:\/\/wbp.lublin.pl\/wp-content\/uploads\/2025\/05\/DSC_5653-400x267.webp 400w, https:\/\/wbp.lublin.pl\/wp-content\/uploads\/2025\/05\/DSC_5653-768x513.webp 768w, https:\/\/wbp.lublin.pl\/wp-content\/uploads\/2025\/05\/DSC_5653-1536x1026.webp 1536w, https:\/\/wbp.lublin.pl\/wp-content\/uploads\/2025\/05\/DSC_5653-947x632.webp 947w, https:\/\/wbp.lublin.pl\/wp-content\/uploads\/2025\/05\/DSC_5653-624x417.webp 624w, https:\/\/wbp.lublin.pl\/wp-content\/uploads\/2025\/05\/DSC_5653-84x56.webp 84w, https:\/\/wbp.lublin.pl\/wp-content\/uploads\/2025\/05\/DSC_5653.webp 1800w\" \/><\/a><figcaption class=\"wp-element-caption\"><em>dr in\u017c. arch. Micha\u0142 Dmitruk i Micha\u0142 Fronk<\/em><\/figcaption><\/figure>\n\n\n\n<figure class=\"wp-block-image size-large\"><a href=\"https:\/\/wbp.lublin.pl\/wp-content\/uploads\/2025\/05\/DSC_5654.webp\"><img data-dominant-color=\"7b8076\" data-has-transparency=\"false\" style=\"--dominant-color: #7b8076;\" loading=\"lazy\" decoding=\"async\" width=\"1617\" height=\"1080\" sizes=\"auto, (max-width: 1617px) 100vw, 1617px\" data-id=\"70332\" src=\"https:\/\/wbp.lublin.pl\/wp-content\/uploads\/2025\/05\/DSC_5654-1617x1080.webp\" alt=\"Automatycznie zapisany szkic\" class=\"wp-image-70332 not-transparent\" srcset=\"https:\/\/wbp.lublin.pl\/wp-content\/uploads\/2025\/05\/DSC_5654-1617x1080.webp 1617w, https:\/\/wbp.lublin.pl\/wp-content\/uploads\/2025\/05\/DSC_5654-600x401.webp 600w, https:\/\/wbp.lublin.pl\/wp-content\/uploads\/2025\/05\/DSC_5654-400x267.webp 400w, https:\/\/wbp.lublin.pl\/wp-content\/uploads\/2025\/05\/DSC_5654-768x513.webp 768w, https:\/\/wbp.lublin.pl\/wp-content\/uploads\/2025\/05\/DSC_5654-1536x1026.webp 1536w, https:\/\/wbp.lublin.pl\/wp-content\/uploads\/2025\/05\/DSC_5654-947x632.webp 947w, https:\/\/wbp.lublin.pl\/wp-content\/uploads\/2025\/05\/DSC_5654-624x417.webp 624w, https:\/\/wbp.lublin.pl\/wp-content\/uploads\/2025\/05\/DSC_5654-84x56.webp 84w, https:\/\/wbp.lublin.pl\/wp-content\/uploads\/2025\/05\/DSC_5654.webp 1800w\" \/><\/a><figcaption class=\"wp-element-caption\"><em>Spotkanie autorskie z dr. in\u017c. arch. Micha\u0142em Dmitrukiem w obiektywie<\/em><\/figcaption><\/figure>\n\n\n\n<figure class=\"wp-block-image size-large\"><a href=\"https:\/\/wbp.lublin.pl\/wp-content\/uploads\/2025\/05\/DSC_5655.webp\"><img data-dominant-color=\"382d26\" data-has-transparency=\"false\" style=\"--dominant-color: #382d26;\" loading=\"lazy\" decoding=\"async\" width=\"1617\" height=\"1080\" sizes=\"auto, (max-width: 1617px) 100vw, 1617px\" data-id=\"70333\" src=\"https:\/\/wbp.lublin.pl\/wp-content\/uploads\/2025\/05\/DSC_5655-1617x1080.webp\" alt=\"Automatycznie zapisany szkic\" class=\"wp-image-70333 not-transparent\" srcset=\"https:\/\/wbp.lublin.pl\/wp-content\/uploads\/2025\/05\/DSC_5655-1617x1080.webp 1617w, https:\/\/wbp.lublin.pl\/wp-content\/uploads\/2025\/05\/DSC_5655-600x401.webp 600w, https:\/\/wbp.lublin.pl\/wp-content\/uploads\/2025\/05\/DSC_5655-400x267.webp 400w, https:\/\/wbp.lublin.pl\/wp-content\/uploads\/2025\/05\/DSC_5655-768x513.webp 768w, https:\/\/wbp.lublin.pl\/wp-content\/uploads\/2025\/05\/DSC_5655-1536x1026.webp 1536w, https:\/\/wbp.lublin.pl\/wp-content\/uploads\/2025\/05\/DSC_5655-947x632.webp 947w, https:\/\/wbp.lublin.pl\/wp-content\/uploads\/2025\/05\/DSC_5655-624x417.webp 624w, https:\/\/wbp.lublin.pl\/wp-content\/uploads\/2025\/05\/DSC_5655-84x56.webp 84w, https:\/\/wbp.lublin.pl\/wp-content\/uploads\/2025\/05\/DSC_5655.webp 1800w\" \/><\/a><figcaption class=\"wp-element-caption\"><em>Spotkanie autorskie z dr. in\u017c. arch. Micha\u0142em Dmitrukiem w obiektywie<\/em><\/figcaption><\/figure>\n<\/figure>\n\n\n\n<p class=\"wp-block-paragraph\">Fot. M. Koz\u0142owski\/WBP w Lublinie<\/p>\n\n\n\n<p class=\"has-text-align-right wp-block-paragraph\"><em>Dzia\u0142 Informacji i Promocji<\/em><\/p>\n","protected":false},"excerpt":{"rendered":"","protected":false},"author":30,"featured_media":70323,"comment_status":"closed","ping_status":"closed","sticky":false,"template":"","format":"standard","meta":{"_tec_requires_first_save":true,"_crdt_document":"","pgc_sgb_lightbox_settings":"","_EventAllDay":false,"_EventTimezone":"","_EventStartDate":"","_EventEndDate":"","_EventStartDateUTC":"","_EventEndDateUTC":"","_EventShowMap":false,"_EventShowMapLink":false,"_EventURL":"","_EventCost":"","_EventCostDescription":"","_EventCurrencySymbol":"","_EventCurrencyCode":"","_EventCurrencyPosition":"","_EventDateTimeSeparator":"","_EventTimeRangeSeparator":"","_EventOrganizerID":[],"_EventVenueID":[],"_OrganizerEmail":"","_OrganizerPhone":"","_OrganizerWebsite":"","_VenueAddress":"","_VenueCity":"","_VenueCountry":"","_VenueProvince":"","_VenueState":"","_VenueZip":"","_VenuePhone":"","_VenueURL":"","_VenueStateProvince":"","_VenueLat":"","_VenueLng":"","_VenueShowMap":false,"_VenueShowMapLink":false,"_tribe_blocks_recurrence_rules":"","_tribe_blocks_recurrence_description":"","_tribe_blocks_recurrence_exclusions":"","footnotes":""},"categories":[537,538,540,10],"tags":[],"class_list":["post-70310","post","type-post","status-publish","format-standard","has-post-thumbnail","hentry","category-archiwum-wydarzen","category-imprezy-w-obiektywie","category-spotkania-autorskie-w-obiektywie","category-aktualnosci"],"publishpress_future_action":{"enabled":false,"date":"2026-05-03 19:08:38","action":"change-status","newStatus":"draft","terms":[],"taxonomy":"category","extraData":[]},"publishpress_future_workflow_manual_trigger":{"enabledWorkflows":[]},"_links":{"self":[{"href":"https:\/\/wbp.lublin.pl\/index.php\/wp-json\/wp\/v2\/posts\/70310","targetHints":{"allow":["GET"]}}],"collection":[{"href":"https:\/\/wbp.lublin.pl\/index.php\/wp-json\/wp\/v2\/posts"}],"about":[{"href":"https:\/\/wbp.lublin.pl\/index.php\/wp-json\/wp\/v2\/types\/post"}],"author":[{"embeddable":true,"href":"https:\/\/wbp.lublin.pl\/index.php\/wp-json\/wp\/v2\/users\/30"}],"replies":[{"embeddable":true,"href":"https:\/\/wbp.lublin.pl\/index.php\/wp-json\/wp\/v2\/comments?post=70310"}],"version-history":[{"count":1,"href":"https:\/\/wbp.lublin.pl\/index.php\/wp-json\/wp\/v2\/posts\/70310\/revisions"}],"predecessor-version":[{"id":70334,"href":"https:\/\/wbp.lublin.pl\/index.php\/wp-json\/wp\/v2\/posts\/70310\/revisions\/70334"}],"wp:featuredmedia":[{"embeddable":true,"href":"https:\/\/wbp.lublin.pl\/index.php\/wp-json\/wp\/v2\/media\/70323"}],"wp:attachment":[{"href":"https:\/\/wbp.lublin.pl\/index.php\/wp-json\/wp\/v2\/media?parent=70310"}],"wp:term":[{"taxonomy":"category","embeddable":true,"href":"https:\/\/wbp.lublin.pl\/index.php\/wp-json\/wp\/v2\/categories?post=70310"},{"taxonomy":"post_tag","embeddable":true,"href":"https:\/\/wbp.lublin.pl\/index.php\/wp-json\/wp\/v2\/tags?post=70310"}],"curies":[{"name":"wp","href":"https:\/\/api.w.org\/{rel}","templated":true}]}}