{"id":7165,"date":"2010-09-28T16:44:13","date_gmt":"2010-09-28T14:44:13","guid":{"rendered":"https:\/\/wbp.lublin.pl8\/index.php\/2010\/09\/28\/dkk-oczytani-w-tarnogrodzie\/"},"modified":"2018-07-04T19:46:44","modified_gmt":"2018-07-04T17:46:44","slug":"dkk-oczytani-w-tarnogrodzie","status":"publish","type":"post","link":"https:\/\/wbp.lublin.pl\/index.php\/2010\/09\/28\/dkk-oczytani-w-tarnogrodzie\/","title":{"rendered":"DKK &#8222;Oczytani&#8221; w Tarnogrodzie"},"content":{"rendered":"<p style=\"text-align: left;\"><img data-dominant-color=\"6d524c\" data-has-transparency=\"false\" style=\"--dominant-color: #6d524c;\" loading=\"lazy\" decoding=\"async\" class=\"alignright size-full wp-image-7164 not-transparent\" src=\"http:\/\/wbp.lublin.pl\/wp-content\/uploads\/2010\/09\/dkk_kluby_Tarnogrod_tarnogrod_glowne.JPG\" alt=\"\" width=\"150\" height=\"113\" align=\"right\" \/>BIBLIOTEKA: Miejska Biblioteka Publiczna w Tarnogrodzie<br \/>\nMODERATOR: Joanna Puchacz<br \/>\nMIEJSCOWO\u015a\u0106: Tarnogr\u00f3d, pow. Bi\u0142goraj<br \/>\nKONTAKT: 0503 959 193, 084 6897298, jpuchacz@op.pl<br \/>\nWWW: <a href=\"http:\/\/bibliotekatarnogrod.lbl.pl\/?id=onas\">http:\/\/bibliotekatarnogrod.lbl.pl<\/a><!--more--><\/p>\n","protected":false},"excerpt":{"rendered":"<p>BIBLIOTEKA: Miejska Biblioteka Publiczna w Tarnogrodzie MODERATOR: Joanna Puchacz MIEJSCOWO\u015a\u0106: Tarnogr\u00f3d, pow. Bi\u0142goraj KONTAKT: 0503 959 193, 084 6897298, jpuchacz@op.pl WWW: http:\/\/bibliotekatarnogrod.lbl.pl<\/p>\n","protected":false},"author":18,"featured_media":7164,"comment_status":"open","ping_status":"open","sticky":false,"template":"","format":"standard","meta":{"_tec_requires_first_save":true,"_crdt_document":"","pgc_sgb_lightbox_settings":"","_EventAllDay":false,"_EventTimezone":"","_EventStartDate":"","_EventEndDate":"","_EventStartDateUTC":"","_EventEndDateUTC":"","_EventShowMap":false,"_EventShowMapLink":false,"_EventURL":"","_EventCost":"","_EventCostDescription":"","_EventCurrencySymbol":"","_EventCurrencyCode":"","_EventCurrencyPosition":"","_EventDateTimeSeparator":"","_EventTimeRangeSeparator":"","_EventOrganizerID":[],"_EventVenueID":[],"_OrganizerEmail":"","_OrganizerPhone":"","_OrganizerWebsite":"","_VenueAddress":"","_VenueCity":"","_VenueCountry":"","_VenueProvince":"","_VenueState":"","_VenueZip":"","_VenuePhone":"","_VenueURL":"","_VenueStateProvince":"","_VenueLat":"","_VenueLng":"","_VenueShowMap":false,"_VenueShowMapLink":false,"_tribe_blocks_recurrence_rules":"","_tribe_blocks_recurrence_description":"","_tribe_blocks_recurrence_exclusions":"","footnotes":""},"categories":[1],"tags":[],"class_list":["post-7165","post","type-post","status-publish","format-standard","has-post-thumbnail","hentry","category-bez-kategorii"],"publishpress_future_action":{"enabled":false,"date":"2026-05-06 17:41:18","action":"change-status","newStatus":"draft","terms":[],"taxonomy":"category","extraData":[]},"publishpress_future_workflow_manual_trigger":{"enabledWorkflows":[]},"_links":{"self":[{"href":"https:\/\/wbp.lublin.pl\/index.php\/wp-json\/wp\/v2\/posts\/7165","targetHints":{"allow":["GET"]}}],"collection":[{"href":"https:\/\/wbp.lublin.pl\/index.php\/wp-json\/wp\/v2\/posts"}],"about":[{"href":"https:\/\/wbp.lublin.pl\/index.php\/wp-json\/wp\/v2\/types\/post"}],"author":[{"embeddable":true,"href":"https:\/\/wbp.lublin.pl\/index.php\/wp-json\/wp\/v2\/users\/18"}],"replies":[{"embeddable":true,"href":"https:\/\/wbp.lublin.pl\/index.php\/wp-json\/wp\/v2\/comments?post=7165"}],"version-history":[{"count":3,"href":"https:\/\/wbp.lublin.pl\/index.php\/wp-json\/wp\/v2\/posts\/7165\/revisions"}],"predecessor-version":[{"id":13185,"href":"https:\/\/wbp.lublin.pl\/index.php\/wp-json\/wp\/v2\/posts\/7165\/revisions\/13185"}],"wp:featuredmedia":[{"embeddable":true,"href":"https:\/\/wbp.lublin.pl\/index.php\/wp-json\/wp\/v2\/media\/7164"}],"wp:attachment":[{"href":"https:\/\/wbp.lublin.pl\/index.php\/wp-json\/wp\/v2\/media?parent=7165"}],"wp:term":[{"taxonomy":"category","embeddable":true,"href":"https:\/\/wbp.lublin.pl\/index.php\/wp-json\/wp\/v2\/categories?post=7165"},{"taxonomy":"post_tag","embeddable":true,"href":"https:\/\/wbp.lublin.pl\/index.php\/wp-json\/wp\/v2\/tags?post=7165"}],"curies":[{"name":"wp","href":"https:\/\/api.w.org\/{rel}","templated":true}]}}