{"id":7178,"date":"2010-09-28T16:44:13","date_gmt":"2010-09-28T14:44:13","guid":{"rendered":"https:\/\/wbp.lublin.pl8\/index.php\/2010\/09\/28\/dkk-w-zamosciu\/"},"modified":"2018-07-04T17:59:15","modified_gmt":"2018-07-04T15:59:15","slug":"dkk-w-zamosciu","status":"publish","type":"post","link":"https:\/\/wbp.lublin.pl\/index.php\/2010\/09\/28\/dkk-w-zamosciu\/","title":{"rendered":"DKK w Zamo\u015bciu"},"content":{"rendered":"<p style=\"text-align: left;\">BIBLIOTEKA: Ksi\u0105\u017cnica Zamojska im. Stanis\u0142awa Kostki Zamoyskiego w Zamo\u015bciu<img data-dominant-color=\"696560\" data-has-transparency=\"false\" style=\"--dominant-color: #696560;\" loading=\"lazy\" decoding=\"async\" class=\"alignright size-full wp-image-7176 not-transparent\" src=\"http:\/\/wbp.lublin.pl\/wp-content\/uploads\/2010\/09\/dkk_kluby_Zamosc_Zamosc.jpg\" alt=\"\" width=\"150\" height=\"113\" align=\"right\" \/><br \/>\nMODERATOR: Halina Zieli\u0144ska<br \/>\nMIEJSCOWO\u015a\u0106: Zamo\u015b\u0107<br \/>\nKONTAKT: 084 638 58 72 w.27, promocja@biblioteka.zamosc.pl<br \/>\nWWW: <a href=\"http:\/\/www.biblioteka.zamosc.pl\/\">http:\/\/www.biblioteka.zamosc.pl\/<\/a><!--more--><\/p>\n<p style=\"text-align: left;\">\n<p style=\"text-align: left;\">\n<p style=\"text-align: left;\">\n<hr \/>\n<h4><strong>Relacje:<\/strong><\/h4>\n<p>&#8211; <a href=\"http:\/\/wbp.lublin.pl\/index.php\/2012\/03\/26\/barbara-kosmowska-w-zamosciu-9-11-2011\/\">Spotkanie z Barbar\u0105 Kosmowsk\u0105 9. 11. 2011<\/a><\/p>\n<p>&#8211; <a href=\"http:\/\/wbp.lublin.pl\/index.php\/2010\/09\/22\/krzysztof-varga-w-zamosciu-22-09-2010\/\">Spotkanie z Krzysztofem Varg\u0105 22. 09. 2010<\/a><\/p>\n<h4><strong>Zdj\u0119cia:<\/strong><\/h4>\n<p style=\"text-align: center;\"><img data-dominant-color=\"878071\" data-has-transparency=\"false\" style=\"--dominant-color: #878071;\" loading=\"lazy\" decoding=\"async\" class=\"size-full wp-image-7177 not-transparent\" title=\"Zamo\u015b\u0107 - spotkanie z Jackiem Dehnelem 12 XI 2009.\" src=\"http:\/\/wbp.lublin.pl\/wp-content\/uploads\/2010\/09\/dkk_kluby_Zamosc_Zamosc-Dehnel.jpg\" alt=\"\" width=\"150\" height=\"113\" \/><br \/>\nSpotkanie z Jackiem Dehnelem 12 XI 2009.<\/p>\n","protected":false},"excerpt":{"rendered":"<p>BIBLIOTEKA: Ksi\u0105\u017cnica Zamojska im. Stanis\u0142awa Kostki Zamoyskiego w Zamo\u015bciu MODERATOR: Halina Zieli\u0144ska MIEJSCOWO\u015a\u0106: Zamo\u015b\u0107 KONTAKT: 084 638 58 72 w.27, promocja@biblioteka.zamosc.pl WWW: http:\/\/www.biblioteka.zamosc.pl\/<\/p>\n","protected":false},"author":18,"featured_media":7176,"comment_status":"open","ping_status":"open","sticky":false,"template":"","format":"standard","meta":{"_tec_requires_first_save":true,"_crdt_document":"","pgc_sgb_lightbox_settings":"","_EventAllDay":false,"_EventTimezone":"","_EventStartDate":"","_EventEndDate":"","_EventStartDateUTC":"","_EventEndDateUTC":"","_EventShowMap":false,"_EventShowMapLink":false,"_EventURL":"","_EventCost":"","_EventCostDescription":"","_EventCurrencySymbol":"","_EventCurrencyCode":"","_EventCurrencyPosition":"","_EventDateTimeSeparator":"","_EventTimeRangeSeparator":"","_EventOrganizerID":[],"_EventVenueID":[],"_OrganizerEmail":"","_OrganizerPhone":"","_OrganizerWebsite":"","_VenueAddress":"","_VenueCity":"","_VenueCountry":"","_VenueProvince":"","_VenueState":"","_VenueZip":"","_VenuePhone":"","_VenueURL":"","_VenueStateProvince":"","_VenueLat":"","_VenueLng":"","_VenueShowMap":false,"_VenueShowMapLink":false,"_tribe_blocks_recurrence_rules":"","_tribe_blocks_recurrence_description":"","_tribe_blocks_recurrence_exclusions":"","footnotes":""},"categories":[1],"tags":[],"class_list":["post-7178","post","type-post","status-publish","format-standard","has-post-thumbnail","hentry","category-bez-kategorii"],"publishpress_future_action":{"enabled":false,"date":"2026-05-06 15:53:30","action":"change-status","newStatus":"draft","terms":[],"taxonomy":"category","extraData":[]},"publishpress_future_workflow_manual_trigger":{"enabledWorkflows":[]},"_links":{"self":[{"href":"https:\/\/wbp.lublin.pl\/index.php\/wp-json\/wp\/v2\/posts\/7178","targetHints":{"allow":["GET"]}}],"collection":[{"href":"https:\/\/wbp.lublin.pl\/index.php\/wp-json\/wp\/v2\/posts"}],"about":[{"href":"https:\/\/wbp.lublin.pl\/index.php\/wp-json\/wp\/v2\/types\/post"}],"author":[{"embeddable":true,"href":"https:\/\/wbp.lublin.pl\/index.php\/wp-json\/wp\/v2\/users\/18"}],"replies":[{"embeddable":true,"href":"https:\/\/wbp.lublin.pl\/index.php\/wp-json\/wp\/v2\/comments?post=7178"}],"version-history":[{"count":3,"href":"https:\/\/wbp.lublin.pl\/index.php\/wp-json\/wp\/v2\/posts\/7178\/revisions"}],"predecessor-version":[{"id":13202,"href":"https:\/\/wbp.lublin.pl\/index.php\/wp-json\/wp\/v2\/posts\/7178\/revisions\/13202"}],"wp:featuredmedia":[{"embeddable":true,"href":"https:\/\/wbp.lublin.pl\/index.php\/wp-json\/wp\/v2\/media\/7176"}],"wp:attachment":[{"href":"https:\/\/wbp.lublin.pl\/index.php\/wp-json\/wp\/v2\/media?parent=7178"}],"wp:term":[{"taxonomy":"category","embeddable":true,"href":"https:\/\/wbp.lublin.pl\/index.php\/wp-json\/wp\/v2\/categories?post=7178"},{"taxonomy":"post_tag","embeddable":true,"href":"https:\/\/wbp.lublin.pl\/index.php\/wp-json\/wp\/v2\/tags?post=7178"}],"curies":[{"name":"wp","href":"https:\/\/api.w.org\/{rel}","templated":true}]}}