{"id":7193,"date":"2010-09-30T10:34:27","date_gmt":"2010-09-30T08:34:27","guid":{"rendered":"https:\/\/wbp.lublin.pl8\/index.php\/2010\/09\/30\/alexandra-belinda-dzika-lawenda\/"},"modified":"2018-07-04T19:46:38","modified_gmt":"2018-07-04T17:46:38","slug":"alexandra-belinda-dzika-lawenda","status":"publish","type":"post","link":"https:\/\/wbp.lublin.pl\/index.php\/2010\/09\/30\/alexandra-belinda-dzika-lawenda\/","title":{"rendered":"Alexandra Belinda: Dzika lawenda"},"content":{"rendered":"<p style=\"text-align: justify;\">Kogo nie przera\u017caj\u0105 ksi\u0105\u017cki, kt\u00f3re obj\u0119to\u015bciowo przypominaj\u0105 Bibli\u0119 albo Ksi\u0105\u017ck\u0119 Kucharsk\u0105&#8230;? Niewielu ludzi zachwyca widok sze\u015bciuset stron zadrukowanych drobnym maczkiem. A jednak&#8230;<\/p>\n<p style=\"text-align: justify;\">Myl\u0105 sie ci, kt\u00f3rzy opas\u0142e tomiska niejednej powie\u015bci uto\u017csamiaj\u0105 z nud\u0105 i monotoni\u0105. &#8222;Dzika Lawenda&#8221; to powie\u015b\u0107, kt\u00f3ra w cudowny spos\u00f3b potwierdza powy\u017csz\u0105 tez\u0119. To historia Simone- dziewczyny, kt\u00f3ra z zagubionego brzydkiego kacz\u0105tka urodzonego w odleg\u0142ej Prowansji, przeistacza si\u0119 w \u0142ab\u0119dzia- urocz\u0105, zmys\u0142ow\u0105 pierwsz\u0105 dam\u0119 francuskiej sceny. Jak wysok\u0105 cen\u0119 zap\u0142aci jednak za \u017cycie w luksusie dowie si\u0119 Czytelnik jedynie si\u0119gaj\u0105c po t\u0119 ksia\u017cke. Jest to r\u00f3wnie\u017c opowie\u015b\u0107 o niepoj\u0119tej sile marze\u0144, o \u015bwiecie pe\u0142nym niesprawiedliwosci, nier\u00f3wno\u015bci, intrygi- o naszym \u015bwiecie&#8230;; o \u017cyciu, w kt\u00f3rym a\u017c roi si\u0119 od ludzi, kt\u00f3rzy d\u0105\u017c\u0105 do sukcesu i s\u0142awy po trupach.<\/p>\n<p style=\"text-align: justify;\">T\u0142o utworu tworz\u0105 przebogate opisy najlepszych scen na swiecie, na deskach kt\u00f3rych przysz\u0142o wyst\u0119powa\u0107 g\u0142\u00f3wnej bohaterce oraz II wojna \u015bwiatowa, kt\u00f3rej wybuch sprawia, i\u017c ludzie pokazuj\u0105 swoje prawdziwe oblicza. Ma to miejsce tak\u017ce w przypadku Simone.<\/p>\n<p style=\"text-align: justify;\">My\u015blisz sobie zapewne: &#8222;kolejna historia nieszcz\u0119sliwej mi\u0142o\u015bci, zabarwiona tragizmem wojny&#8230;&#8221; Nic bardziej mylnego!&#8221;Dzika Lawenda&#8221; niesie w sobie niezwyk\u0142y \u0142adunek optymizmu i nadziei. Odnajdziesz w niej siebie- zagubionego w wielkim \u015bwiecie, boj\u0105cego si\u0119 walczyc o w\u0142asne marzenia, trac\u0105cego mi\u0142o\u015b\u0107 i&#8230;.odnajduj\u0105cego ja na nowo; gubi\u0105cego i odkrywajacego swoje cz\u0142owiecze\u0144stwo; padaj\u0105cego pod ci\u0119\u017carem raz\u00f3w wymierzanych Ci przez \u017cycie i podnosz\u0105cego si\u0119 z szyderczym usmiechem na ustach, jakby m\u00f3wiacym: &#8222;ech, \u017cycie, zn\u00f3w mi si\u0119 uda\u0142o!&#8221;<\/p>\n<p style=\"text-align: justify;\">To ksi\u0105\u017cka, kt\u00f3ra porusza tak wiele problem\u00f3w, \u017ce nie spos\u00f3b pisa\u0107 o niej konkretnie. Ka\u017cdy jej w\u0105tek m\u00f3g\u0142by zbudowa\u0107 now\u0105 powie\u015b\u0107. Wspania\u0142a, trzymaj\u0105ca w napi\u0119ciu do ostatniej strony, wyciskaj\u0105ca \u0142zy i wyci\u0105gaj\u0105ca na wierzch najbardziej odra\u017caj\u0105ce strony ludzkiej natury, zmuszaj\u0105ca do refleksji i&#8230;dzia\u0142ania. Ot, &#8222;Dzika Lawenda&#8221; Belindy Alexandry, ksi\u0105\u017cka, kt\u00f3ra wp\u0142yn\u0119\u0142a na moje \u017cycie.<\/p>\n","protected":false},"excerpt":{"rendered":"<p>Kogo nie przera\u017caj\u0105 ksi\u0105\u017cki, kt\u00f3re obj\u0119to\u015bciowo przypominaj\u0105 Bibli\u0119 albo Ksi\u0105\u017ck\u0119 Kucharsk\u0105&#8230;? Niewielu ludzi zachwyca widok sze\u015bciuset stron zadrukowanych drobnym maczkiem. A jednak&#8230; Myl\u0105 sie ci, kt\u00f3rzy opas\u0142e tomiska niejednej powie\u015bci [&hellip;]<\/p>\n","protected":false},"author":18,"featured_media":0,"comment_status":"open","ping_status":"open","sticky":false,"template":"","format":"standard","meta":{"_tec_requires_first_save":true,"_crdt_document":"","pgc_sgb_lightbox_settings":"","_EventAllDay":false,"_EventTimezone":"","_EventStartDate":"","_EventEndDate":"","_EventStartDateUTC":"","_EventEndDateUTC":"","_EventShowMap":false,"_EventShowMapLink":false,"_EventURL":"","_EventCost":"","_EventCostDescription":"","_EventCurrencySymbol":"","_EventCurrencyCode":"","_EventCurrencyPosition":"","_EventDateTimeSeparator":"","_EventTimeRangeSeparator":"","_EventOrganizerID":[],"_EventVenueID":[],"_OrganizerEmail":"","_OrganizerPhone":"","_OrganizerWebsite":"","_VenueAddress":"","_VenueCity":"","_VenueCountry":"","_VenueProvince":"","_VenueState":"","_VenueZip":"","_VenuePhone":"","_VenueURL":"","_VenueStateProvince":"","_VenueLat":"","_VenueLng":"","_VenueShowMap":false,"_VenueShowMapLink":false,"_tribe_blocks_recurrence_rules":"","_tribe_blocks_recurrence_description":"","_tribe_blocks_recurrence_exclusions":"","footnotes":""},"categories":[110],"tags":[],"class_list":["post-7193","post","type-post","status-publish","format-standard","hentry","category-recenzje-klubowiczow"],"publishpress_future_action":{"enabled":false,"date":"2026-05-06 03:36:04","action":"change-status","newStatus":"draft","terms":[],"taxonomy":"category","extraData":[]},"publishpress_future_workflow_manual_trigger":{"enabledWorkflows":[]},"_links":{"self":[{"href":"https:\/\/wbp.lublin.pl\/index.php\/wp-json\/wp\/v2\/posts\/7193","targetHints":{"allow":["GET"]}}],"collection":[{"href":"https:\/\/wbp.lublin.pl\/index.php\/wp-json\/wp\/v2\/posts"}],"about":[{"href":"https:\/\/wbp.lublin.pl\/index.php\/wp-json\/wp\/v2\/types\/post"}],"author":[{"embeddable":true,"href":"https:\/\/wbp.lublin.pl\/index.php\/wp-json\/wp\/v2\/users\/18"}],"replies":[{"embeddable":true,"href":"https:\/\/wbp.lublin.pl\/index.php\/wp-json\/wp\/v2\/comments?post=7193"}],"version-history":[{"count":2,"href":"https:\/\/wbp.lublin.pl\/index.php\/wp-json\/wp\/v2\/posts\/7193\/revisions"}],"predecessor-version":[{"id":12837,"href":"https:\/\/wbp.lublin.pl\/index.php\/wp-json\/wp\/v2\/posts\/7193\/revisions\/12837"}],"wp:attachment":[{"href":"https:\/\/wbp.lublin.pl\/index.php\/wp-json\/wp\/v2\/media?parent=7193"}],"wp:term":[{"taxonomy":"category","embeddable":true,"href":"https:\/\/wbp.lublin.pl\/index.php\/wp-json\/wp\/v2\/categories?post=7193"},{"taxonomy":"post_tag","embeddable":true,"href":"https:\/\/wbp.lublin.pl\/index.php\/wp-json\/wp\/v2\/tags?post=7193"}],"curies":[{"name":"wp","href":"https:\/\/api.w.org\/{rel}","templated":true}]}}