{"id":7194,"date":"2010-09-30T10:53:08","date_gmt":"2010-09-30T08:53:08","guid":{"rendered":"https:\/\/wbp.lublin.pl8\/index.php\/2010\/09\/30\/arold-mariese-chce-zyc\/"},"modified":"2018-07-04T19:46:39","modified_gmt":"2018-07-04T17:46:39","slug":"arold-mariese-chce-zyc","status":"publish","type":"post","link":"https:\/\/wbp.lublin.pl\/index.php\/2010\/09\/30\/arold-mariese-chce-zyc\/","title":{"rendered":"Arold Mariese: Chc\u0119 \u017cy\u0107!"},"content":{"rendered":"<p style=\"text-align: justify;\">\u201eChc\u0119 \u017cy\u0107!\u201d- ksi\u0105\u017cka napisana przez Marliese Arold- niemieck\u0105 pisark\u0119- p\u00f3\u017aniej przet\u0142umaczona na j\u0119zyk polski przez Ew\u0119 Knichnick\u0105, wydana w 2006 roku w wydawnictwie OSSOLINEUM.<\/p>\n<p style=\"text-align: justify;\">Jest to do\u015b\u0107 kr\u00f3tka powie\u015b\u0107 opowiadaj\u0105ca o szesnastoletniej Nadine- dziewczynie, kt\u00f3ra nie dowierza, \u017ce jej by\u0142y ch\u0142opak Florian choruje na AIDS. W\u00f3wczas zdrowie nastolatki staje pod wielkim znakiem zapytania. Czy ona te\u017c jest teraz nosicielk\u0105 wirusa? Kiedy okazuje si\u0119, \u017ce tak jej \u017cycie wywraca si\u0119 do g\u00f3ry nogami\u2026 Czy za\u0142amana Nadine mo\u017ce si\u0119 komu\u015b zwierzy\u0107? Czy mo\u017ce na kim\u015b polega\u0107? A jak potocz\u0105 si\u0119 jej dalsze losy? Czy wszystko b\u0119dzie dobrze? Je\u015bli chcesz si\u0119 dowiedzie\u0107 koniecznie przeczytaj t\u0119 ksi\u0105\u017ck\u0119!<\/p>\n<p style=\"text-align: justify;\">Autorka poprzez owy utw\u00f3r udziela nam lekcji na temat AIDS i HIV. Przedstawiaj\u0105c nam kr\u00f3tki wycinek z \u017cycia zara\u017conej nastolatki pokazuje jak szybko si\u0119 poddajemy, jak bardzo potrzebujemy wsparcia naszych bliskich\u2026<\/p>\n<p style=\"text-align: justify;\">\u201eChc\u0119 \u017cy\u0107!\u201d jest pisane prost\u0105 polszczyzn\u0105, co bardzo u\u0142atwia czytanie. Dzie\u0142o jest w narracji pierwszoosobowej, dzi\u0119ki czemu lepiej nam to sobie wyobrazi\u0107, wcieli\u0107 si\u0119 w rol\u0119 Nadine cho\u0107 na chwil\u0119 i poczu\u0107 to co ona\u2026<\/p>\n<p style=\"text-align: justify;\">Uwa\u017cam, \u017ce warto przeczyta\u0107 t\u0119 ksi\u0105\u017ck\u0119, poniewa\u017c mo\u017cemy si\u0119 wi\u0119cej dowiedzie\u0107 na temat ludzi zara\u017conych wirusem HIV i chorych na ADIS. \u201eChc\u0119 \u017cy\u0107!\u201d to nie jest zwyk\u0142e \u201eczytade\u0142ko\u201d! \u201eChc\u0119 \u017cy\u0107!\u201d to ksi\u0105\u017cka z przes\u0142aniem, poniewa\u017c uczy nas jak powinni\u015bmy post\u0119powa\u0107 wobec ludzi zara\u017conych. To, \u017ce s\u0105 nosicielami to nie oznacza, i\u017c musimy ich odizolowywa\u0107 od ludzi, \u015bwiata! Wr\u0119cz przeciwnie! Do naszego obowi\u0105zku powinno nale\u017ce\u0107 udzielanie im pomocy, wspieranie ich, bycie ich podpor\u0105 i sprawianie by czuli si\u0119 jak zdrowi i \u017ceby nie tracili nadziei\u2026 Jeszcze raz gor\u0105co zach\u0119cam do przeczytania tej \u201elekcji o \u017cyciu\u201d.<\/p>\n","protected":false},"excerpt":{"rendered":"<p>\u201eChc\u0119 \u017cy\u0107!\u201d- ksi\u0105\u017cka napisana przez Marliese Arold- niemieck\u0105 pisark\u0119- p\u00f3\u017aniej przet\u0142umaczona na j\u0119zyk polski przez Ew\u0119 Knichnick\u0105, wydana w 2006 roku w wydawnictwie OSSOLINEUM. Jest to do\u015b\u0107 kr\u00f3tka powie\u015b\u0107 opowiadaj\u0105ca [&hellip;]<\/p>\n","protected":false},"author":18,"featured_media":0,"comment_status":"open","ping_status":"open","sticky":false,"template":"","format":"standard","meta":{"_tec_requires_first_save":true,"_crdt_document":"","pgc_sgb_lightbox_settings":"","_EventAllDay":false,"_EventTimezone":"","_EventStartDate":"","_EventEndDate":"","_EventStartDateUTC":"","_EventEndDateUTC":"","_EventShowMap":false,"_EventShowMapLink":false,"_EventURL":"","_EventCost":"","_EventCostDescription":"","_EventCurrencySymbol":"","_EventCurrencyCode":"","_EventCurrencyPosition":"","_EventDateTimeSeparator":"","_EventTimeRangeSeparator":"","_EventOrganizerID":[],"_EventVenueID":[],"_OrganizerEmail":"","_OrganizerPhone":"","_OrganizerWebsite":"","_VenueAddress":"","_VenueCity":"","_VenueCountry":"","_VenueProvince":"","_VenueState":"","_VenueZip":"","_VenuePhone":"","_VenueURL":"","_VenueStateProvince":"","_VenueLat":"","_VenueLng":"","_VenueShowMap":false,"_VenueShowMapLink":false,"_tribe_blocks_recurrence_rules":"","_tribe_blocks_recurrence_description":"","_tribe_blocks_recurrence_exclusions":"","footnotes":""},"categories":[110],"tags":[],"class_list":["post-7194","post","type-post","status-publish","format-standard","hentry","category-recenzje-klubowiczow"],"publishpress_future_action":{"enabled":false,"date":"2026-05-06 03:36:54","action":"change-status","newStatus":"draft","terms":[],"taxonomy":"category","extraData":[]},"publishpress_future_workflow_manual_trigger":{"enabledWorkflows":[]},"_links":{"self":[{"href":"https:\/\/wbp.lublin.pl\/index.php\/wp-json\/wp\/v2\/posts\/7194","targetHints":{"allow":["GET"]}}],"collection":[{"href":"https:\/\/wbp.lublin.pl\/index.php\/wp-json\/wp\/v2\/posts"}],"about":[{"href":"https:\/\/wbp.lublin.pl\/index.php\/wp-json\/wp\/v2\/types\/post"}],"author":[{"embeddable":true,"href":"https:\/\/wbp.lublin.pl\/index.php\/wp-json\/wp\/v2\/users\/18"}],"replies":[{"embeddable":true,"href":"https:\/\/wbp.lublin.pl\/index.php\/wp-json\/wp\/v2\/comments?post=7194"}],"version-history":[{"count":2,"href":"https:\/\/wbp.lublin.pl\/index.php\/wp-json\/wp\/v2\/posts\/7194\/revisions"}],"predecessor-version":[{"id":12838,"href":"https:\/\/wbp.lublin.pl\/index.php\/wp-json\/wp\/v2\/posts\/7194\/revisions\/12838"}],"wp:attachment":[{"href":"https:\/\/wbp.lublin.pl\/index.php\/wp-json\/wp\/v2\/media?parent=7194"}],"wp:term":[{"taxonomy":"category","embeddable":true,"href":"https:\/\/wbp.lublin.pl\/index.php\/wp-json\/wp\/v2\/categories?post=7194"},{"taxonomy":"post_tag","embeddable":true,"href":"https:\/\/wbp.lublin.pl\/index.php\/wp-json\/wp\/v2\/tags?post=7194"}],"curies":[{"name":"wp","href":"https:\/\/api.w.org\/{rel}","templated":true}]}}