{"id":7198,"date":"2010-10-07T09:30:38","date_gmt":"2010-10-07T07:30:38","guid":{"rendered":"https:\/\/wbp.lublin.pl8\/index.php\/2010\/10\/07\/szkolenie-dla-instruktorow-bibliotek-powiatowych\/"},"modified":"2018-06-23T00:00:01","modified_gmt":"2018-06-22T22:00:01","slug":"szkolenie-dla-instruktorow-bibliotek-powiatowych","status":"publish","type":"post","link":"https:\/\/wbp.lublin.pl\/index.php\/2010\/10\/07\/szkolenie-dla-instruktorow-bibliotek-powiatowych\/","title":{"rendered":"Szkolenie dla instruktor\u00f3w bibliotek powiatowych"},"content":{"rendered":"<p>&nbsp;<\/p>\n<h4>Wojew\u00f3dzka Biblioteka Publiczna im. Hieronima \u0141opaci\u0144skiego<br \/>\nzaprasza instruktor\u00f3w bibliotek powiatowych<br \/>\nna szkolenie pt.:<\/h4>\n<h3>Strategia biblioteki.<\/h3>\n<div><b>\u00a0<\/b><\/div>\n<div><u>Program:<\/u><\/div>\n<div><u>\u00a0<\/u><\/div>\n<p>1) Projekt Programu Rozwoju Bibliotek \u201eBiblioteki w spo\u0142ecze\u0144stwie wiedzy &#8211; strategie dla przysz\u0142o\u015bci\u201d. Relacja z wizyty studyjnej w Norwegii &#8211; Zofia Ciuru\u015b, dyrektor WBP<br \/>\nw Lublinie<\/p>\n<p>2) Z cyklu \u201eDobre praktyki\u201d: Wybrane aspekty dzia\u0142alno\u015b\u0107i PBP w Pu\u0142awach<br \/>\n&#8211; Danuta Szlendak, dyrektor<\/p>\n<div>3) Og\u00f3lnopolskie programy biblioteczne<\/div>\n<p>4) Kierunki pracy bibliotek powiatowych na rzecz sieci bibliotek terenowych planowane na 2011 rok- pisemne propozycje uczestnik\u00f3w<\/p>\n<div><\/div>\n<h5>Szkolenie odb\u0119dzie si\u0119 <strong>25 pa\u017adziernika 2010 r. w godz. 10.00-15.00<\/strong><br \/>\nw sali konferencyjnej (poziom -1) WBP w Lublinie<br \/>\nprzy ul. Narutowicza 4.<\/h5>\n<h5>Uczestnicy przyje\u017cd\u017caj\u0105 na koszt instytucji deleguj\u0105cej.<\/h5>\n<p>&nbsp;<\/p>\n<h4><b>Serdecznie zapraszamy<\/b><\/h4>\n","protected":false},"excerpt":{"rendered":"<p>&#160;<\/p>\n","protected":false},"author":9,"featured_media":0,"comment_status":"open","ping_status":"open","sticky":false,"template":"","format":"standard","meta":{"_tec_requires_first_save":true,"_crdt_document":"","pgc_sgb_lightbox_settings":"","_EventAllDay":false,"_EventTimezone":"","_EventStartDate":"","_EventEndDate":"","_EventStartDateUTC":"","_EventEndDateUTC":"","_EventShowMap":false,"_EventShowMapLink":false,"_EventURL":"","_EventCost":"","_EventCostDescription":"","_EventCurrencySymbol":"","_EventCurrencyCode":"","_EventCurrencyPosition":"","_EventDateTimeSeparator":"","_EventTimeRangeSeparator":"","_EventOrganizerID":[],"_EventVenueID":[],"_OrganizerEmail":"","_OrganizerPhone":"","_OrganizerWebsite":"","_VenueAddress":"","_VenueCity":"","_VenueCountry":"","_VenueProvince":"","_VenueState":"","_VenueZip":"","_VenuePhone":"","_VenueURL":"","_VenueStateProvince":"","_VenueLat":"","_VenueLng":"","_VenueShowMap":false,"_VenueShowMapLink":false,"_tribe_blocks_recurrence_rules":"","_tribe_blocks_recurrence_description":"","_tribe_blocks_recurrence_exclusions":"","footnotes":""},"categories":[101],"tags":[],"class_list":["post-7198","post","type-post","status-publish","format-standard","hentry","category-komunikaty-branzowe-archiwum"],"publishpress_future_action":{"enabled":false,"date":"2026-05-06 17:28:58","action":"change-status","newStatus":"draft","terms":[],"taxonomy":"category","extraData":[]},"publishpress_future_workflow_manual_trigger":{"enabledWorkflows":[]},"_links":{"self":[{"href":"https:\/\/wbp.lublin.pl\/index.php\/wp-json\/wp\/v2\/posts\/7198","targetHints":{"allow":["GET"]}}],"collection":[{"href":"https:\/\/wbp.lublin.pl\/index.php\/wp-json\/wp\/v2\/posts"}],"about":[{"href":"https:\/\/wbp.lublin.pl\/index.php\/wp-json\/wp\/v2\/types\/post"}],"author":[{"embeddable":true,"href":"https:\/\/wbp.lublin.pl\/index.php\/wp-json\/wp\/v2\/users\/9"}],"replies":[{"embeddable":true,"href":"https:\/\/wbp.lublin.pl\/index.php\/wp-json\/wp\/v2\/comments?post=7198"}],"version-history":[{"count":2,"href":"https:\/\/wbp.lublin.pl\/index.php\/wp-json\/wp\/v2\/posts\/7198\/revisions"}],"predecessor-version":[{"id":11305,"href":"https:\/\/wbp.lublin.pl\/index.php\/wp-json\/wp\/v2\/posts\/7198\/revisions\/11305"}],"wp:attachment":[{"href":"https:\/\/wbp.lublin.pl\/index.php\/wp-json\/wp\/v2\/media?parent=7198"}],"wp:term":[{"taxonomy":"category","embeddable":true,"href":"https:\/\/wbp.lublin.pl\/index.php\/wp-json\/wp\/v2\/categories?post=7198"},{"taxonomy":"post_tag","embeddable":true,"href":"https:\/\/wbp.lublin.pl\/index.php\/wp-json\/wp\/v2\/tags?post=7198"}],"curies":[{"name":"wp","href":"https:\/\/api.w.org\/{rel}","templated":true}]}}