{"id":7203,"date":"2010-10-27T11:47:56","date_gmt":"2010-10-27T09:47:56","guid":{"rendered":"https:\/\/wbp.lublin.pl8\/index.php\/2010\/10\/27\/chwin-stefan-esther\/"},"modified":"2018-07-04T19:46:43","modified_gmt":"2018-07-04T17:46:43","slug":"chwin-stefan-esther","status":"publish","type":"post","link":"https:\/\/wbp.lublin.pl\/index.php\/2010\/10\/27\/chwin-stefan-esther\/","title":{"rendered":"Chwin Stefan: Esther"},"content":{"rendered":"<p style=\"text-align: justify;\">Esther Simmel jest tytu\u0142ow\u0105 postaci\u0105 powie\u015bci Stefana Chwina. Pracuje jako guwernantka najm\u0142odszego z rodu Celi\u0144skich- Andrzeja. Jej \u017cyciorys, a tak\u017ce liczne fakty z przesz\u0142o\u015bci osnute s\u0105 doz\u0105 delikatnej tajemnicy. Aleksander- starszy brat Andrzeja pr\u00f3buje pozna\u0107 jej przesz\u0142o\u015b\u0107, w wyniku czego bardzo szybko zakochuje sie w m\u0142odej kobiecie. Mi\u0142o\u015b\u0107 ta nie jest spe\u0142niona. Esther najpierw d\u0142ugo i ci\u0119\u017cko choruje, nast\u0119pnie nagle i niespodziewanie wyje\u017cd\u017ca.<\/p>\n<p style=\"text-align: justify;\">Nale\u017cy nieco wi\u0119cej wspomnie\u0107 o chorobie panny Simmel. Nie chodzi tutaj o jej przebieg, ale o konsekwencje, jakie wywo\u0142a\u0142a w rodzinie Celi\u0144skich. Andrzej dopu\u015bci\u0142 si\u0119 skandalicznego czynu, aby ratowa\u0107 swoja nauczycielk\u0119. skutki jego wyst\u0119pku by\u0142y wstrz\u0105saj\u0105ce.<\/p>\n<p style=\"text-align: justify;\">Akcja powie\u015bci rozpoczyna si\u0119 pod koniec XIX wieku. Bardzo ciekawym zabiegiem jest przy\u015bpieszenie akcji w ko\u0144cowych rozdzia\u0142ach ksi\u0105\u017cki. Dzi\u0119ki temu dowiadujemy si\u0119 o dalszych losach rodziny Celi\u0144skich i mieszka\u0144c\u00f3w ulicy Nowogrodzkiej. Wiemy, jaki wp\u0142yw na ich \u017cycie mia\u0142y wydarzenia pierwszej i drugiej wojny \u015bwiatowej.<\/p>\n<p style=\"text-align: justify;\">Z tej ksi\u0105\u017cki mo\u017cna dowiedzie\u0107 si\u0119 wielu interesuj\u0105cych wiadomo\u015bci o \u017cyciu mieszka\u0144c\u00f3w Warszawy, a tak\u017ce Europy prze\u0142omu XIX i XX wieku. Wiele powszechnie znanych informacji zosta\u0142o wspaniale wkomponowanych w fabu\u0142\u0119.<\/p>\n<p style=\"text-align: justify;\">Na pocz\u0105tku ksi\u0105\u017cka mo\u017ce stwarza\u0107 pozory nudnej, melancholijnej powie\u015bci. Jednak w rzeczywisto\u015bci jest wspania\u0142\u0105 analiz\u0105 cz\u0142owieka zakochanego, nieszcz\u0119\u015bliwego. W tym miejscu nale\u017cy wspomnie\u0107, \u017ce powie\u015b\u0107 Chwina napisana jest w formie pami\u0119tnika Aleksandra Celi\u0144skiego.<\/p>\n<p style=\"text-align: justify;\">&#8222;Esther&#8221; jest tak\u017ce doskona\u0142ym przyk\u0142adem na to, jak \u017cycie ludzkie nieprzewidywalne. Po tej lekturze mo\u017cemy zada\u0107 sobie pytanie, jaki wp\u0142yw na nasze \u017cycie maj\u0105 osoby, kt\u00f3re kiedy\u015b poznali\u015bmy? Ludzie, kt\u00f3rzy dawno odeszli, a naszej pami\u0119ci rozmy\u0142y sie ich rysy twarzy?<\/p>\n<p style=\"text-align: justify;\">Z kart &#8222;Esther&#8221; p\u0142ynie spok\u00f3j i zr\u00f3wnowa\u017cenie, kt\u00f3re wprowadzaj\u0105 czytelnika w atmosfer\u0119 zadumy i magii epoki pi\u0119knych sukien, salon\u00f3w i elegancji.<\/p>\n<p style=\"text-align: justify;\">T\u0119 ksi\u0105\u017ck\u0119 polecam wszystkim, szczeg\u00f3lnie jednak osobom, kt\u00f3re nie licz\u0105 tylko na szcz\u0119\u015bliwe zako\u0144czenia.<\/p>\n","protected":false},"excerpt":{"rendered":"<p>Esther Simmel jest tytu\u0142ow\u0105 postaci\u0105 powie\u015bci Stefana Chwina. Pracuje jako guwernantka najm\u0142odszego z rodu Celi\u0144skich- Andrzeja. Jej \u017cyciorys, a tak\u017ce liczne fakty z przesz\u0142o\u015bci osnute s\u0105 doz\u0105 delikatnej tajemnicy. Aleksander- [&hellip;]<\/p>\n","protected":false},"author":18,"featured_media":0,"comment_status":"open","ping_status":"open","sticky":false,"template":"","format":"standard","meta":{"_tec_requires_first_save":true,"_crdt_document":"","pgc_sgb_lightbox_settings":"","_EventAllDay":false,"_EventTimezone":"","_EventStartDate":"","_EventEndDate":"","_EventStartDateUTC":"","_EventEndDateUTC":"","_EventShowMap":false,"_EventShowMapLink":false,"_EventURL":"","_EventCost":"","_EventCostDescription":"","_EventCurrencySymbol":"","_EventCurrencyCode":"","_EventCurrencyPosition":"","_EventDateTimeSeparator":"","_EventTimeRangeSeparator":"","_EventOrganizerID":[],"_EventVenueID":[],"_OrganizerEmail":"","_OrganizerPhone":"","_OrganizerWebsite":"","_VenueAddress":"","_VenueCity":"","_VenueCountry":"","_VenueProvince":"","_VenueState":"","_VenueZip":"","_VenuePhone":"","_VenueURL":"","_VenueStateProvince":"","_VenueLat":"","_VenueLng":"","_VenueShowMap":false,"_VenueShowMapLink":false,"_tribe_blocks_recurrence_rules":"","_tribe_blocks_recurrence_description":"","_tribe_blocks_recurrence_exclusions":"","footnotes":""},"categories":[110],"tags":[],"class_list":["post-7203","post","type-post","status-publish","format-standard","hentry","category-recenzje-klubowiczow"],"publishpress_future_action":{"enabled":false,"date":"2026-05-06 05:00:59","action":"change-status","newStatus":"draft","terms":[],"taxonomy":"category","extraData":[]},"publishpress_future_workflow_manual_trigger":{"enabledWorkflows":[]},"_links":{"self":[{"href":"https:\/\/wbp.lublin.pl\/index.php\/wp-json\/wp\/v2\/posts\/7203","targetHints":{"allow":["GET"]}}],"collection":[{"href":"https:\/\/wbp.lublin.pl\/index.php\/wp-json\/wp\/v2\/posts"}],"about":[{"href":"https:\/\/wbp.lublin.pl\/index.php\/wp-json\/wp\/v2\/types\/post"}],"author":[{"embeddable":true,"href":"https:\/\/wbp.lublin.pl\/index.php\/wp-json\/wp\/v2\/users\/18"}],"replies":[{"embeddable":true,"href":"https:\/\/wbp.lublin.pl\/index.php\/wp-json\/wp\/v2\/comments?post=7203"}],"version-history":[{"count":2,"href":"https:\/\/wbp.lublin.pl\/index.php\/wp-json\/wp\/v2\/posts\/7203\/revisions"}],"predecessor-version":[{"id":12856,"href":"https:\/\/wbp.lublin.pl\/index.php\/wp-json\/wp\/v2\/posts\/7203\/revisions\/12856"}],"wp:attachment":[{"href":"https:\/\/wbp.lublin.pl\/index.php\/wp-json\/wp\/v2\/media?parent=7203"}],"wp:term":[{"taxonomy":"category","embeddable":true,"href":"https:\/\/wbp.lublin.pl\/index.php\/wp-json\/wp\/v2\/categories?post=7203"},{"taxonomy":"post_tag","embeddable":true,"href":"https:\/\/wbp.lublin.pl\/index.php\/wp-json\/wp\/v2\/tags?post=7203"}],"curies":[{"name":"wp","href":"https:\/\/api.w.org\/{rel}","templated":true}]}}