{"id":7205,"date":"2010-10-27T11:51:14","date_gmt":"2010-10-27T09:51:14","guid":{"rendered":"https:\/\/wbp.lublin.pl8\/index.php\/2010\/10\/27\/eco-umberto-o-bibliotece\/"},"modified":"2018-07-02T21:56:27","modified_gmt":"2018-07-02T19:56:27","slug":"eco-umberto-o-bibliotece","status":"publish","type":"post","link":"https:\/\/wbp.lublin.pl\/index.php\/2010\/10\/27\/eco-umberto-o-bibliotece\/","title":{"rendered":"Eco Umberto: O bibliotece"},"content":{"rendered":"<p style=\"text-align: justify;\">Tym razem wybitny pisarz Umberto Eco w ksi\u0105\u017cce \u201eO bibliotece\u201d zabiera czytelnik\u00f3w w podr\u00f3\u017c do krainy ksi\u0105\u017cek. Jest to wyprawa sentymentalna, humorystyczna, ale te\u017c naukowa i badawcza.<\/p>\n<p style=\"text-align: justify;\">Biblioteka, jak twierdzi Jorge Luis Borgis, cytowany przez Umberto Eco we wst\u0119pie ksi\u0105\u017cki, to &#8222;chleb&#8221; czy &#8222;piramida&#8221;, czy jakakolwiek inna rzecz. Dla ka\u017cdego cz\u0142owieka biblioteka mo\u017ce by\u0107 czym\u015b innym. Wa\u017cnym jak chleb, wielkim jak piramida, czy male\u0144kim jak ziarenko piasku. Fragment \u201eBiblioteki Babel\u201d<sup>1)<\/sup> stanowi dla Umberto Eco wyj\u015bcie do rozwa\u017ca\u0144 nad istnieniem bibliotek i ich pozycj\u0105 w czasie (osobistym cz\u0142owieka, og\u00f3lnym ludzko\u015bci). Autor analizuje r\u00f3\u017cne biblioteki i ich struktury. Posuwa si\u0119 do por\u00f3wna\u0144 swoich ulubionych. Przekor\u0105 mo\u017cnaby nazwa\u0107 wypisanie dziewi\u0119tnastu cech \u201ewzorcowej biblioteki\u201d. Jest to pewna gra z czytelnikiem. Poprzez przyk\u0142ady mo\u017cliwych wad odkrywa niedostrzegane dot\u0105d zalety.<\/p>\n<p style=\"text-align: justify;\">Umberto Eco jako semiotyk, po mistrzowsku pos\u0142uguje si\u0119 s\u0142owami, znakami j\u0119zyka oraz ich znaczeniami. Tym razem wszystkie rozwa\u017cania dotycz\u0105 biblioteki. Raz stawia j\u0105 w sferze sacrum, jako miejsce majestatyczne, pe\u0142ne cennych wolumin\u00f3w, manuskrypt\u00f3w i starodruk\u00f3w. W innym fragmencie biblioteka staje si\u0119 sfer\u0105 profanum z rozpowszechnion\u0105 kultur\u0105 wykonywania fotokopii i zdarzaj\u0105cymi si\u0119 kradzie\u017cami. Te dwie sfery przenikaj\u0105 si\u0119 i nak\u0142adaj\u0105 na siebie. Autor poprzez ksi\u0105\u017ck\u0119 nak\u0142ania czytelnika do rozwa\u017ca\u0144, co jest wa\u017cne w bibliotece, a co przeszkadza. Pomoc\u0105 w tych dociekaniach, opr\u00f3cz uwa\u017cniejszego przygl\u0105dania si\u0119 bibliotekom, mog\u0105 by\u0107 przyk\u0142ady wad i zalet mno\u017cone przez pisarza.<\/p>\n<p style=\"text-align: justify;\">Rozwa\u017cania \u201eO bibliotece\u201d tworz\u0105 obraz doskona\u0142ej ksi\u0105\u017cnicy, otwartej na cz\u0142owieka i jego potrzeby. Jednak\u017ce autor ko\u0144cz\u0105c swoj\u0105 ksi\u0105\u017ck\u0119, stawia pytanie: \u201eCzy zdo\u0142amy przeobrazi\u0107 utopi\u0119 w rzeczywisto\u015b\u0107?\u201d. Zamiast pytania jest to raczej apel do wszystkich, kt\u00f3rzy w r\u00f3\u017cnych celach przest\u0119puj\u0105 progi r\u00f3\u017cnych bibliotek. W \u015bwietle tego, ostatniego pytania, my\u015bli i s\u0142owa autora o bibliotece, staj\u0105 si\u0119 wszystkim \u2013 przestrog\u0105, przyk\u0142adem, b\u0105d\u017a zach\u0119t\u0105 do odpowiednich dzia\u0142a\u0144 i zachowa\u0144.<\/p>\n<p style=\"text-align: justify;\">\n<p style=\"text-align: justify;\"><span style=\"font-size: smaller;\">1) Biblioteka Babel, [w:] Jorge Luis Borgis, Fikcje, prze\u0142. K. Piekarec, A. Sobol-Jurczykowski, K. Wojciechowska, S. Zembrzuski, Warszawa 1972<\/span><\/p>\n","protected":false},"excerpt":{"rendered":"<p>Tym razem wybitny pisarz Umberto Eco w ksi\u0105\u017cce \u201eO bibliotece\u201d zabiera czytelnik\u00f3w w podr\u00f3\u017c do krainy ksi\u0105\u017cek. Jest to wyprawa sentymentalna, humorystyczna, ale te\u017c naukowa i badawcza. Biblioteka, jak twierdzi [&hellip;]<\/p>\n","protected":false},"author":18,"featured_media":0,"comment_status":"open","ping_status":"open","sticky":false,"template":"","format":"standard","meta":{"_tec_requires_first_save":true,"_crdt_document":"","pgc_sgb_lightbox_settings":"","_EventAllDay":false,"_EventTimezone":"","_EventStartDate":"","_EventEndDate":"","_EventStartDateUTC":"","_EventEndDateUTC":"","_EventShowMap":false,"_EventShowMapLink":false,"_EventURL":"","_EventCost":"","_EventCostDescription":"","_EventCurrencySymbol":"","_EventCurrencyCode":"","_EventCurrencyPosition":"","_EventDateTimeSeparator":"","_EventTimeRangeSeparator":"","_EventOrganizerID":[],"_EventVenueID":[],"_OrganizerEmail":"","_OrganizerPhone":"","_OrganizerWebsite":"","_VenueAddress":"","_VenueCity":"","_VenueCountry":"","_VenueProvince":"","_VenueState":"","_VenueZip":"","_VenuePhone":"","_VenueURL":"","_VenueStateProvince":"","_VenueLat":"","_VenueLng":"","_VenueShowMap":false,"_VenueShowMapLink":false,"_tribe_blocks_recurrence_rules":"","_tribe_blocks_recurrence_description":"","_tribe_blocks_recurrence_exclusions":"","footnotes":""},"categories":[110],"tags":[],"class_list":["post-7205","post","type-post","status-publish","format-standard","hentry","category-recenzje-klubowiczow"],"publishpress_future_action":{"enabled":false,"date":"2026-05-06 05:00:42","action":"change-status","newStatus":"draft","terms":[],"taxonomy":"category","extraData":[]},"publishpress_future_workflow_manual_trigger":{"enabledWorkflows":[]},"_links":{"self":[{"href":"https:\/\/wbp.lublin.pl\/index.php\/wp-json\/wp\/v2\/posts\/7205","targetHints":{"allow":["GET"]}}],"collection":[{"href":"https:\/\/wbp.lublin.pl\/index.php\/wp-json\/wp\/v2\/posts"}],"about":[{"href":"https:\/\/wbp.lublin.pl\/index.php\/wp-json\/wp\/v2\/types\/post"}],"author":[{"embeddable":true,"href":"https:\/\/wbp.lublin.pl\/index.php\/wp-json\/wp\/v2\/users\/18"}],"replies":[{"embeddable":true,"href":"https:\/\/wbp.lublin.pl\/index.php\/wp-json\/wp\/v2\/comments?post=7205"}],"version-history":[{"count":2,"href":"https:\/\/wbp.lublin.pl\/index.php\/wp-json\/wp\/v2\/posts\/7205\/revisions"}],"predecessor-version":[{"id":12871,"href":"https:\/\/wbp.lublin.pl\/index.php\/wp-json\/wp\/v2\/posts\/7205\/revisions\/12871"}],"wp:attachment":[{"href":"https:\/\/wbp.lublin.pl\/index.php\/wp-json\/wp\/v2\/media?parent=7205"}],"wp:term":[{"taxonomy":"category","embeddable":true,"href":"https:\/\/wbp.lublin.pl\/index.php\/wp-json\/wp\/v2\/categories?post=7205"},{"taxonomy":"post_tag","embeddable":true,"href":"https:\/\/wbp.lublin.pl\/index.php\/wp-json\/wp\/v2\/tags?post=7205"}],"curies":[{"name":"wp","href":"https:\/\/api.w.org\/{rel}","templated":true}]}}