{"id":7207,"date":"2010-10-27T11:55:44","date_gmt":"2010-10-27T09:55:44","guid":{"rendered":"https:\/\/wbp.lublin.pl8\/index.php\/2010\/10\/27\/kidd-sue-monk-sekretne-zycie-pszczol\/"},"modified":"2018-07-02T21:57:00","modified_gmt":"2018-07-02T19:57:00","slug":"kidd-sue-monk-sekretne-zycie-pszczol","status":"publish","type":"post","link":"https:\/\/wbp.lublin.pl\/index.php\/2010\/10\/27\/kidd-sue-monk-sekretne-zycie-pszczol\/","title":{"rendered":"Kidd Sue Monk: Sekretne \u017cycie pszcz\u00f3\u0142"},"content":{"rendered":"<p style=\"text-align: justify;\">Gdy prawo okazuje si\u0119 bezprawiem, rodzony ojciec tyranem, a jedyne wspomnienie z dzieci\u0144stwa sprawia b\u00f3l, nie ma innego wyj\u015bcia jak wyruszy\u0107 w drog\u0119 w poszukiwaniu lepszego \u017cycia.. .<\/p>\n<p style=\"text-align: justify;\">Tak\u0105 te\u017c decyzje podejmuje Lilly, bohaterka &#8222;Sekretnego \u017cycia pszcz\u00f3\u0142&#8221; Sue Monk Kidd. Dziewczynka trafia do pasieki prowadzonej przez trzy czarnosk\u00f3re siostry. Pracuj\u0105c wraz z nimi, odnajduje nie tylko lepsze \u017cycie, ale r\u00f3wniez prawdziwy dom, mi\u0142o\u015b\u0107, przyja\u017a\u0144, szczero\u015b\u0107, zaufanie- uczucia, kt\u00f3re pomog\u0105 jej przetrwa\u0107, gdy pozna bolesn\u0105 prawd\u0119 o \u015bmierci swojej matki.<\/p>\n<p style=\"text-align: justify;\">&#8222;Sekretne \u017cycie pszcz\u00f3\u0142&#8221; to r\u00f3wnie\u017c historia o nier\u00f3wno\u015bci, o niesprawiedliwo\u015bci, o dyskryminacji, o rasi\u017amie. To lekcja tolerancji i akceptacji w obliczu napawaj\u0105cych wstydem i odraz\u0105 zachowa\u0144 bia\u0142ych bohater\u00f3w utworu, kt\u00f3rzy uwa\u017caj\u0105c si\u0119 za &#8222;nadludzi&#8221; w ka\u017cdy mo\u017cliwy spos\u00f3b podkre\u015blaj\u0105, jak wielkie znaczenie ma kolor sk\u00f3ry.<\/p>\n<p style=\"text-align: justify;\">Jak potoczy\u0142y sie losy Lilly po ucieczce z brzoskwiniowej farmy swego ojca? Jakie cechy wsp\u00f3lne maj\u0105 \u015bwiaty ludzi i pszcz\u00f3\u0142? Czy umiem pokocha\u0107 kogo\u015b, kto ma ciemniejsz\u0105 sk\u00f3r\u0119 ni\u017c ja? Jak wiele mo\u017ce zmieni\u0107 w \u017cyciu wiara i \u015bwiadomo\u015b\u0107, \u017ce cz\u0142owiek nie jest na \u015bwiecie sam?<\/p>\n<p style=\"text-align: justify;\">Na te i na wiele innych pyta\u0144 z pewno\u015bci\u0105 pomo\u017ce odpowiedzie\u0107 autorka. Ksi\u0105\u017cka nie nale\u017cy, moim zdaniem, do tzw. &#8222;\u0142atwych, lekkich i przyjemnych&#8221;. Jednak jej lektura sk\u0142ania do tak g\u0142\u0119bokiej refleksji, \u017ce nie spos\u00f3b jej nie ulec. Wzrusza, bawi, poucza, wlewa w serce wiar\u0119 i nadziej\u0119, przekonanie, \u017ce &#8222;warto walczy\u0107 o rzeczy, o kt\u00f3rych nigdy si\u0119 nie s\u0142ysza\u0142o&#8221;.<\/p>\n","protected":false},"excerpt":{"rendered":"<p>Gdy prawo okazuje si\u0119 bezprawiem, rodzony ojciec tyranem, a jedyne wspomnienie z dzieci\u0144stwa sprawia b\u00f3l, nie ma innego wyj\u015bcia jak wyruszy\u0107 w drog\u0119 w poszukiwaniu lepszego \u017cycia.. . Tak\u0105 te\u017c [&hellip;]<\/p>\n","protected":false},"author":18,"featured_media":0,"comment_status":"open","ping_status":"open","sticky":false,"template":"","format":"standard","meta":{"_tec_requires_first_save":true,"_crdt_document":"","pgc_sgb_lightbox_settings":"","_EventAllDay":false,"_EventTimezone":"","_EventStartDate":"","_EventEndDate":"","_EventStartDateUTC":"","_EventEndDateUTC":"","_EventShowMap":false,"_EventShowMapLink":false,"_EventURL":"","_EventCost":"","_EventCostDescription":"","_EventCurrencySymbol":"","_EventCurrencyCode":"","_EventCurrencyPosition":"","_EventDateTimeSeparator":"","_EventTimeRangeSeparator":"","_EventOrganizerID":[],"_EventVenueID":[],"_OrganizerEmail":"","_OrganizerPhone":"","_OrganizerWebsite":"","_VenueAddress":"","_VenueCity":"","_VenueCountry":"","_VenueProvince":"","_VenueState":"","_VenueZip":"","_VenuePhone":"","_VenueURL":"","_VenueStateProvince":"","_VenueLat":"","_VenueLng":"","_VenueShowMap":false,"_VenueShowMapLink":false,"_tribe_blocks_recurrence_rules":"","_tribe_blocks_recurrence_description":"","_tribe_blocks_recurrence_exclusions":"","footnotes":""},"categories":[110],"tags":[],"class_list":["post-7207","post","type-post","status-publish","format-standard","hentry","category-recenzje-klubowiczow"],"publishpress_future_action":{"enabled":false,"date":"2026-05-06 07:54:53","action":"change-status","newStatus":"draft","terms":[],"taxonomy":"category","extraData":[]},"publishpress_future_workflow_manual_trigger":{"enabledWorkflows":[]},"_links":{"self":[{"href":"https:\/\/wbp.lublin.pl\/index.php\/wp-json\/wp\/v2\/posts\/7207","targetHints":{"allow":["GET"]}}],"collection":[{"href":"https:\/\/wbp.lublin.pl\/index.php\/wp-json\/wp\/v2\/posts"}],"about":[{"href":"https:\/\/wbp.lublin.pl\/index.php\/wp-json\/wp\/v2\/types\/post"}],"author":[{"embeddable":true,"href":"https:\/\/wbp.lublin.pl\/index.php\/wp-json\/wp\/v2\/users\/18"}],"replies":[{"embeddable":true,"href":"https:\/\/wbp.lublin.pl\/index.php\/wp-json\/wp\/v2\/comments?post=7207"}],"version-history":[{"count":2,"href":"https:\/\/wbp.lublin.pl\/index.php\/wp-json\/wp\/v2\/posts\/7207\/revisions"}],"predecessor-version":[{"id":12901,"href":"https:\/\/wbp.lublin.pl\/index.php\/wp-json\/wp\/v2\/posts\/7207\/revisions\/12901"}],"wp:attachment":[{"href":"https:\/\/wbp.lublin.pl\/index.php\/wp-json\/wp\/v2\/media?parent=7207"}],"wp:term":[{"taxonomy":"category","embeddable":true,"href":"https:\/\/wbp.lublin.pl\/index.php\/wp-json\/wp\/v2\/categories?post=7207"},{"taxonomy":"post_tag","embeddable":true,"href":"https:\/\/wbp.lublin.pl\/index.php\/wp-json\/wp\/v2\/tags?post=7207"}],"curies":[{"name":"wp","href":"https:\/\/api.w.org\/{rel}","templated":true}]}}