{"id":7208,"date":"2010-10-27T11:57:16","date_gmt":"2010-10-27T09:57:16","guid":{"rendered":"https:\/\/wbp.lublin.pl8\/index.php\/2010\/10\/27\/kuncewiczowa-maria-klucze\/"},"modified":"2018-07-02T21:57:10","modified_gmt":"2018-07-02T19:57:10","slug":"kuncewiczowa-maria-klucze","status":"publish","type":"post","link":"https:\/\/wbp.lublin.pl\/index.php\/2010\/10\/27\/kuncewiczowa-maria-klucze\/","title":{"rendered":"Kuncewiczowa Maria: Klucze"},"content":{"rendered":"<p style=\"text-align: justify;\">\u201eKlucze\u201d s\u0105 ksi\u0105\u017ck\u0105 o losie zagubionych ludzi, kt\u00f3rych tragizm wojny rzuci\u0142 daleko od swego miejsca na ziemi. By\u0142 to los tu\u0142acza uciekaj\u0105cego nie z tch\u00f3rzostwa, ale w poszukiwaniu \u201enieba na ziemi\u201d, tak cz\u0142owiekowi potrzebnego do \u017cycia.<\/p>\n<p style=\"text-align: justify;\">Drugiego wrze\u015bnia Maria Kuncewiczowa opuszcza dom w Kazimierzu, pierwszy w\u0142asny dom, w kt\u00f3rym mieszka\u0142a zaledwie cztery miesi\u0105ce i wyrusza w drog\u0119 do piek\u0142a. Poci\u0105g ewakuacyjny toczy\u0142 si\u0119 drogami Wo\u0142ynia, Huculszczyzny, Bukaresztu, miast Francji i na d\u0142u\u017cej zatrzyma\u0142 si\u0119 w Anglii. Ale te kolejne miejsca nie mia\u0142y adres\u00f3w. By\u0142y to jedynie miejsca postoju, w kt\u00f3rych s\u0142ycha\u0107 by\u0142o odg\u0142osy wojny \u2013 bombardowania, wycie syren, \u0142uny ognia na niebie. Kiedy prom przeni\u00f3s\u0142 ich na drugi brzeg rzeki Hucu\u0142\u00f3w, najdotkliwszym by\u0142o uczucie strachu i prze\u015bwiadczenie, \u017ceby za \u017cadn\u0105 cen\u0119 nie l\u0105dowa\u0107 na niepewnym brzegu. Polska zamyka\u0142a si\u0119 dla Polak\u00f3w.<\/p>\n<p style=\"text-align: justify;\">Ale w ka\u017cdym tu\u0142aczym miejscu autorka czu\u0142a Polsk\u0119. Powraca\u0142a my\u015blami do szcz\u0119\u015bliwych dni, wspomina\u0142a wierzby na Wis\u0142\u0105, smak truskawek, zapach czeremchy, kt\u00f3ra nigdzie wi\u0119cej tak nie pachnie. Na kornwalijskiej wsi kwiaty kwit\u0142y dla niej jak w kazimierskim ogrodzie. T\u0119sknota wzmaga\u0142a si\u0119, gdy widzia\u0142a znajome rzeczy. W paryskim parku zobaczy\u0142a bawi\u0105ce si\u0119 dziecko, ubrane w g\u00f3ralski serdaczek. W hotelu polski oficer wystukiwa\u0142 na pianinie melodie przedwojennej Warszawy, a w Lourdes Polacy modlili si\u0119 o \u015bmier\u0107 wroga. Smutny i symboliczny to by\u0142 widok, patrze\u0107 na le\u017c\u0105cego na londy\u0144skiej trawie Polaka, kt\u00f3ry straci\u0142 dom, ojca, matk\u0119. Patrzy\u0142 w niebo, bo to mu tylko pozosta\u0142o. Tak samo wzruszaj\u0105ce by\u0142o, gdy na statku w drodze do Anglii lotnicy \u015bpiewali \u201e&#8230;nie rzucim ziemi, sk\u0105d nasz r\u00f3d&#8230;\u201d<\/p>\n<p style=\"text-align: justify;\">Ta d\u0142uga, tu\u0142acza dola autorki \u201eKluczy\u201d to poszukiwanie nowego miejsca, nowego adresu, zamiast tymczasowych miejsc w podr\u00f3\u017cy. Pewnego dnia w Londynie z walizki wypad\u0142y cztery klucze. Pierwszy \u2013 od drzwi prowadz\u0105cych na schody. Drugi \u2013 od rozbitej windy. Trzeci \u2013 od mieszkania bez dachu i okien. Czwarty \u2013 od opuszczonego pokoju w Pary\u017cu. Wszystkie by\u0142y niepotrzebne. Zabrak\u0142o natomiast kluczy od ludzkich tajemnic.<\/p>\n","protected":false},"excerpt":{"rendered":"<p>\u201eKlucze\u201d s\u0105 ksi\u0105\u017ck\u0105 o losie zagubionych ludzi, kt\u00f3rych tragizm wojny rzuci\u0142 daleko od swego miejsca na ziemi. By\u0142 to los tu\u0142acza uciekaj\u0105cego nie z tch\u00f3rzostwa, ale w poszukiwaniu \u201enieba na [&hellip;]<\/p>\n","protected":false},"author":18,"featured_media":0,"comment_status":"open","ping_status":"open","sticky":false,"template":"","format":"standard","meta":{"_tec_requires_first_save":true,"_crdt_document":"","pgc_sgb_lightbox_settings":"","_EventAllDay":false,"_EventTimezone":"","_EventStartDate":"","_EventEndDate":"","_EventStartDateUTC":"","_EventEndDateUTC":"","_EventShowMap":false,"_EventShowMapLink":false,"_EventURL":"","_EventCost":"","_EventCostDescription":"","_EventCurrencySymbol":"","_EventCurrencyCode":"","_EventCurrencyPosition":"","_EventDateTimeSeparator":"","_EventTimeRangeSeparator":"","_EventOrganizerID":[],"_EventVenueID":[],"_OrganizerEmail":"","_OrganizerPhone":"","_OrganizerWebsite":"","_VenueAddress":"","_VenueCity":"","_VenueCountry":"","_VenueProvince":"","_VenueState":"","_VenueZip":"","_VenuePhone":"","_VenueURL":"","_VenueStateProvince":"","_VenueLat":"","_VenueLng":"","_VenueShowMap":false,"_VenueShowMapLink":false,"_tribe_blocks_recurrence_rules":"","_tribe_blocks_recurrence_description":"","_tribe_blocks_recurrence_exclusions":"","footnotes":""},"categories":[110],"tags":[],"class_list":["post-7208","post","type-post","status-publish","format-standard","hentry","category-recenzje-klubowiczow"],"publishpress_future_action":{"enabled":false,"date":"2026-05-06 09:13:18","action":"change-status","newStatus":"draft","terms":[],"taxonomy":"category","extraData":[]},"publishpress_future_workflow_manual_trigger":{"enabledWorkflows":[]},"_links":{"self":[{"href":"https:\/\/wbp.lublin.pl\/index.php\/wp-json\/wp\/v2\/posts\/7208","targetHints":{"allow":["GET"]}}],"collection":[{"href":"https:\/\/wbp.lublin.pl\/index.php\/wp-json\/wp\/v2\/posts"}],"about":[{"href":"https:\/\/wbp.lublin.pl\/index.php\/wp-json\/wp\/v2\/types\/post"}],"author":[{"embeddable":true,"href":"https:\/\/wbp.lublin.pl\/index.php\/wp-json\/wp\/v2\/users\/18"}],"replies":[{"embeddable":true,"href":"https:\/\/wbp.lublin.pl\/index.php\/wp-json\/wp\/v2\/comments?post=7208"}],"version-history":[{"count":2,"href":"https:\/\/wbp.lublin.pl\/index.php\/wp-json\/wp\/v2\/posts\/7208\/revisions"}],"predecessor-version":[{"id":12913,"href":"https:\/\/wbp.lublin.pl\/index.php\/wp-json\/wp\/v2\/posts\/7208\/revisions\/12913"}],"wp:attachment":[{"href":"https:\/\/wbp.lublin.pl\/index.php\/wp-json\/wp\/v2\/media?parent=7208"}],"wp:term":[{"taxonomy":"category","embeddable":true,"href":"https:\/\/wbp.lublin.pl\/index.php\/wp-json\/wp\/v2\/categories?post=7208"},{"taxonomy":"post_tag","embeddable":true,"href":"https:\/\/wbp.lublin.pl\/index.php\/wp-json\/wp\/v2\/tags?post=7208"}],"curies":[{"name":"wp","href":"https:\/\/api.w.org\/{rel}","templated":true}]}}