{"id":7209,"date":"2010-10-27T12:02:04","date_gmt":"2010-10-27T10:02:04","guid":{"rendered":"https:\/\/wbp.lublin.pl8\/index.php\/2010\/10\/27\/mysliwski-wieslaw-traktat-o-luskaniu-fasoli\/"},"modified":"2018-07-02T21:57:27","modified_gmt":"2018-07-02T19:57:27","slug":"mysliwski-wieslaw-traktat-o-luskaniu-fasoli","status":"publish","type":"post","link":"https:\/\/wbp.lublin.pl\/index.php\/2010\/10\/27\/mysliwski-wieslaw-traktat-o-luskaniu-fasoli\/","title":{"rendered":"My\u015bliwski Wies\u0142aw: Traktat o \u0142uskaniu fasoli"},"content":{"rendered":"<p style=\"text-align: justify;\">Od zawsze by\u0142am przeciwna szufladkowaniu pisarzy na miejskich i wiejskich, dlatego te\u017c za pierwszym razem, gdy zetkn\u0119\u0142am si\u0119 z nazwiskiem My\u015bliwskiego, pierwsz\u0105 my\u015bl\u0105, wyp\u0142ywaj\u0105c\u0105 niejako wbrew rozs\u0105dkowi \u2013 bo to przecie\u017c laureat Nagrody Nike \u2013 by\u0142a taka, \u017ce nie b\u0119d\u0119 czyta\u0107 ksi\u0105\u017cek o tematyce ch\u0142opskiej, poniewa\u017c najzwyczajniej w \u015bwiecie mnie to nie interesuje. Wiedziona jednak pewnym przeczuciem, podsycanym przez pewnego literaturoznawc\u0119, si\u0119gn\u0119\u0142am po powie\u015b\u0107 \u201eTraktat o \u0142uskaniu fasoli\u201d.<\/p>\n<p style=\"text-align: justify;\">My\u015bliwski w swoim \u201eTraktacie\u2026\u201d przy okazji prezentacji \u017cycia g\u0142\u00f3wnego bohatera, wk\u0142ada w jego usta pewn\u0105 filozofi\u0119 \u017cycia, z kt\u00f3r\u0105 mo\u017cna si\u0119 zgodzi\u0107 lub nie, ale na pewno nie mo\u017cna odm\u00f3wi\u0107 pisarzowi pewnej m\u0105dro\u015bci i przenikliwo\u015bci. Ksi\u0105\u017cka staje si\u0119 niejako studium przypadku i przeznaczenia, w kt\u00f3re uwik\u0142ana jest najwa\u017cniejsza osoba w utworze \u2013 starszy m\u0119\u017cczyzna wykonuj\u0105cy czynno\u015b\u0107 rytualn\u0105 \u2013 \u0142uskanie fasoli. Owe \u0142uskanie w jego m\u0142odo\u015bci mia\u0142o scali\u0107 rodzin\u0119, nauczy\u0107 nawi\u0105zywania pewnych relacji mi\u0119dzyludzkich. Niestety, sam bohater tak naprawd\u0119 nie potrafi\u0142 zbli\u017cy\u0107 si\u0119 do innych wystarczaj\u0105co blisko, by stworzy\u0107 d\u0142u\u017csz\u0105, emocjonaln\u0105 wi\u0119\u017a. Sta\u0142o si\u0119 to przyczyn\u0105 rozpadu jego ma\u0142\u017ce\u0144stwa, cho\u0107 sam bohater szuka przyczyny w swojej niech\u0119ci do posiadania potomstwa. Taka postawa \u2013 niemo\u017cno\u015b\u0107 nawi\u0105zania relacji z drugim cz\u0142owiekiem \u2013 mo\u017ce by\u0107 oznak\u0105 nietuzinkowego podej\u015bcia do \u017cycia, w kt\u00f3rym celem jest zupe\u0142nie co\u015b innego, ni\u017c mi\u0142o\u015b\u0107 czy przyja\u017a\u0144 albo oznacza\u0107 jakie\u015b zaburzenie psychiczne wynikaj\u0105ce z prze\u017cy\u0107 z okresu m\u0142odo\u015bci, co jednak nie odejmuje bohaterowi wielko\u015bci.<\/p>\n<p style=\"text-align: justify;\">Starzec \u0142uskaj\u0105cy fasol\u0119 jest bez w\u0105tpienia bohaterem, w kt\u00f3rym odnalaz\u0142am kawa\u0142ek siebie. Zatem \u2013 ca\u0142a powie\u015b\u0107 jest lustrem, w kt\u00f3rym mo\u017cemy si\u0119 przejrze\u0107. Drogi Czytelniku tej recenzji \u2013 je\u017celi posiadasz w sobie odrobin\u0119 odwagi i nieobca jest ci refleksja nad \u015bwiatem i cz\u0142owiekiem \u2013 si\u0119gnij po \u201eTraktat o \u0142uskaniu fasoli\u201d. Warto.<\/p>\n","protected":false},"excerpt":{"rendered":"<p>Od zawsze by\u0142am przeciwna szufladkowaniu pisarzy na miejskich i wiejskich, dlatego te\u017c za pierwszym razem, gdy zetkn\u0119\u0142am si\u0119 z nazwiskiem My\u015bliwskiego, pierwsz\u0105 my\u015bl\u0105, wyp\u0142ywaj\u0105c\u0105 niejako wbrew rozs\u0105dkowi \u2013 bo to [&hellip;]<\/p>\n","protected":false},"author":18,"featured_media":0,"comment_status":"open","ping_status":"open","sticky":false,"template":"","format":"standard","meta":{"_tec_requires_first_save":true,"_crdt_document":"","pgc_sgb_lightbox_settings":"","_EventAllDay":false,"_EventTimezone":"","_EventStartDate":"","_EventEndDate":"","_EventStartDateUTC":"","_EventEndDateUTC":"","_EventShowMap":false,"_EventShowMapLink":false,"_EventURL":"","_EventCost":"","_EventCostDescription":"","_EventCurrencySymbol":"","_EventCurrencyCode":"","_EventCurrencyPosition":"","_EventDateTimeSeparator":"","_EventTimeRangeSeparator":"","_EventOrganizerID":[],"_EventVenueID":[],"_OrganizerEmail":"","_OrganizerPhone":"","_OrganizerWebsite":"","_VenueAddress":"","_VenueCity":"","_VenueCountry":"","_VenueProvince":"","_VenueState":"","_VenueZip":"","_VenuePhone":"","_VenueURL":"","_VenueStateProvince":"","_VenueLat":"","_VenueLng":"","_VenueShowMap":false,"_VenueShowMapLink":false,"_tribe_blocks_recurrence_rules":"","_tribe_blocks_recurrence_description":"","_tribe_blocks_recurrence_exclusions":"","footnotes":""},"categories":[110],"tags":[],"class_list":["post-7209","post","type-post","status-publish","format-standard","hentry","category-recenzje-klubowiczow"],"publishpress_future_action":{"enabled":false,"date":"2026-05-06 09:14:22","action":"change-status","newStatus":"draft","terms":[],"taxonomy":"category","extraData":[]},"publishpress_future_workflow_manual_trigger":{"enabledWorkflows":[]},"_links":{"self":[{"href":"https:\/\/wbp.lublin.pl\/index.php\/wp-json\/wp\/v2\/posts\/7209","targetHints":{"allow":["GET"]}}],"collection":[{"href":"https:\/\/wbp.lublin.pl\/index.php\/wp-json\/wp\/v2\/posts"}],"about":[{"href":"https:\/\/wbp.lublin.pl\/index.php\/wp-json\/wp\/v2\/types\/post"}],"author":[{"embeddable":true,"href":"https:\/\/wbp.lublin.pl\/index.php\/wp-json\/wp\/v2\/users\/18"}],"replies":[{"embeddable":true,"href":"https:\/\/wbp.lublin.pl\/index.php\/wp-json\/wp\/v2\/comments?post=7209"}],"version-history":[{"count":2,"href":"https:\/\/wbp.lublin.pl\/index.php\/wp-json\/wp\/v2\/posts\/7209\/revisions"}],"predecessor-version":[{"id":12932,"href":"https:\/\/wbp.lublin.pl\/index.php\/wp-json\/wp\/v2\/posts\/7209\/revisions\/12932"}],"wp:attachment":[{"href":"https:\/\/wbp.lublin.pl\/index.php\/wp-json\/wp\/v2\/media?parent=7209"}],"wp:term":[{"taxonomy":"category","embeddable":true,"href":"https:\/\/wbp.lublin.pl\/index.php\/wp-json\/wp\/v2\/categories?post=7209"},{"taxonomy":"post_tag","embeddable":true,"href":"https:\/\/wbp.lublin.pl\/index.php\/wp-json\/wp\/v2\/tags?post=7209"}],"curies":[{"name":"wp","href":"https:\/\/api.w.org\/{rel}","templated":true}]}}