{"id":7215,"date":"2010-10-27T15:35:28","date_gmt":"2010-10-27T13:35:28","guid":{"rendered":"https:\/\/wbp.lublin.pl8\/index.php\/2010\/10\/27\/terakowska-dorota-poczwarka\/"},"modified":"2018-07-02T21:58:00","modified_gmt":"2018-07-02T19:58:00","slug":"terakowska-dorota-poczwarka","status":"publish","type":"post","link":"https:\/\/wbp.lublin.pl\/index.php\/2010\/10\/27\/terakowska-dorota-poczwarka\/","title":{"rendered":"Terakowska Dorota: Poczwarka"},"content":{"rendered":"<p style=\"text-align: justify;\">Ta powie\u015b\u0107 jest wspania\u0142a! Opowiada ona o \u017cyciu kochaj\u0105cego si\u0119 ma\u0142\u017ce\u0144stwa. Ich ca\u0142e \u017cycie by\u0142o doskonale zaplanowane. Wszystkie ksi\u0105\u017cki na p\u00f3\u0142ce by\u0142y tego samego formatu aby do siebie pasowa\u0142y, kolory mebli i \u015bcian w ka\u017cdym pokoju musia\u0142y wsp\u00f3\u0142gra\u0107 ze sob\u0105&#8230; Adam i Ewa byli ze sob\u0105 naprawd\u0119 szcz\u0119\u015bliwi. Ich \u017cycie ca\u0142kowicie si\u0119 zmieni\u0142o kiedy na \u015bwiat przysz\u0142a Myszka. Dziewczynka z najci\u0119\u017cszym stopniem zespo\u0142u Downa?<\/p>\n<p style=\"text-align: justify;\">Czytaj\u0105c t\u0119 ksi\u0105\u017ck\u0119 mo\u017cemy zauwa\u017cy\u0107 jak \u0142atwo mo\u017cna zniszczy\u0107 wspania\u0142\u0105 wi\u0119\u017a rodzinn\u0105, kt\u00f3ra \u0142\u0105czy\u0142a tych dwoje doros\u0142ych ludzi. A to wszystko tylko przez to, \u017ce Adam nie kocha\u0142 swojej c\u00f3reczki. On j\u0105 kocha\u0142, lecz nie zdawa\u0142 sobie z tego sprawy, ale do czasu? Od tej chwili ich \u017cycie wygl\u0105da\u0142o zupe\u0142nie inaczej: On kontra Ewa i Myszka. M\u0119\u017cczyzna unika\u0142 ich jak ognia. Coraz wi\u0119cej czasu sp\u0119dza\u0142 w firmie lub w domu w gabinecie gdzie nawet znajdowa\u0142o si\u0119 jego \u0142\u00f3\u017cko. Ca\u0142kowicie odizolowa\u0142 si\u0119 od swojej rodziny. Ci\u0105gle obwinia\u0142 Ew\u0119 o chorob\u0119 ich c\u00f3rki. Powtarza\u0142, \u017ce to w rodzinie Ewy musia\u0142 by\u0107 kto\u015b chory, bo w jego rodzinie takich przypadk\u00f3w nie by\u0142o. Nawet nie wiedzia\u0142 jak bardzo si\u0119 myli.<\/p>\n<p style=\"text-align: justify;\">Opiek\u0119 nad dziewczynk\u0105 sprawowa\u0142a jedynie jej mama, kt\u00f3ra po\u015bwi\u0119ci\u0142a dla niej wszystko. Uczy\u0142a j\u0105 wszystkiego: np. jak g\u0142aska\u0107 kota, \u017ceby go nie skrzywdzi\u0107. Ewa wiele razy musia\u0142a si\u0119 wstydzi\u0107 za Marysi\u0119, kt\u00f3ra s\u0142ysz\u0105c muzyk\u0119 w sklepie rozbiera\u0142a si\u0119 i &#8222;ta\u0144czy\u0142a&#8221;. Ale taniec w jej wykonaniu przypomina\u0142 jedynie \u017ca\u0142osne podrygi.<\/p>\n<p style=\"text-align: justify;\">Adam nigdy nie rozmawia\u0142 z c\u00f3rk\u0105, ale cz\u0119sto j\u0105 obserwowa\u0142 my\u015bl\u0105c, \u017ce ona tego nie widzi. Nauczy\u0142 si\u0119 rozpoznawa\u0107 jej gesty i wiedzia\u0142 co chce powiedzie\u0107 s\u0142ysz\u0105c jej &#8222;be\u0142kot&#8221;.<\/p>\n<p style=\"text-align: justify;\">?Myszka najlepiej czu\u0142a si\u0119 w towarzystwie swojej mamy, ale jeszcze lepiej na strychu. Na &#8222;stychu&#8221; jak mawia\u0142a odnalaz\u0142a Ogr\u00f3d, kt\u00f3ry ca\u0142kowicie odmieni\u0142 jej \u017cycie i nie tylko.<\/p>\n<p style=\"text-align: justify;\">&#8222;Poczwarka&#8221; to pi\u0119kna opowie\u015b\u0107 o chorym dziecku. Przedstawia ona \u015bwiat widziany oczami Myszki, kt\u00f3ra tak\u017ce potrzebuje mi\u0142o\u015bci. Nawet mo\u017ce wi\u0119cej ni\u017c inne dzieci. T\u0119 cudown\u0105 ksi\u0105\u017ck\u0119 serdecznie polecam wszystkim, kt\u00f3rzy umiej\u0105 powa\u017cnie spojrze\u0107 na problemy i cierpienie innych a tak\u017ce tym, kt\u00f3rzy lubi\u0105 ksi\u0105\u017cki wzruszaj\u0105ce, mocno chwytaj\u0105ce za serce. Gwarantuj\u0119, \u017ce czas sp\u0119dzony przy tej lekturze nie b\u0119dzie czasem straconym, lecz przeciwnie!<\/p>\n","protected":false},"excerpt":{"rendered":"<p>Ta powie\u015b\u0107 jest wspania\u0142a! Opowiada ona o \u017cyciu kochaj\u0105cego si\u0119 ma\u0142\u017ce\u0144stwa. Ich ca\u0142e \u017cycie by\u0142o doskonale zaplanowane. Wszystkie ksi\u0105\u017cki na p\u00f3\u0142ce by\u0142y tego samego formatu aby do siebie pasowa\u0142y, kolory [&hellip;]<\/p>\n","protected":false},"author":18,"featured_media":0,"comment_status":"open","ping_status":"open","sticky":false,"template":"","format":"standard","meta":{"_tec_requires_first_save":true,"_crdt_document":"","pgc_sgb_lightbox_settings":"","_EventAllDay":false,"_EventTimezone":"","_EventStartDate":"","_EventEndDate":"","_EventStartDateUTC":"","_EventEndDateUTC":"","_EventShowMap":false,"_EventShowMapLink":false,"_EventURL":"","_EventCost":"","_EventCostDescription":"","_EventCurrencySymbol":"","_EventCurrencyCode":"","_EventCurrencyPosition":"","_EventDateTimeSeparator":"","_EventTimeRangeSeparator":"","_EventOrganizerID":[],"_EventVenueID":[],"_OrganizerEmail":"","_OrganizerPhone":"","_OrganizerWebsite":"","_VenueAddress":"","_VenueCity":"","_VenueCountry":"","_VenueProvince":"","_VenueState":"","_VenueZip":"","_VenuePhone":"","_VenueURL":"","_VenueStateProvince":"","_VenueLat":"","_VenueLng":"","_VenueShowMap":false,"_VenueShowMapLink":false,"_tribe_blocks_recurrence_rules":"","_tribe_blocks_recurrence_description":"","_tribe_blocks_recurrence_exclusions":"","footnotes":""},"categories":[110],"tags":[],"class_list":["post-7215","post","type-post","status-publish","format-standard","hentry","category-recenzje-klubowiczow"],"publishpress_future_action":{"enabled":false,"date":"2026-05-06 06:24:42","action":"change-status","newStatus":"draft","terms":[],"taxonomy":"category","extraData":[]},"publishpress_future_workflow_manual_trigger":{"enabledWorkflows":[]},"_links":{"self":[{"href":"https:\/\/wbp.lublin.pl\/index.php\/wp-json\/wp\/v2\/posts\/7215","targetHints":{"allow":["GET"]}}],"collection":[{"href":"https:\/\/wbp.lublin.pl\/index.php\/wp-json\/wp\/v2\/posts"}],"about":[{"href":"https:\/\/wbp.lublin.pl\/index.php\/wp-json\/wp\/v2\/types\/post"}],"author":[{"embeddable":true,"href":"https:\/\/wbp.lublin.pl\/index.php\/wp-json\/wp\/v2\/users\/18"}],"replies":[{"embeddable":true,"href":"https:\/\/wbp.lublin.pl\/index.php\/wp-json\/wp\/v2\/comments?post=7215"}],"version-history":[{"count":2,"href":"https:\/\/wbp.lublin.pl\/index.php\/wp-json\/wp\/v2\/posts\/7215\/revisions"}],"predecessor-version":[{"id":12973,"href":"https:\/\/wbp.lublin.pl\/index.php\/wp-json\/wp\/v2\/posts\/7215\/revisions\/12973"}],"wp:attachment":[{"href":"https:\/\/wbp.lublin.pl\/index.php\/wp-json\/wp\/v2\/media?parent=7215"}],"wp:term":[{"taxonomy":"category","embeddable":true,"href":"https:\/\/wbp.lublin.pl\/index.php\/wp-json\/wp\/v2\/categories?post=7215"},{"taxonomy":"post_tag","embeddable":true,"href":"https:\/\/wbp.lublin.pl\/index.php\/wp-json\/wp\/v2\/tags?post=7215"}],"curies":[{"name":"wp","href":"https:\/\/api.w.org\/{rel}","templated":true}]}}