{"id":7216,"date":"2010-10-28T10:25:51","date_gmt":"2010-10-28T08:25:51","guid":{"rendered":"https:\/\/wbp.lublin.pl8\/index.php\/2010\/10\/28\/kosinski-jerzy-malowany-ptak\/"},"modified":"2018-07-02T21:57:07","modified_gmt":"2018-07-02T19:57:07","slug":"kosinski-jerzy-malowany-ptak","status":"publish","type":"post","link":"https:\/\/wbp.lublin.pl\/index.php\/2010\/10\/28\/kosinski-jerzy-malowany-ptak\/","title":{"rendered":"Kosi\u0144ski Jerzy: Malowany ptak"},"content":{"rendered":"<p style=\"text-align: justify;\"><!-- [if gte mso 9]><xml>     Normal   0   21         false   false   false                             MicrosoftInternetExplorer4   <\/xml><![endif]--><!-- [if gte mso 9]><![endif]--><!-- [if gte mso 10]><\/p>\n\n\n\n\n\n<style>  \/* Style Definitions *\/  table.MsoNormalTable \t{ \tmso-style-parent:\"\"; \tfont-size:10.0pt;\"Times New Roman\";} <\/style>\n\n <![endif]-->\u201eMalowany ptak\u201d to moim zdaniem najlepsza ksi\u0105\u017cka w dorobku Kosi\u0144skiego.<\/p>\n<p style=\"text-align: justify;\">Autor \u201ePasji\u201d, \u201eKrok\u00f3w\u201d, czy \u201e Randki w ciemno\u201d dokona\u0142 czego\u015b niezwyk\u0142ego w przedstawieniu g\u0142\u00f3wnego bohatera i sytuacji z jakimi zetkn\u0105\u0142 go los. Ch\u0142opiec w czasie wojny trafia do zapomnianych przez Boga wsi by ukry\u0107 si\u0119 przed okupacja hitlerowsk\u0105. Z pochodzenia jest \u017bydem, czyli zagro\u017ceniem dla ludno\u015bci tubylczej; zmaga si\u0119 z brakiem tolerancji i szeroko pojmowanym ostracyzmem.\u00a0Jest dzieckiem i pocz\u0105tkowo jak dziecko ufa wszystkim, kt\u00f3rzy wyci\u0105gaj\u0105 do niego pomocn\u0105 d\u0142o\u0144. Zaczyna wierzy\u0107 w Boga, my\u015bl\u0105c, \u017ce ten pomo\u017ce\u00a0mu przetrwa\u0107, wynagrodzi za cierpienia, kt\u00f3re spotka\u0142y go gdy samotnie przemierza\u0142 kresy Polski. Sytuacje z jakimi zetkn\u0105\u0142 si\u0119 podczas wojny, zwierz\u0119cy instynkt walki o byt wie\u015bniak\u00f3w niszcz\u0105 w nim wra\u017cliwo\u015b\u0107 dziecka, staje si\u0119 taki ja jego oprawcy ( ofiara przeinacza si\u0119 w kata) . Wpaja sobie nowe, nie do ko\u0144ca moralne prawa i rz\u0105dzi si\u0119 nimi.<\/p>\n<p style=\"text-align: justify;\">Kosi\u0144ski z niezwyk\u0142\u0105 wirtuozeri\u0105 obrazuje brutaln\u0105 rzeczywisto\u015b\u0107. Chocia\u017c by opis kruka ufarbowanego przez Lecha, kt\u00f3ry garnie si\u0119 do stada , niestety jest inaczej ubarwiony, musi wi\u0119c zgin\u0105\u0107. Kolejne sceny, r\u00f3wnie w stylu naturalistycznym, to obdzieranie kr\u00f3lika ze sk\u00f3ry, czy \u015bmier\u0107 rozchorowanego konia. W tej ksi\u0105\u017cce jest wiele scen gdzie ciarki przechodz\u0105 mnie\u00a0po plecach. To lektura przesycona strachem, agresj\u0105 i permanentnym motywem zwierz\u0105t, kt\u00f3re s\u0105 z natury dzikie. Taki te\u017c jest nasz bohater: dziki, inny, kt\u00f3ry nie rozumie ludzi i ich zachowa\u0144. Jest dzieckiem i uczy si\u0119 przez na\u015bladownictwo, tak te\u017c staje si\u0119 taki jak jego \u201enauczyciele\u201d. To istotna tragedia cz\u0142owieka, kt\u00f3ry skazany jedynie na siebie, ucieka od ludzi i jednocze\u015bnie garnie si\u0119 do nich, \u015bwiadomy, \u017ce znik\u0105d nie ma dla\u0144 ratunku.<\/p>\n<p style=\"text-align: justify;\">Czy warto przeczyta\u0107? My\u015bl\u0119, \u017ce tak. Ta ksi\u0105\u017cka pozostaje d\u0142ugo w pami\u0119ci i cz\u0119sto si\u0119 do niej wraca. \u00a0M\u00f3wi o ciemnej stronie cz\u0142owieka, o jego uwarunkowaniach biologicznych, fizjologicznych i potrzebie bezpiecze\u0144stwa.\u00a0Jest nietuzinkowa, du\u017co w niej fikcji literackiej, ale ta fikcja sprawia, \u017ce\u00a0cz\u0142owiek wpada w istny trans czytaj\u0105c j\u0105, a kiedy jest ju\u017c po wszystkim, d\u0142ugo nie mo\u017ce doj\u015b\u0107 do siebie, ma napi\u0119te ca\u0142e cia\u0142o, dreszcze go przechodz\u0105. Oddzia\u0142uje g\u0142\u0119boko na psychik\u0119. Bo tam jest prawda, ukryta g\u0142\u0119boko, g\u0142\u0119boko w nas&#8230;<\/p>\n<p style=\"text-align: justify;\">\n","protected":false},"excerpt":{"rendered":"<p>\u201eMalowany ptak\u201d to moim zdaniem najlepsza ksi\u0105\u017cka w dorobku Kosi\u0144skiego. Autor \u201ePasji\u201d, \u201eKrok\u00f3w\u201d, czy \u201e Randki w ciemno\u201d dokona\u0142 czego\u015b niezwyk\u0142ego w przedstawieniu g\u0142\u00f3wnego bohatera i sytuacji z jakimi zetkn\u0105\u0142 [&hellip;]<\/p>\n","protected":false},"author":18,"featured_media":0,"comment_status":"open","ping_status":"open","sticky":false,"template":"","format":"standard","meta":{"_tec_requires_first_save":true,"_crdt_document":"","pgc_sgb_lightbox_settings":"","_EventAllDay":false,"_EventTimezone":"","_EventStartDate":"","_EventEndDate":"","_EventStartDateUTC":"","_EventEndDateUTC":"","_EventShowMap":false,"_EventShowMapLink":false,"_EventURL":"","_EventCost":"","_EventCostDescription":"","_EventCurrencySymbol":"","_EventCurrencyCode":"","_EventCurrencyPosition":"","_EventDateTimeSeparator":"","_EventTimeRangeSeparator":"","_EventOrganizerID":[],"_EventVenueID":[],"_OrganizerEmail":"","_OrganizerPhone":"","_OrganizerWebsite":"","_VenueAddress":"","_VenueCity":"","_VenueCountry":"","_VenueProvince":"","_VenueState":"","_VenueZip":"","_VenuePhone":"","_VenueURL":"","_VenueStateProvince":"","_VenueLat":"","_VenueLng":"","_VenueShowMap":false,"_VenueShowMapLink":false,"_tribe_blocks_recurrence_rules":"","_tribe_blocks_recurrence_description":"","_tribe_blocks_recurrence_exclusions":"","footnotes":""},"categories":[110],"tags":[],"class_list":["post-7216","post","type-post","status-publish","format-standard","hentry","category-recenzje-klubowiczow"],"publishpress_future_action":{"enabled":false,"date":"2026-05-06 08:56:33","action":"change-status","newStatus":"draft","terms":[],"taxonomy":"category","extraData":[]},"publishpress_future_workflow_manual_trigger":{"enabledWorkflows":[]},"_links":{"self":[{"href":"https:\/\/wbp.lublin.pl\/index.php\/wp-json\/wp\/v2\/posts\/7216","targetHints":{"allow":["GET"]}}],"collection":[{"href":"https:\/\/wbp.lublin.pl\/index.php\/wp-json\/wp\/v2\/posts"}],"about":[{"href":"https:\/\/wbp.lublin.pl\/index.php\/wp-json\/wp\/v2\/types\/post"}],"author":[{"embeddable":true,"href":"https:\/\/wbp.lublin.pl\/index.php\/wp-json\/wp\/v2\/users\/18"}],"replies":[{"embeddable":true,"href":"https:\/\/wbp.lublin.pl\/index.php\/wp-json\/wp\/v2\/comments?post=7216"}],"version-history":[{"count":2,"href":"https:\/\/wbp.lublin.pl\/index.php\/wp-json\/wp\/v2\/posts\/7216\/revisions"}],"predecessor-version":[{"id":12910,"href":"https:\/\/wbp.lublin.pl\/index.php\/wp-json\/wp\/v2\/posts\/7216\/revisions\/12910"}],"wp:attachment":[{"href":"https:\/\/wbp.lublin.pl\/index.php\/wp-json\/wp\/v2\/media?parent=7216"}],"wp:term":[{"taxonomy":"category","embeddable":true,"href":"https:\/\/wbp.lublin.pl\/index.php\/wp-json\/wp\/v2\/categories?post=7216"},{"taxonomy":"post_tag","embeddable":true,"href":"https:\/\/wbp.lublin.pl\/index.php\/wp-json\/wp\/v2\/tags?post=7216"}],"curies":[{"name":"wp","href":"https:\/\/api.w.org\/{rel}","templated":true}]}}