{"id":7217,"date":"2010-10-29T10:43:58","date_gmt":"2010-10-29T08:43:58","guid":{"rendered":"https:\/\/wbp.lublin.pl8\/index.php\/2010\/10\/29\/klimko-dobrzaniecki-hubert-dom-rozy\/"},"modified":"2018-07-02T21:57:04","modified_gmt":"2018-07-02T19:57:04","slug":"klimko-dobrzaniecki-hubert-dom-rozy","status":"publish","type":"post","link":"https:\/\/wbp.lublin.pl\/index.php\/2010\/10\/29\/klimko-dobrzaniecki-hubert-dom-rozy\/","title":{"rendered":"Klimko-Dobrzaniecki Hubert: Dom R\u00f3\u017cy"},"content":{"rendered":"<p style=\"text-align: justify;\"><!-- [if gte mso 9]><xml>     Normal   0   21         false   false   false                             MicrosoftInternetExplorer4   <\/xml><![endif]--><!-- [if gte mso 9]><![endif]--><!-- [if gte mso 10]><\/p>\n\n\n\n\n\n<style>  \/* Style Definitions *\/  table.MsoNormalTable \t{ \tmso-style-parent:\"\"; \tfont-size:10.0pt;\"Times New Roman\";} <\/style>\n\n <![endif]--><\/p>\n<p style=\"text-align: justify;\">Dyskusyjny Klub Ksi\u0105\u017cki w Niedrzwicy Du\u017cej spotka\u0142 si\u0119 po raz kolejny w bibliotece gminnej 7 maja o godz. 18. Przedmiotem naszej dyskusji by\u0142a ksi\u0105\u017cka Huberta Klimko- Dobrzanieckiego- Dom R\u00f3\u017cy, w ponad trzygodzinnym spotkaniu wzi\u0119\u0142o udzia\u0142 jedena\u015bcioro klubowicz\u00f3w.<\/p>\n<p style=\"text-align: justify;\">Staro\u015b\u0107 Panu Bogu si\u0119 nie uda\u0142a \u2013 takie stwierdzenie cz\u0119sto mo\u017cna us\u0142ysze\u0107 z ust os\u00f3b, kt\u00f3re na skutek staro\u015bci cierpi\u0105, nie radz\u0105 sobie z obowi\u0105zkami \u017cycia codziennego. Wielu z nas ch\u0119tnie zatrzyma\u0142o by czas. Nasze spo\u0142ecze\u0144stwo ci\u0105gle d\u0105\u017cy do tego, aby na jak najd\u0142u\u017cszy czas pozosta\u0107 m\u0142odym i pi\u0119knym. Coraz wi\u0119cej os\u00f3b poddaje si\u0119 operacjom plastycznym, przerabiaj\u0105c swoje cia\u0142o po to, by by\u0142o ono m\u0142ode (chocia\u017cby tylko pozornie). O tym jak wygl\u0105da ten etap ludzkiego \u017cycia, jakim jest staro\u015b\u0107, rozmawiali Klubowicze z Dyskusyjnego Klubu Ksi\u0105zki. G\u0142\u00f3wnym tematem spotkania,\u00a0by\u0142a ksi\u0105\u017cka Huberta Klimko-Dobrzanieckiego \u201eDom R\u00f3\u017cy\u201d. Opowie\u015b\u0107 prosta w swoim wyrazie, jednak g\u0142\u0119boko wbijaj\u0105ca si\u0119 w \u015bwiadomo\u015b\u0107 czytelnika. W spos\u00f3b przejrzysty i niezwykle przekonywuj\u0105cy traktuje o staro\u015bci \u2013 a szczeg\u00f3lnie o tym, w jakich warunkach \u017cyj\u0105 osoby przebywaj\u0105ce w domach opieki spo\u0142ecznej czy domach staro\u015bci. Autor ksi\u0105\u017cki dziesi\u0119\u0107 lat swojego \u017cycia sp\u0119dzi\u0142 na Islandii, gdzie ima\u0142 si\u0119 r\u00f3\u017cnych zaj\u0119\u0107: od skubacza drobiu i przemytnika diament\u00f3w, do mima i piel\u0119gniarza w domu starc\u00f3w (co opisa\u0142 w \u201eDomu R\u00f3\u017cy\u201d).<\/p>\n<p style=\"text-align: justify;\">Chocia\u017c Hubert Klimko-Dobrzaniecki w swojej ksi\u0105\u017cce opisuje realia dom\u00f3w pomocy spo\u0142ecznej w Islandii, jednak wed\u0142ug Klubowicz\u00f3w sytuacje te niekoniecznie r\u00f3\u017cni\u0105 si\u0119 od tych, jakie maj\u0105 miejsce w naszych polskich plac\u00f3wkach opieku\u0144czych. Autor w spos\u00f3b sugestywny opisuje swoj\u0105 prac\u0119 \u2013 jako piel\u0119gniarza, w jednym z dom\u00f3w staro\u015bci. Odkrywa przed czytelnikami wszystkie aspekty pobytu w tego typu o\u015brodkach \u2013 ca\u0142otygodniowe oczekiwanie na wizyt\u0119 bliskich, traktowanie cz\u0142owieka jak rzeczy niepotrzebnej, kt\u00f3rej trzeba si\u0119 pozby\u0107 z domu, oczekiwanie na \u015bmier\u0107 \u2013 dla jednych wybawienia od cierpie\u0144, dla innych wybawienia od konieczno\u015bci przyje\u017cd\u017cania z wizyt\u0105. Klimko-Dobrzaniecki nie ucieka tu od stwierdze\u0144 ostrych, krytykuj\u0105cych nasze ludzkie postawy i zachowania \u2013 cz\u0119sto prymitywne i zwierz\u0119ce. Nie mo\u017cemy jednak s\u0105dzi\u0107, \u017ce opisuje tylko to, co z\u0142e. Pewnym ukojeniem dla czytelnika wkraczaj\u0105cego w \u015bwiat bezkompromisowego domu starc\u00f3w staje si\u0119 tytu\u0142owa R\u00f3\u017ca \u2013 kobieta niewidoma, mieszkaj\u0105ca \u2013 dzi\u0119ki wysokiej wygranej na loterii &#8211; w ekskluzywnej cz\u0119\u015bci domu.<\/p>\n<p style=\"text-align: justify;\">Hubert Klimko-Dobrzaniecki umiej\u0119tnie i dojrzale potrafi opisa\u0107 skrajne elementy naszej rzeczywisto\u015bci: \u017cycie i \u015bmier\u0107, mi\u0142o\u015b\u0107 i zoboj\u0119tnienie. Opisywane przez niego sytuacje, osoby, mog\u0142yby r\u00f3wnie dobrze znale\u017a\u0107 si\u0119 na naszym polskim gruncie. \u201eDom R\u00f3\u017cy\u201d mo\u017cemy traktowa\u0107 jako studium zachowania cz\u0142owieka w chwili styczno\u015bci ze staro\u015bci\u0105 i \u015bmierci\u0105 niezale\u017cnie od tego czy \u017cyje w Polsce czy Islandii. To si\u0142a prozy Klimko-Dobrzanieckiego \u2013 uniwersalizm sytuacji.<\/p>\n<p style=\"text-align: justify;\">Uczestnicy spotkania DKK zastanawiali si\u0119, jak silnym charakterem musi wykaza\u0107 si\u0119 osoba, kt\u00f3ra pomimo wielu trudno\u015bci wynikaj\u0105cych z opieki nad osob\u0105 starsz\u0105, nie w pe\u0142ni sprawn\u0105, b\u0119dzie potrafi\u0142a zachowywa\u0107 si\u0119 z empati\u0105, pom\u00f3c w ka\u017cdej chwili i pomimo czasami braku si\u0142 \u2013 \u017cy\u0107 z u\u015bmiechem na twarzy.<\/p>\n<p style=\"text-align: justify;\"><em>\u00a0<\/em><\/p>\n<p style=\"text-align: justify;\"><em>Powy\u017cszy tekst zosta\u0142 wybrany recenzj\u0105 miesi\u0105ca sierpnia 2010<br \/>\nw comiesi\u0119cznym konkursie Instytutu Ksi\u0105\u017cki.<\/em><\/p>\n","protected":false},"excerpt":{"rendered":"<p>Dyskusyjny Klub Ksi\u0105\u017cki w Niedrzwicy Du\u017cej spotka\u0142 si\u0119 po raz kolejny w bibliotece gminnej 7 maja o godz. 18. Przedmiotem naszej dyskusji by\u0142a ksi\u0105\u017cka Huberta Klimko- Dobrzanieckiego- Dom R\u00f3\u017cy, w [&hellip;]<\/p>\n","protected":false},"author":18,"featured_media":0,"comment_status":"open","ping_status":"open","sticky":false,"template":"","format":"standard","meta":{"_tec_requires_first_save":true,"_crdt_document":"","pgc_sgb_lightbox_settings":"","_EventAllDay":false,"_EventTimezone":"","_EventStartDate":"","_EventEndDate":"","_EventStartDateUTC":"","_EventEndDateUTC":"","_EventShowMap":false,"_EventShowMapLink":false,"_EventURL":"","_EventCost":"","_EventCostDescription":"","_EventCurrencySymbol":"","_EventCurrencyCode":"","_EventCurrencyPosition":"","_EventDateTimeSeparator":"","_EventTimeRangeSeparator":"","_EventOrganizerID":[],"_EventVenueID":[],"_OrganizerEmail":"","_OrganizerPhone":"","_OrganizerWebsite":"","_VenueAddress":"","_VenueCity":"","_VenueCountry":"","_VenueProvince":"","_VenueState":"","_VenueZip":"","_VenuePhone":"","_VenueURL":"","_VenueStateProvince":"","_VenueLat":"","_VenueLng":"","_VenueShowMap":false,"_VenueShowMapLink":false,"_tribe_blocks_recurrence_rules":"","_tribe_blocks_recurrence_description":"","_tribe_blocks_recurrence_exclusions":"","footnotes":""},"categories":[110],"tags":[],"class_list":["post-7217","post","type-post","status-publish","format-standard","hentry","category-recenzje-klubowiczow"],"publishpress_future_action":{"enabled":false,"date":"2026-05-06 09:14:31","action":"change-status","newStatus":"draft","terms":[],"taxonomy":"category","extraData":[]},"publishpress_future_workflow_manual_trigger":{"enabledWorkflows":[]},"_links":{"self":[{"href":"https:\/\/wbp.lublin.pl\/index.php\/wp-json\/wp\/v2\/posts\/7217","targetHints":{"allow":["GET"]}}],"collection":[{"href":"https:\/\/wbp.lublin.pl\/index.php\/wp-json\/wp\/v2\/posts"}],"about":[{"href":"https:\/\/wbp.lublin.pl\/index.php\/wp-json\/wp\/v2\/types\/post"}],"author":[{"embeddable":true,"href":"https:\/\/wbp.lublin.pl\/index.php\/wp-json\/wp\/v2\/users\/18"}],"replies":[{"embeddable":true,"href":"https:\/\/wbp.lublin.pl\/index.php\/wp-json\/wp\/v2\/comments?post=7217"}],"version-history":[{"count":2,"href":"https:\/\/wbp.lublin.pl\/index.php\/wp-json\/wp\/v2\/posts\/7217\/revisions"}],"predecessor-version":[{"id":12906,"href":"https:\/\/wbp.lublin.pl\/index.php\/wp-json\/wp\/v2\/posts\/7217\/revisions\/12906"}],"wp:attachment":[{"href":"https:\/\/wbp.lublin.pl\/index.php\/wp-json\/wp\/v2\/media?parent=7217"}],"wp:term":[{"taxonomy":"category","embeddable":true,"href":"https:\/\/wbp.lublin.pl\/index.php\/wp-json\/wp\/v2\/categories?post=7217"},{"taxonomy":"post_tag","embeddable":true,"href":"https:\/\/wbp.lublin.pl\/index.php\/wp-json\/wp\/v2\/tags?post=7217"}],"curies":[{"name":"wp","href":"https:\/\/api.w.org\/{rel}","templated":true}]}}