{"id":7229,"date":"2010-11-03T15:54:42","date_gmt":"2010-11-03T14:54:42","guid":{"rendered":"https:\/\/wbp.lublin.pl8\/index.php\/2010\/11\/03\/ruiz-zafon-carlos-cien-wiatru\/"},"modified":"2018-07-02T21:57:49","modified_gmt":"2018-07-02T19:57:49","slug":"ruiz-zafon-carlos-cien-wiatru","status":"publish","type":"post","link":"https:\/\/wbp.lublin.pl\/index.php\/2010\/11\/03\/ruiz-zafon-carlos-cien-wiatru\/","title":{"rendered":"Ruiz Zafon Carlos: Cie\u0144 wiatru"},"content":{"rendered":"<p><!-- [if gte mso 9]><xml>     Normal   0   21         false   false   false                             MicrosoftInternetExplorer4   <\/xml><![endif]--><!-- [if gte mso 9]><![endif]--><!-- [if gte mso 10]>\n\n\n\n<style>  \/* Style Definitions *\/  table.MsoNormalTable \t{ \tmso-style-parent:\"\"; \tfont-size:10.0pt;\"Times New Roman\";} <\/style>\n\n <![endif]--><\/p>\n<h5>W pogoni za \u201eCieniem wiatru\u201d<\/h5>\n<p style=\"text-align: justify;\">Mamy wiek XX. Ulice \u00f3wczesnej Barcelony przemierza ojciec z synem, kt\u00f3rych losy b\u0119d\u0105 odt\u0105d towarzyszy\u0107 nam a\u017c do ostatniej strony powie\u015bci. Przemykaj\u0105 oni pomi\u0119dzy zapomnianymi ulicami, zapraszaj\u0105c w coraz to nowe magiczne miejsca, przedstawiaj\u0105c nam osobliwych ludzi.\u00a0Ich rado\u015bci i ich troski, nami\u0119tno\u015bci i zawody, bia\u0142e i czarne strony szarego \u017cycia. \u201eCie\u0144 wiatru\u201d roztacza przed nami antagonistyczne p\u0142aszczyzny ludzkiego istnienia wplataj\u0105c je w wartk\u0105 akcj\u0119 i doskona\u0142e dialogi po\u0142\u0105czone z zapieraj\u0105cymi dech w piersiach barwnymi i jednocze\u015bnie tajemniczymi opisami miasta. A wszystko dzieje si\u0119 wok\u00f3\u0142 Cmentarza Zapomnianych Ksi\u0105\u017cek i tajemniczego autora, kt\u00f3rego powie\u015bci wplataj\u0105 si\u0119 w \u017cycie bohater\u00f3w powie\u015bci.<\/p>\n<p style=\"text-align: justify;\">Mamy wiek XXI. Ulice Niedrzwicy przemierzane przez mieszka\u0144c\u00f3w, kt\u00f3rych \u017cycie nie przewija si\u0119 przez strony powie\u015bci. Maj\u0105 jednak to szcz\u0119\u015bcie, \u017ce mog\u0105 spotka\u0107 si\u0119 przynajmniej raz w miesi\u0105cu w Dyskusyjnym Klubie Ksi\u0105\u017cki, dyskutuj\u0105c na tematy literatury i \u017cycia. \u201eCie\u0144 wiatru\u201d, jak ka\u017cda inna ksi\u0105\u017cka, znalaz\u0142a zar\u00f3wno swoich przeciwnik\u00f3w i zwolennik\u00f3w. Jednych zachwyci\u0142 mistycyzm wraz z aur\u0105 tajemniczo\u015bci, inni odk\u0142adali ksi\u0105\u017ck\u0119 na p\u00f3\u0142k\u0119 i obiecywali do niej nie wraca\u0107.<\/p>\n<p style=\"text-align: justify;\">Dyskusja na jej temat oraz na temat stworzonego przez Carlosa Ruiz Zafona Cmentarza Zapomnianych Ksi\u0105\u017cek, sta\u0142a si\u0119 tak\u017ce punktem zapalnym do \u00a0gor\u0105cej (nie tylko ze wzgl\u0119du na temperatur\u0119 za oknem) dyskusji o lekturach szkolnych. Podobnie i tu oscylowa\u0142y opinie czytelnik\u00f3w. Oberwa\u0142o si\u0119\u00a0\u201eSierotce Marysi\u201d i \u201eKr\u00f3lowi Maciusiowi Pierwszemu\u201d. Innych bez reszty poch\u0142on\u0105\u0142 \u201eMa\u0142y Ksi\u0105\u017c\u0119\u201d czy \u201e Ten obcy\u201d.<\/p>\n<p style=\"text-align: justify;\">Ostatnie spotkanie Dyskusyjnego Klubu Ksi\u0105\u017cki mia\u0142o miejsce w pi\u0105tek 11 czerwca\u00a02010 roku, zebra\u0142o si\u0119 nas dziesi\u0119cioro, dyskutowali\u015bmy ponad trzy godziny. Tematem dyskusji by\u0142a ksi\u0105\u017cka Carlosa Ruiz Zafona \u201eCie\u0144 wiatru\u201d.<\/p>\n","protected":false},"excerpt":{"rendered":"<p>W pogoni za \u201eCieniem wiatru\u201d Mamy wiek XX. Ulice \u00f3wczesnej Barcelony przemierza ojciec z synem, kt\u00f3rych losy b\u0119d\u0105 odt\u0105d towarzyszy\u0107 nam a\u017c do ostatniej strony powie\u015bci. Przemykaj\u0105 oni pomi\u0119dzy zapomnianymi [&hellip;]<\/p>\n","protected":false},"author":18,"featured_media":0,"comment_status":"open","ping_status":"open","sticky":false,"template":"","format":"standard","meta":{"_tec_requires_first_save":true,"_crdt_document":"","pgc_sgb_lightbox_settings":"","_EventAllDay":false,"_EventTimezone":"","_EventStartDate":"","_EventEndDate":"","_EventStartDateUTC":"","_EventEndDateUTC":"","_EventShowMap":false,"_EventShowMapLink":false,"_EventURL":"","_EventCost":"","_EventCostDescription":"","_EventCurrencySymbol":"","_EventCurrencyCode":"","_EventCurrencyPosition":"","_EventDateTimeSeparator":"","_EventTimeRangeSeparator":"","_EventOrganizerID":[],"_EventVenueID":[],"_OrganizerEmail":"","_OrganizerPhone":"","_OrganizerWebsite":"","_VenueAddress":"","_VenueCity":"","_VenueCountry":"","_VenueProvince":"","_VenueState":"","_VenueZip":"","_VenuePhone":"","_VenueURL":"","_VenueStateProvince":"","_VenueLat":"","_VenueLng":"","_VenueShowMap":false,"_VenueShowMapLink":false,"_tribe_blocks_recurrence_rules":"","_tribe_blocks_recurrence_description":"","_tribe_blocks_recurrence_exclusions":"","footnotes":""},"categories":[110],"tags":[],"class_list":["post-7229","post","type-post","status-publish","format-standard","hentry","category-recenzje-klubowiczow"],"publishpress_future_action":{"enabled":false,"date":"2026-05-06 06:24:10","action":"change-status","newStatus":"draft","terms":[],"taxonomy":"category","extraData":[]},"publishpress_future_workflow_manual_trigger":{"enabledWorkflows":[]},"_links":{"self":[{"href":"https:\/\/wbp.lublin.pl\/index.php\/wp-json\/wp\/v2\/posts\/7229","targetHints":{"allow":["GET"]}}],"collection":[{"href":"https:\/\/wbp.lublin.pl\/index.php\/wp-json\/wp\/v2\/posts"}],"about":[{"href":"https:\/\/wbp.lublin.pl\/index.php\/wp-json\/wp\/v2\/types\/post"}],"author":[{"embeddable":true,"href":"https:\/\/wbp.lublin.pl\/index.php\/wp-json\/wp\/v2\/users\/18"}],"replies":[{"embeddable":true,"href":"https:\/\/wbp.lublin.pl\/index.php\/wp-json\/wp\/v2\/comments?post=7229"}],"version-history":[{"count":2,"href":"https:\/\/wbp.lublin.pl\/index.php\/wp-json\/wp\/v2\/posts\/7229\/revisions"}],"predecessor-version":[{"id":12959,"href":"https:\/\/wbp.lublin.pl\/index.php\/wp-json\/wp\/v2\/posts\/7229\/revisions\/12959"}],"wp:attachment":[{"href":"https:\/\/wbp.lublin.pl\/index.php\/wp-json\/wp\/v2\/media?parent=7229"}],"wp:term":[{"taxonomy":"category","embeddable":true,"href":"https:\/\/wbp.lublin.pl\/index.php\/wp-json\/wp\/v2\/categories?post=7229"},{"taxonomy":"post_tag","embeddable":true,"href":"https:\/\/wbp.lublin.pl\/index.php\/wp-json\/wp\/v2\/tags?post=7229"}],"curies":[{"name":"wp","href":"https:\/\/api.w.org\/{rel}","templated":true}]}}