{"id":7230,"date":"2010-11-06T10:52:53","date_gmt":"2010-11-06T09:52:53","guid":{"rendered":"https:\/\/wbp.lublin.pl8\/index.php\/2010\/11\/06\/nabytki-w-pazdzierniku-2010\/"},"modified":"2018-10-31T11:47:36","modified_gmt":"2018-10-31T10:47:36","slug":"nabytki-w-pazdzierniku-2010","status":"publish","type":"post","link":"https:\/\/wbp.lublin.pl\/index.php\/2010\/11\/06\/nabytki-w-pazdzierniku-2010\/","title":{"rendered":"Nabytki w pa\u017adzierniku 2010"},"content":{"rendered":"<p><!-- [if gte mso 9]><xml>     Normal   0   21         false   false   false                             MicrosoftInternetExplorer4   <\/xml><![endif]--><!-- [if gte mso 9]><![endif]--><\/p>\n<p><!--more--><\/p>\n<p><!-- [if gte mso 10]>\n\n\n\n<style>  \/* Style Definitions *\/  table.MsoNormalTable \t{ \tmso-style-parent:\"\"; \tfont-size:10.0pt;\"Times New Roman\";} <\/style>\n\n <![endif]--><!-- [if gte mso 9]><![endif]--><!-- [if gte mso 9]><![endif]--><\/p>\n<div style=\"text-align: center;\">(wyb\u00f3r)<\/div>\n<div align=\"left\"><\/div>\n<p><!-- [if gte mso 9]><xml>     Normal   0   21         false   false   false                             MicrosoftInternetExplorer4   <\/xml><![endif]--><!-- [if gte mso 9]><![endif]--><!-- [if !mso]>\n\n\n\n<style> st1\\:*{behavior:url(#ieooui) } <\/style>\n\n <![endif]--><\/p>\n<p>&nbsp;<\/p>\n<p><!-- [if gte mso 10]>\n\n\n\n<style>  \/* Style Definitions *\/  table.MsoNormalTable \t{ \tmso-style-parent:\"\"; \tfont-size:10.0pt;\"Times New Roman\";} <\/style>\n\n <![endif]--><\/p>\n<p><!-- [if gte mso 9]><xml>     Normal   0   21         false   false   false                             MicrosoftInternetExplorer4   <\/xml><![endif]--><!-- [if gte mso 9]><![endif]--><!-- [if gte mso 10]>\n\n\n\n<style>  \/* Style Definitions *\/  table.MsoNormalTable \t{ \tmso-style-parent:\"\"; \tfont-size:10.0pt;\"Times New Roman\";} <\/style>\n\n <![endif]--><\/p>\n<ol start=\"1\" type=\"1\">\n<li><i>Antyki : poradnik kolekcjonera<\/i>. Warszawa, 2010.<\/li>\n<li><b>Bajkowska E.<\/b>, <i>Dramat samotnego je\u017ad\u017aca : Henryk Sandomierski w legendzie, historii i literaturze.<\/i> Sandomierz, 2010.<\/li>\n<li><b>Brzozowska M<\/b>., <i>Prawo autorskie w kulturze : praktyczny przewodnik po zakamarkach prawa autorskiego w muzeach, teatrach i innych instytucjach kultury<\/i>. Bytom, 2010.<\/li>\n<li><b>Bucior D<\/b>., <i>Wypowiedzenie umowy agencyjnej<\/i>. Lublin, 2010.<\/li>\n<li><b>Budyta-Budzy\u0144ska M<\/b>., <i>Socjologia narodu i konflikt\u00f3w etnicznych<\/i>. Warszawa, 2010.<\/li>\n<li><b>Czarnyszewicz F<\/b>., <i>Nadberezy\u0144cy : powie\u015b\u0107 w trzech tomach osnuta na tle prawdziwych wydarze\u0144<\/i>. Krak\u00f3w, 2010.<\/li>\n<li><b>D\u0119bowska M., Popek L<\/b>., <i>Duchowie\u0144stwo diecezji \u0142uckiej : ofiary wojny i represji okupant\u00f3w 1939-1945. <\/i>Lublin, 2010.<\/li>\n<li><b>Duda A<\/b>., <i>J\u0119zyk mitu w reklamie<\/i>. Lublin, 2010.<\/li>\n<li><b>Dylewski A<\/b>., <i>Najpi\u0119kniejsze miejsca Wilna<\/i>. Bielsko-Bia\u0142a; Kluki, 2010.<\/li>\n<li><b>Fedorowicz M<\/b>., <i>Cz\u0142owiek niepe\u0142nosprawny w bibliotece publicznej<\/i>. Toru\u0144, 2010.<\/li>\n<li><b>Fio\u0142ek K<\/b>., <i>Przetrwanie i przetwarzanie : programy kultury narodowej w epoce M\u0142odej Polski.<\/i> Krak\u00f3w, 2010.<\/li>\n<li><b>Fryszkowska-Sytnyk W., Kosi\u0144ski S.,<\/b> <i>Lwowskie pocz\u0105tki socjologii polskiej<\/i>. Warszawa, 2010.<\/li>\n<li><b>Gajda J<\/b>., <i>Moje \u017cycie : fakty, wspomnienia, refleksje<\/i>. Krak\u00f3w, 2010.<\/li>\n<li><i>Gospodarka, spo\u0142ecze\u0144stwo, kultura w dziejach nowo\u017cytnych : studia ofiarowane Pani Profesor Marii Boguckiej<\/i>. Warszawa, 2010.<\/li>\n<li><i>Historia filozofii politycznej : podr\u0119cznik<\/i>. Warszawa, 2010.<\/li>\n<li><b>Ho\u0142ub G<\/b>., <i>Problem osoby : we wsp\u00f3\u0142czesnych debatach bioetycznych<\/i>. Krak\u00f3w, 2010.<\/li>\n<li><b>Horn I<\/b>., <i>Andrzej Batory<\/i>. Warszawa, 2010.<\/li>\n<li><b>Iwanicki K<\/b>., <i>Budownictwo wiejskie : poradnik przy wznoszeniu zabudowa\u0144 na wsi<\/i>. Milan\u00f3wek, 2010. (reprint)<\/li>\n<li><b>Kajzer L<\/b>., <i>Dwory w Polsce : od \u015bredniowiecza do wsp\u00f3\u0142czesno\u015bci<\/i>. Warszawa, 2010.<\/li>\n<li><i>Klasztor w Ko\u015bciele \u015bredniowiecznym i nowo\u017cytnym<\/i>. Wroc\u0142aw, 2010.<\/li>\n<li><i>Kompetentny i innowacyjny mened\u017cer.<\/i> Warszawa, 2010.<\/li>\n<li><b>Ko\u017ami\u0144ska I., Olszewska E<\/b>., <i>Wychowanie przez czytanie<\/i>. Warszawa, 2010.<\/li>\n<li><b>Kr\u00f3likowski B<\/b>., <i>Sny burzliwe<\/i>. Krak\u00f3w, 2010.<\/li>\n<li><i>Ksi\u0105\u017cka zawsze obecna : prace ofiarowane profesorowi Krzysztofowi Migoniowi<\/i>. Wroc\u0142aw, 2010.<\/li>\n<li><i>Lata dwudzieste, lata trzydzieste w Urz\u0119dzie Wojew\u00f3dzkim w Lublinie : publikacja wydana z okazji Jubileuszu 90-lecia Lubelskiego Urz\u0119du Wojew\u00f3dzkiego w Lublinie.<\/i> Lublin, 2010.<\/li>\n<li><b>\u0141omnicka-\u017bakowska E<\/b>., <i>Ryciny Daniela Chodowieckiego w zbiorach Muzeum Narodowego w Warszawie.<\/i> Warszawa, 2010.<\/li>\n<li><b>Maron M.,<\/b> <i>Dramat czasu i wyobra\u017ani : filmy Wojciecha J. Hasa<\/i>. Krak\u00f3w, 2010.<\/li>\n<li><b>M\u0119\u017cy\u0144ski A.,<\/b> <i>Biblioteki Warszawy w latach 1939-1945.<\/i> Warszawa, 2010.<\/li>\n<li><b>Muschg W<\/b>., <i>Tragiczne dzieje literatury<\/i>. Warszawa, 2010.<\/li>\n<li><i>Na pograniczu \u201enowej Europy\u201d : polsko-ukrai\u0144skie s\u0105siedztwo<\/i>. Warszawa, 2010.<\/li>\n<li><i>Nowo\u017cytne Igrzyska Olimpijskie w mediach polskich do 1936 roku<\/i>. Lublin, 2010.<\/li>\n<li><i>Obrazy stolic europejskich w pi\u015bmiennictwie polskim<\/i>. \u0141\u00f3d\u017a, 2010.<\/li>\n<li><i>Piecz\u0119cie kr\u00f3l\u00f3w i kr\u00f3lowych Polski : Tabularium Actorum Antiquorum Varsoviense Maximum, Diviso Prima \u201eInSimul\u201d.<\/i> Warszawa, 2010.<\/li>\n<li><i>Pogranicza audiowizualno\u015bci : parateksty kina, telewizji i nowych medi\u00f3w<\/i>. Krak\u00f3w, 2010.<\/li>\n<li><b>Potocka M.M<\/b>., <i>Z moich wspomnie\u0144 : (pami\u0119tnik).<\/i> \u0141omianki, 2010.<\/li>\n<li><i>Reklama w spo\u0142ecze\u0144stwie. Spo\u0142ecze\u0144stwo w reklamie<\/i>. Lublin, 2010.<\/li>\n<li><b>Ro\u017cek M.,<\/b> <i>Idee i symbole sztuki chrze\u015bcija\u0144skiej<\/i>. Krak\u00f3w, 2010.<\/li>\n<li><b>Supruniuk A.,<\/b> <i>Mazowsze Siemowit\u00f3w (1341-1442) : dzieje polityczne i struktury w\u0142adzy. <\/i>Warszawa, 2010.<\/li>\n<li><b>Tarasiuk D.,<\/b> <i>Dzieje parafii w Opolu wpisane w dziedzictwo regionu<\/i>. Podedw\u00f3rze; Lublin, 2010.<\/li>\n<li><i>W s\u0142u\u017cbie nauki prawa finansowego : jubileusz obecno\u015bci profesora Jana G\u0142uchowskiego w Katedrze Finas\u00f3w i Prawa Finansowego Katolickiego Uniwersytetu Lubelskiego Jana Paw\u0142a II<\/i>. Lublin, 2010.<\/li>\n<li><b>W\u0105tr\u00f3bska H<\/b>., <i>S\u0142ownik staro-cerkiewno-rusko-polski<\/i>. Krak\u00f3w, 2010.<\/li>\n<li><b>Wola\u0144ska J<\/b>., <i>Katedra ormia\u0144ska we Lwowie w latach 1902-1938 : przemiany architektoniczne i dekoracja wn\u0119trza<\/i>. Warszawa, 2010.<\/li>\n<li><b>Wo\u017aniakowska U<\/b>., <i>Bollywood : pragnienie prawdy i t\u0119sknota za mitem<\/i>. Krak\u00f3w, 2010.<\/li>\n<li><b>W\u00f3jciak M.,<\/b> <i>Enklawy wolno\u015bci : literatura rosyjska w Polsce 1956-1989<\/i>. Krak\u00f3w, 2010.<\/li>\n<\/ol>\n","protected":false},"excerpt":{"rendered":"","protected":false},"author":11,"featured_media":0,"comment_status":"closed","ping_status":"open","sticky":false,"template":"","format":"standard","meta":{"_tec_requires_first_save":true,"_crdt_document":"","pgc_sgb_lightbox_settings":"","_EventAllDay":false,"_EventTimezone":"","_EventStartDate":"","_EventEndDate":"","_EventStartDateUTC":"","_EventEndDateUTC":"","_EventShowMap":false,"_EventShowMapLink":false,"_EventURL":"","_EventCost":"","_EventCostDescription":"","_EventCurrencySymbol":"","_EventCurrencyCode":"","_EventCurrencyPosition":"","_EventDateTimeSeparator":"","_EventTimeRangeSeparator":"","_EventOrganizerID":[],"_EventVenueID":[],"_OrganizerEmail":"","_OrganizerPhone":"","_OrganizerWebsite":"","_VenueAddress":"","_VenueCity":"","_VenueCountry":"","_VenueProvince":"","_VenueState":"","_VenueZip":"","_VenuePhone":"","_VenueURL":"","_VenueStateProvince":"","_VenueLat":"","_VenueLng":"","_VenueShowMap":false,"_VenueShowMapLink":false,"_tribe_blocks_recurrence_rules":"","_tribe_blocks_recurrence_description":"","_tribe_blocks_recurrence_exclusions":"","footnotes":""},"categories":[509,57],"tags":[],"class_list":["post-7230","post","type-post","status-publish","format-standard","hentry","category-nowe-nabytki","category-nowe-nabytki-do-ksigozbioru-naukowego"],"publishpress_future_action":{"enabled":false,"date":"2026-05-06 15:53:59","action":"change-status","newStatus":"draft","terms":[],"taxonomy":"category","extraData":[]},"publishpress_future_workflow_manual_trigger":{"enabledWorkflows":[]},"_links":{"self":[{"href":"https:\/\/wbp.lublin.pl\/index.php\/wp-json\/wp\/v2\/posts\/7230","targetHints":{"allow":["GET"]}}],"collection":[{"href":"https:\/\/wbp.lublin.pl\/index.php\/wp-json\/wp\/v2\/posts"}],"about":[{"href":"https:\/\/wbp.lublin.pl\/index.php\/wp-json\/wp\/v2\/types\/post"}],"author":[{"embeddable":true,"href":"https:\/\/wbp.lublin.pl\/index.php\/wp-json\/wp\/v2\/users\/11"}],"replies":[{"embeddable":true,"href":"https:\/\/wbp.lublin.pl\/index.php\/wp-json\/wp\/v2\/comments?post=7230"}],"version-history":[{"count":3,"href":"https:\/\/wbp.lublin.pl\/index.php\/wp-json\/wp\/v2\/posts\/7230\/revisions"}],"predecessor-version":[{"id":13664,"href":"https:\/\/wbp.lublin.pl\/index.php\/wp-json\/wp\/v2\/posts\/7230\/revisions\/13664"}],"wp:attachment":[{"href":"https:\/\/wbp.lublin.pl\/index.php\/wp-json\/wp\/v2\/media?parent=7230"}],"wp:term":[{"taxonomy":"category","embeddable":true,"href":"https:\/\/wbp.lublin.pl\/index.php\/wp-json\/wp\/v2\/categories?post=7230"},{"taxonomy":"post_tag","embeddable":true,"href":"https:\/\/wbp.lublin.pl\/index.php\/wp-json\/wp\/v2\/tags?post=7230"}],"curies":[{"name":"wp","href":"https:\/\/api.w.org\/{rel}","templated":true}]}}