{"id":7368,"date":"2011-04-28T06:56:15","date_gmt":"2011-04-28T04:56:15","guid":{"rendered":"https:\/\/wbp.lublin.pl8\/index.php\/2011\/04\/28\/klimko-dobrzaniecki-hubert-dom-rozy-krysuvik\/"},"modified":"2018-07-02T21:57:05","modified_gmt":"2018-07-02T19:57:05","slug":"klimko-dobrzaniecki-hubert-dom-rozy-krysuvik","status":"publish","type":"post","link":"https:\/\/wbp.lublin.pl\/index.php\/2011\/04\/28\/klimko-dobrzaniecki-hubert-dom-rozy-krysuvik\/","title":{"rendered":"Klimko-Dobrzaniecki Hubert: Dom R\u00f3\u017cy; Krysuvik"},"content":{"rendered":"<p>Motyw domu jest tak &#8222;stary,&#8221; jak &#8222;stara&#8221; wydaje si\u0119 by\u0107 literatura i sztuka. Pojawia si\u0119 on w ka\u017cdej epoce i w wi\u0119kszo\u015bci utwor\u00f3w literackich. Znudzeni jeste\u015bmy zatem, wydawa\u0142oby si\u0119 &#8222;oklepanymi&#8221; tre\u015bciami, odnosz\u0105cymi si\u0119 do tego motywu. Nic ju\u017c i niktw tym temacie nie jest w stanie nas zaciekawi\u0107, zadziwi\u0107 czy zniesmaczy\u0107 nawet.<\/p>\n<p>Jednak\u017ce wraz z opowiadaniami Huberta Klimko &#8211; Dobrzanieckiego &#8222;Dom R\u00f3\u017cy&#8221;i &#8222;Krysuvik&#8221; powraca nadzieja na odkrycie czego\u015b nowego, nadzieja na zerwanie ze stereotypowym my\u015bleniem o domu.<\/p>\n<p>Sam autor podkre\u015bla, i\u017c &#8222;domy [&#8230;] s\u0105 r\u00f3\u017cne.&#8221; Niew\u0105tpliwie &#8222;koj\u0105ce&#8221; wydaje si\u0119 jego stwierdzenie, \u017ce ka\u017cdy z nas kiedy\u015b, pr\u0119dzej czy p\u00f3\u017aniej, powraca do tego &#8222;pierwszego&#8221; i najwa\u017cniejszego domu. Dzi\u0119ki tej my\u015bli przestajemy si\u0119 ba\u0107, bo przecie\u017c odczuwamy l\u0119k jedynie przed tym, co nieznane. Co wi\u0119cej, gdzie\u015b tam nieustannie czeka KTO\u015a na nasz powr\u00f3t &#8230; . Zanim jednak po\u017cegnamy si\u0119 z tym wszystkim, co stanowi sens naszego istnienia, musimy zmierzy\u0107 si\u0119 z brutaln\u0105 rzeczywisto\u015bci\u0105. To niezwykle trudne zadanie, szczeg\u00f3lniew przypadku wra\u017cliwego, nie pozbawionego uczu\u0107 cz\u0142owieka.<\/p>\n<p>Dla bohatera &#8222;Domu R\u00f3\u017cy&#8221; takim traumatycznym prze\u017cyciem jest praca w &#8222;domu starc\u00f3w.&#8221; Problemu jednak nie stanowi\u0105 sami pensjonariusze czy codzienne &#8211; nie\u0142atwe zreszt\u0105 &#8211; obowi\u0105zki. Problemem s\u0105 wsp\u00f3\u0142pracownicy i ich podej\u015bcie do schorowanych staruszk\u00f3w. Brak empatii, wsp\u00f3\u0142czucia i wra\u017cliwo\u015bci to cechy, kt\u00f3re mo\u017cna przypisa\u0107 wi\u0119kszo\u015bci z nich. Ponadto pojawia si\u0119 tak\u017ce problem eutanazji i przedmiotowego traktowania &#8222;niepotrzebnej&#8221; ju\u017c nikomu istoty ludzkiej.<\/p>\n<p>Najgorsze, \u017ce kolejny raz u\u015bwiadamiamy sobie o &#8222;odwr\u00f3ceniu&#8221; warto\u015bci. Dobro, mi\u0142o\u015b\u0107, przegrywaj\u0105 z konsumpcjonizmem, pieni\u0105dzem, karier\u0105 i seksem. Na tak\u0105 rzeczywisto\u015b\u0107nie godzi si\u0119 bohater. Dobrym sposobem na chwilow\u0105 ucieczk\u0119 wydaj\u0105 si\u0119 by\u0107 wyprawyw g\u00f3ry, kt\u00f3rych motyw pojawia si\u0119 wielokrotnie w obu opowiadaniach. G\u00f3ry &#8211; niedost\u0119pne, tajemnicze, majestatyczne, jak u Franza Kafki tytu\u0142owy zamek, do kt\u00f3rego tajemniczy K. bezskutecznie pr\u00f3buje dotrze\u0107.<\/p>\n<p>Opowiadanie zatytu\u0142owane &#8222;Krysuvik&#8221; \u0142\u0105czy si\u0119 wybranymi elementami fabu\u0142yz &#8222;Domem R\u00f3\u017cy.&#8221; Czynnikiem spajaj\u0105cym oba utwory jest nie tylko wspomniany ju\u017c motyw domu, ale r\u00f3wnie\u017c tytu\u0142owa R\u00f3\u017ca i kolejne etapy jej \u017cycia. &#8222;Krysuvik&#8221; to swoistego rodzaju \u017cyciorys wa\u017cnego dla R\u00f3\u017cy m\u0119\u017cczyzny. Kim jest \u00f3w cz\u0142owiek? Jak\u0105 rol\u0119 odegra\u0142 w \u017cyciu tytu\u0142owej bohaterki? Warto si\u0119gn\u0105\u0107 po lektur\u0119 opowiada\u0144, by m\u00f3c znale\u017a\u0107 odpowied\u017a na powy\u017csze pytania.<\/p>\n","protected":false},"excerpt":{"rendered":"<p>Motyw domu jest tak &#8222;stary,&#8221; jak &#8222;stara&#8221; wydaje si\u0119 by\u0107 literatura i sztuka. Pojawia si\u0119 on w ka\u017cdej epoce i w wi\u0119kszo\u015bci utwor\u00f3w literackich. Znudzeni jeste\u015bmy zatem, wydawa\u0142oby si\u0119 &#8222;oklepanymi&#8221; [&hellip;]<\/p>\n","protected":false},"author":18,"featured_media":0,"comment_status":"open","ping_status":"open","sticky":false,"template":"","format":"standard","meta":{"_tec_requires_first_save":true,"_crdt_document":"","pgc_sgb_lightbox_settings":"","_EventAllDay":false,"_EventTimezone":"","_EventStartDate":"","_EventEndDate":"","_EventStartDateUTC":"","_EventEndDateUTC":"","_EventShowMap":false,"_EventShowMapLink":false,"_EventURL":"","_EventCost":"","_EventCostDescription":"","_EventCurrencySymbol":"","_EventCurrencyCode":"","_EventCurrencyPosition":"","_EventDateTimeSeparator":"","_EventTimeRangeSeparator":"","_EventOrganizerID":[],"_EventVenueID":[],"_OrganizerEmail":"","_OrganizerPhone":"","_OrganizerWebsite":"","_VenueAddress":"","_VenueCity":"","_VenueCountry":"","_VenueProvince":"","_VenueState":"","_VenueZip":"","_VenuePhone":"","_VenueURL":"","_VenueStateProvince":"","_VenueLat":"","_VenueLng":"","_VenueShowMap":false,"_VenueShowMapLink":false,"_tribe_blocks_recurrence_rules":"","_tribe_blocks_recurrence_description":"","_tribe_blocks_recurrence_exclusions":"","footnotes":""},"categories":[110],"tags":[],"class_list":["post-7368","post","type-post","status-publish","format-standard","hentry","category-recenzje-klubowiczow"],"publishpress_future_action":{"enabled":false,"date":"2026-05-06 09:14:20","action":"change-status","newStatus":"draft","terms":[],"taxonomy":"category","extraData":[]},"publishpress_future_workflow_manual_trigger":{"enabledWorkflows":[]},"_links":{"self":[{"href":"https:\/\/wbp.lublin.pl\/index.php\/wp-json\/wp\/v2\/posts\/7368","targetHints":{"allow":["GET"]}}],"collection":[{"href":"https:\/\/wbp.lublin.pl\/index.php\/wp-json\/wp\/v2\/posts"}],"about":[{"href":"https:\/\/wbp.lublin.pl\/index.php\/wp-json\/wp\/v2\/types\/post"}],"author":[{"embeddable":true,"href":"https:\/\/wbp.lublin.pl\/index.php\/wp-json\/wp\/v2\/users\/18"}],"replies":[{"embeddable":true,"href":"https:\/\/wbp.lublin.pl\/index.php\/wp-json\/wp\/v2\/comments?post=7368"}],"version-history":[{"count":2,"href":"https:\/\/wbp.lublin.pl\/index.php\/wp-json\/wp\/v2\/posts\/7368\/revisions"}],"predecessor-version":[{"id":12907,"href":"https:\/\/wbp.lublin.pl\/index.php\/wp-json\/wp\/v2\/posts\/7368\/revisions\/12907"}],"wp:attachment":[{"href":"https:\/\/wbp.lublin.pl\/index.php\/wp-json\/wp\/v2\/media?parent=7368"}],"wp:term":[{"taxonomy":"category","embeddable":true,"href":"https:\/\/wbp.lublin.pl\/index.php\/wp-json\/wp\/v2\/categories?post=7368"},{"taxonomy":"post_tag","embeddable":true,"href":"https:\/\/wbp.lublin.pl\/index.php\/wp-json\/wp\/v2\/tags?post=7368"}],"curies":[{"name":"wp","href":"https:\/\/api.w.org\/{rel}","templated":true}]}}