{"id":7379,"date":"2011-05-24T08:58:00","date_gmt":"2011-05-24T06:58:00","guid":{"rendered":"https:\/\/wbp.lublin.pl8\/index.php\/2011\/05\/24\/warsztaty-literackie-dla-bibliotekarzy-pracujacych-z-dziecmi-i-mlodzieza-16-06-2011\/"},"modified":"2024-03-14T09:45:48","modified_gmt":"2024-03-14T08:45:48","slug":"warsztaty-literackie-dla-bibliotekarzy-pracujacych-z-dziecmi-i-mlodzieza-16-06-2011","status":"publish","type":"post","link":"https:\/\/wbp.lublin.pl\/index.php\/2011\/05\/24\/warsztaty-literackie-dla-bibliotekarzy-pracujacych-z-dziecmi-i-mlodzieza-16-06-2011\/","title":{"rendered":"Warsztaty literackie dla bibliotekarzy pracuj\u0105cych z dzie\u0107mi i m\u0142odzie\u017c\u0105 (16. 06. 2011)"},"content":{"rendered":"<h5>Wojew\u00f3dzka Biblioteka Publiczna im. Hieronima \u0141opaci\u0144skiego w Lublinie<br \/>\nzaprasza bibliotekarzy pracuj\u0105cych z dzie\u0107mi i m\u0142odzie\u017c\u0105 na warsztaty literackie,<br \/>\nkt\u00f3re odb\u0119d\u0105 si\u0119 dniu <strong>16 czerwca (czwartek) w godz. 10.00 &#8211; 15.00<\/strong><br \/>\nw siedzibie WBP przy ul. Narutowicza 4,<br \/>\nw sali konferencyjnej na poziomie \u201e-1\u201d.<\/h5>\n<p>Program:<br \/>\n&#8211; spektakl \u201eSztukmistrz z Lublina\u201d \u2013 Witold D\u0105browski, aktor, animator kultury, wicedyrektor O\u015brodka \u201eBrama Grodzka \u2013 Teatr NN\u201d<br \/>\n&#8211; warsztaty literackie: \u201eMoja praca z tekstem\u201d \u2013 Witold D\u0105browski<br \/>\n&#8211; dyskusja na w\/w temat<br \/>\n&#8211; wymiana do\u015bwiadcze\u0144 zwi\u0105zanych z prac\u0105 nad tekstem \u2013 wypowiedzi uczestnik\u00f3w<br \/>\n&#8211; przegl\u0105d nowo\u015bci wydawniczych dla dzieci i m\u0142odzie\u017cy \u2013 Marzena Kopciowska,<br \/>\nDzia\u0142 Zakupu i Dystrybucji Materia\u0142\u00f3w Bibliotecznych WBP im. H. \u0141opaci\u0144skiego<\/p>\n<p>Zg\u0142oszenia telefoniczne (081\/528-74-20) przyjmuje Dzia\u0142 Instrukcyjno-Metodyczny do 10 czerwca 2011 r. Koszt udzia\u0142u w warsztatach wynosi 25 z\u0142 (s\u0142ownie z\u0142otych: dwadzie\u015bcia pi\u0119\u0107 00\/100) i pokrywaj\u0105 go instytucje deleguj\u0105ce. P\u0142atne po otrzymaniu faktury. Organizator zapewnia realizacj\u0119 programu dydaktycznego. Liczba miejsc ograniczona.<\/p>\n<p>Zapraszamy do skorzystania z oferty!<\/p>\n","protected":false},"excerpt":{"rendered":"<h5>&#160;<\/h5>\n","protected":false},"author":9,"featured_media":0,"comment_status":"open","ping_status":"open","sticky":false,"template":"","format":"standard","meta":{"_tec_requires_first_save":true,"_crdt_document":"","pgc_sgb_lightbox_settings":"","_EventAllDay":false,"_EventTimezone":"","_EventStartDate":"","_EventEndDate":"","_EventStartDateUTC":"","_EventEndDateUTC":"","_EventShowMap":false,"_EventShowMapLink":false,"_EventURL":"","_EventCost":"","_EventCostDescription":"","_EventCurrencySymbol":"","_EventCurrencyCode":"","_EventCurrencyPosition":"","_EventDateTimeSeparator":"","_EventTimeRangeSeparator":"","_EventOrganizerID":[],"_EventVenueID":[],"_OrganizerEmail":"","_OrganizerPhone":"","_OrganizerWebsite":"","_VenueAddress":"","_VenueCity":"","_VenueCountry":"","_VenueProvince":"","_VenueState":"","_VenueZip":"","_VenuePhone":"","_VenueURL":"","_VenueStateProvince":"","_VenueLat":"","_VenueLng":"","_VenueShowMap":false,"_VenueShowMapLink":false,"_tribe_blocks_recurrence_rules":"","_tribe_blocks_recurrence_description":"","_tribe_blocks_recurrence_exclusions":"","footnotes":""},"categories":[101],"tags":[],"class_list":["post-7379","post","type-post","status-publish","format-standard","hentry","category-komunikaty-branzowe-archiwum"],"publishpress_future_action":{"enabled":false,"date":"2026-05-06 15:53:35","action":"change-status","newStatus":"draft","terms":[],"taxonomy":"category","extraData":[]},"publishpress_future_workflow_manual_trigger":{"enabledWorkflows":[]},"_links":{"self":[{"href":"https:\/\/wbp.lublin.pl\/index.php\/wp-json\/wp\/v2\/posts\/7379","targetHints":{"allow":["GET"]}}],"collection":[{"href":"https:\/\/wbp.lublin.pl\/index.php\/wp-json\/wp\/v2\/posts"}],"about":[{"href":"https:\/\/wbp.lublin.pl\/index.php\/wp-json\/wp\/v2\/types\/post"}],"author":[{"embeddable":true,"href":"https:\/\/wbp.lublin.pl\/index.php\/wp-json\/wp\/v2\/users\/9"}],"replies":[{"embeddable":true,"href":"https:\/\/wbp.lublin.pl\/index.php\/wp-json\/wp\/v2\/comments?post=7379"}],"version-history":[{"count":3,"href":"https:\/\/wbp.lublin.pl\/index.php\/wp-json\/wp\/v2\/posts\/7379\/revisions"}],"predecessor-version":[{"id":55329,"href":"https:\/\/wbp.lublin.pl\/index.php\/wp-json\/wp\/v2\/posts\/7379\/revisions\/55329"}],"wp:attachment":[{"href":"https:\/\/wbp.lublin.pl\/index.php\/wp-json\/wp\/v2\/media?parent=7379"}],"wp:term":[{"taxonomy":"category","embeddable":true,"href":"https:\/\/wbp.lublin.pl\/index.php\/wp-json\/wp\/v2\/categories?post=7379"},{"taxonomy":"post_tag","embeddable":true,"href":"https:\/\/wbp.lublin.pl\/index.php\/wp-json\/wp\/v2\/tags?post=7379"}],"curies":[{"name":"wp","href":"https:\/\/api.w.org\/{rel}","templated":true}]}}