{"id":7386,"date":"2011-05-31T10:49:47","date_gmt":"2011-05-31T08:49:47","guid":{"rendered":"https:\/\/wbp.lublin.pl8\/index.php\/2011\/05\/31\/wilson-jacqueline-dziewczyny-sie-spozniaja\/"},"modified":"2018-07-02T21:58:05","modified_gmt":"2018-07-02T19:58:05","slug":"wilson-jacqueline-dziewczyny-sie-spozniaja","status":"publish","type":"post","link":"https:\/\/wbp.lublin.pl\/index.php\/2011\/05\/31\/wilson-jacqueline-dziewczyny-sie-spozniaja\/","title":{"rendered":"Wilson Jacqueline: Dziewczyny si\u0119 sp\u00f3\u017aniaj\u0105"},"content":{"rendered":"<p>Wczoraj sko\u0144czy\u0142am czyta\u0107 ksi\u0105\u017ck\u0119 Jacgueline Wilson ,,Dziewczyny si\u0119 sp\u00f3\u017aniaj\u0105\u2019\u2019 i w rezultacie po\u0142o\u017cy\u0142am si\u0119 spa\u0107 ko\u0142o godziny jedenastej. Najprawdopodobniej nie przeczyta\u0142abym jej, co zrobi\u0142am tylko dla zasady, bo nie znosz\u0119 nie czyta\u0107 ksi\u0105\u017cek do ko\u0144ca. No i w gruncie rzeczy nawet ciekawi\u0142o mnie jak ona si\u0119 sko\u0144czy.<\/p>\n<p>Zaczn\u0119 od tego, \u017ce moim zdaniem nie ma g\u0142upich ksi\u0105\u017cek, s\u0105 tylko nie ciekawe. Dlatego powiem, \u017ce nie czyta\u0142am jej z zapartym tchem. W gruncie rzeczy na samym pocz\u0105tku si\u0119 do niej zrazi\u0142am, ale najpierw opowiem par\u0119 o niej.<\/p>\n<p>,,Dziewczyny si\u0119 sp\u00f3\u017aniaj\u0105\u2019\u2019 opowiada o przygodach trzech przyjaci\u00f3\u0142ek, Ellie, Magdy i Nadine. Akcja rozgrywa si\u0119 w Anglii, o w okolicach Londynu. Dziewczyny maj\u0105 po trzyna\u015bcie lat. Jest to ksi\u0105\u017cka pami\u0119tnikowa, pisana w pierwszej osobie \u2013 Ellie, kt\u00f3ra ma ci\u0105gle kompleksy przy Magdzie i Nadine. Ma ciemne, kr\u0119cone w\u0142osy i puco\u0142owat\u0105 twarz, do najchudszych nie nale\u017cy i nosi okulary. Magda jest \u015bmia\u0142\u0105 (w przeciwie\u0144stwie do Ellie) dziewczyn\u0105. Ma rude w\u0142osy, figur\u0119 modelki, ma bardzo du\u017ce powodzenie u ch\u0142opc\u00f3w i jest bardzo \u0142adna. Nadine ma d\u0142ugie, proste, czarne w\u0142osy, kt\u00f3rych Ellie ci\u0105gle jej zazdro\u015bci, jest szczup\u0142a i zgrabna. Pojawiaj\u0105 si\u0119 r\u00f3wnie\u017c: ojciec Ellie, o czterna\u015bcie lat starsza macocha i przyrodni brat Jajek.<\/p>\n<p>Pewnego wieczoru przyjaci\u00f3\u0142ki id\u0105 do galerii handlowej. Rozmawiaj\u0105 o ch\u0142opakach, ich mi\u0142osnych rozterkach. Ellie mia\u0142a tylko jednego ch\u0142opaka i nie jest nimi szczeg\u00f3lnie zainteresowana w przeciwie\u0144stwie do dw\u00f3ch pozosta\u0142ych dziewczyn. Id\u0105 do Mc\u2019Donalda gdzie zauwa\u017ca, \u017ce pewien ch\u0142opak ca\u0142y czas jej si\u0119 przygl\u0105da i najprawdopodobniej j\u0105 rysuje. Ellie kocha plastyk\u0119 i za namow\u0105 dziewczyn tak\u017ce robi portret temu ch\u0142opcu. Po pewnym czasie podchodzi do nich i zaczyna rozmawia\u0107 z Ell. I tak zacz\u0119\u0142a si\u0119 znajomo\u015b\u0107 Ellie i Russella.<\/p>\n<p>Tak wi\u0119c, dlaczego nie podoba\u0142a mi si\u0119 ta ksi\u0105\u017cka? Jak ju\u017c wspomnia\u0142am zrazi\u0142am si\u0119 do niej ju\u017c na wst\u0119pie. Nie chc\u0119 za du\u017co zdradzi\u0107, bo mimo wszystko chc\u0119 aby\u015bcie j\u0105 przeczytali. Dla mnie by\u0142a ona za ma\u0142o realistyczna, takie historie nie zdarzaj\u0105 si\u0119 w rzeczywisto\u015bci. Jakby to moja kole\u017canka powiedzia\u0142a ,, Jakby wyj\u0119te z taniego romansu\u2019\u2019. No tak, ale jest wiele ksi\u0105\u017cek kt\u00f3re r\u00f3wnie\u017c nie maj\u0105 miejsca w prawdziwym \u015bwiecie. Mianowicie, chodzi mi o to, \u017ce w tej ksi\u0105\u017cce by\u0142o to wprost ra\u017c\u0105ce w oczy. Problemy w niej ukazane by\u0142y bardzo szybko i w \u0142atwy spos\u00f3b rozwi\u0105zywane. Fabu\u0142a by\u0142a ciekawa, a na koniec by\u0142y wydarzenia kt\u00f3rych raczej nikt by nie przewidzia\u0142, ale czeka\u0142o mnie rozczarowanie.<\/p>\n<p>Bohaterki maj\u0105 zaledwie po trzyna\u015bcie lat, a ju\u017c si\u0119 ca\u0142uj\u0105, spotykaj\u0105 z ch\u0142opakami, wracaj\u0105 bardzo p\u00f3\u017ano w nocy do dom\u00f3w, dlatego ju\u017c na pocz\u0105tku nie spodoba\u0142a mi si\u0119 ta ksi\u0105\u017cka. No c\u00f3\u017c mam prawie pi\u0119tna\u015bcie lat i mo\u017ce kto\u015b mi powiedzie\u0107, \u017ce tak zachowuj\u0105 si\u0119 nastolatki, wi\u0119c w takim razie ja jestem inna i nie dlatego nie zachwyci\u0142a mnie ta ksi\u0105\u017cka.<\/p>\n<p>W takim razie komu mog\u0119 j\u0105 poleci\u0107? No c\u00f3\u017c, osobom kt\u00f3re czytaj\u0105c, lubi\u0105 ca\u0142kowicie oderwa\u0107 si\u0119 od swoich problem\u00f3w.<\/p>\n<p>Mam nadziej\u0119, \u017ce nikogo nie zniech\u0119ci\u0142am do przeczytania tej ksi\u0105\u017cki, a nawet jest odwrotnie. Bardzo \u0142atwo si\u0119 j\u0105 czyta i jest to pewien rodzaj, jak ju\u017c wspomnia\u0142am, ,,oderwania si\u0119 od naszej, szarej rzeczywisto\u015bci\u2019\u2019, cho\u0107 dla mnie by\u0142a w\u0142a\u015bnie zbyt prosta, banalna. Mimo wszystko polecam.<\/p>\n","protected":false},"excerpt":{"rendered":"<p>Wczoraj sko\u0144czy\u0142am czyta\u0107 ksi\u0105\u017ck\u0119 Jacgueline Wilson ,,Dziewczyny si\u0119 sp\u00f3\u017aniaj\u0105\u2019\u2019 i w rezultacie po\u0142o\u017cy\u0142am si\u0119 spa\u0107 ko\u0142o godziny jedenastej. Najprawdopodobniej nie przeczyta\u0142abym jej, co zrobi\u0142am tylko dla zasady, bo nie znosz\u0119 [&hellip;]<\/p>\n","protected":false},"author":18,"featured_media":0,"comment_status":"open","ping_status":"open","sticky":false,"template":"","format":"standard","meta":{"_tec_requires_first_save":true,"_crdt_document":"","pgc_sgb_lightbox_settings":"","_EventAllDay":false,"_EventTimezone":"","_EventStartDate":"","_EventEndDate":"","_EventStartDateUTC":"","_EventEndDateUTC":"","_EventShowMap":false,"_EventShowMapLink":false,"_EventURL":"","_EventCost":"","_EventCostDescription":"","_EventCurrencySymbol":"","_EventCurrencyCode":"","_EventCurrencyPosition":"","_EventDateTimeSeparator":"","_EventTimeRangeSeparator":"","_EventOrganizerID":[],"_EventVenueID":[],"_OrganizerEmail":"","_OrganizerPhone":"","_OrganizerWebsite":"","_VenueAddress":"","_VenueCity":"","_VenueCountry":"","_VenueProvince":"","_VenueState":"","_VenueZip":"","_VenuePhone":"","_VenueURL":"","_VenueStateProvince":"","_VenueLat":"","_VenueLng":"","_VenueShowMap":false,"_VenueShowMapLink":false,"_tribe_blocks_recurrence_rules":"","_tribe_blocks_recurrence_description":"","_tribe_blocks_recurrence_exclusions":"","footnotes":""},"categories":[110],"tags":[],"class_list":["post-7386","post","type-post","status-publish","format-standard","hentry","category-recenzje-klubowiczow"],"publishpress_future_action":{"enabled":false,"date":"2026-05-06 05:01:48","action":"change-status","newStatus":"draft","terms":[],"taxonomy":"category","extraData":[]},"publishpress_future_workflow_manual_trigger":{"enabledWorkflows":[]},"_links":{"self":[{"href":"https:\/\/wbp.lublin.pl\/index.php\/wp-json\/wp\/v2\/posts\/7386","targetHints":{"allow":["GET"]}}],"collection":[{"href":"https:\/\/wbp.lublin.pl\/index.php\/wp-json\/wp\/v2\/posts"}],"about":[{"href":"https:\/\/wbp.lublin.pl\/index.php\/wp-json\/wp\/v2\/types\/post"}],"author":[{"embeddable":true,"href":"https:\/\/wbp.lublin.pl\/index.php\/wp-json\/wp\/v2\/users\/18"}],"replies":[{"embeddable":true,"href":"https:\/\/wbp.lublin.pl\/index.php\/wp-json\/wp\/v2\/comments?post=7386"}],"version-history":[{"count":2,"href":"https:\/\/wbp.lublin.pl\/index.php\/wp-json\/wp\/v2\/posts\/7386\/revisions"}],"predecessor-version":[{"id":12980,"href":"https:\/\/wbp.lublin.pl\/index.php\/wp-json\/wp\/v2\/posts\/7386\/revisions\/12980"}],"wp:attachment":[{"href":"https:\/\/wbp.lublin.pl\/index.php\/wp-json\/wp\/v2\/media?parent=7386"}],"wp:term":[{"taxonomy":"category","embeddable":true,"href":"https:\/\/wbp.lublin.pl\/index.php\/wp-json\/wp\/v2\/categories?post=7386"},{"taxonomy":"post_tag","embeddable":true,"href":"https:\/\/wbp.lublin.pl\/index.php\/wp-json\/wp\/v2\/tags?post=7386"}],"curies":[{"name":"wp","href":"https:\/\/api.w.org\/{rel}","templated":true}]}}