{"id":7389,"date":"2011-05-31T10:56:13","date_gmt":"2011-05-31T08:56:13","guid":{"rendered":"https:\/\/wbp.lublin.pl8\/index.php\/2011\/05\/31\/fox-marta-magdadoc-paulinadoc\/"},"modified":"2018-07-02T21:56:39","modified_gmt":"2018-07-02T19:56:39","slug":"fox-marta-magdadoc-paulinadoc","status":"publish","type":"post","link":"https:\/\/wbp.lublin.pl\/index.php\/2011\/05\/31\/fox-marta-magdadoc-paulinadoc\/","title":{"rendered":"Fox Marta: Magda.doc \/ Paulina.doc"},"content":{"rendered":"<p>Ostatnio przeczyta\u0142am dwie ksi\u0105\u017cki autorstwa Marty Fox. Nosz\u0105 one tytu\u0142y \u201eMagda.doc\u201d oraz \u201ePaulina.doc\u201d. Problematyk\u0105 obydwu tych utwor\u00f3w jest m.in. r\u00f3\u017cnorodno\u015b\u0107 \u015brodowisk bohater\u00f3w, konflikt pokoleniowy \u2013 konflikt mi\u0119dzy g\u0142\u00f3wn\u0105 bohaterk\u0105 \u2013 Magd\u0105, a jej zasadnicz\u0105 i nazbyt konsekwentn\u0105 matk\u0105, a tak\u017ce pierwsza mi\u0142o\u015b\u0107 i zwi\u0105zane z tym konsekwencje. Utwory te przedstawione s\u0105 w formie dziennika komputerowego, pisanego przez g\u0142\u00f3wn\u0105 bohaterk\u0119.<\/p>\n<p>W tych ksi\u0105\u017ckach Fox, przedstawiona jest historia Magdy, bardzo dobrze ucz\u0105cej si\u0119 maturzystki, kt\u00f3ra b\u0119d\u0105c zakochana w ch\u0142opaku, dla kt\u00f3rego ona praktycznie nigdy nie istnia\u0142a, zachodzi z nim w ci\u0105\u017c\u0119. Dziewczyna styka si\u0119 z r\u00f3\u017cnymi opiniami na sw\u00f3j temat, przez matk\u0119 jest obra\u017cana i poni\u017cana, przez ukochanego ch\u0142opaka ignorowana, natomiast w niej zakochuje si\u0119 kolega z klasy, kt\u00f3rego ona nigdy nie dostrzega\u0142a. Magda do nikogo nie zwraca si\u0119 o pomoc, bo przecie\u017c praktycznie nie ma do kogo, chce sama poradzi\u0107 sobie z narastaj\u0105cymi przed ni\u0105 problemami. Ch\u0119\u0107 pomocy wykazuje jedynie zakochany w niej Bartek oraz ojciec ojca jej dziecka \u2013 \u0141ukasz. Magda jednak dzielnie d\u0105\u017cy dalej, nie zwa\u017caj\u0105c uwagi na przeciwno\u015bci losu, kiedy w ko\u0144cu rodzi swoj\u0105 c\u00f3rk\u0119 \u2013 Paulin\u0119. Je\u015bli chcecie dowiedzie\u0107 si\u0119, z jakimi jeszcze problemami musia\u0142a si\u0119 zmierzy\u0107, jak sobie z nimi poradzi\u0142a i z czyj\u0105 pomoc\u0105, koniecznie przeczytajcie ksi\u0105\u017ck\u0119 \u201eMagda.doc\u201d, a tak\u017ce jej kolejn\u0105 cz\u0119\u015b\u0107,<\/p>\n<p>\u201ePaulina.doc\u201d, w kt\u00f3rej Magda opowiada o swoim \u017cyciu po porodzie Pauliny. Wydaje si\u0119, \u017ce wszystkie jej problemy powinny si\u0119 jednocze\u015bnie rozwi\u0105za\u0107, jednak\u017ce, kiedy te si\u0119 ko\u0144cz\u0105, pojawiaj\u0105 si\u0119 nast\u0119pne, aby w ko\u0144cu doprowadzi\u0107 do szcz\u0119\u015bliwego zako\u0144czenia. Aby dok\u0142adnie pozna\u0107 losy Magdy, musicie przeczyta\u0107 obydwa te utwory, wy\u017cej wymienione.<\/p>\n<p>\u201eMagda.doc\u201d, a tak\u017ce \u201ePaulina.doc\u201d, wywar\u0142y na mnie ogromne wra\u017cenie, oczywi\u015bcie jak najbardziej pozytywne. Mile zaskoczy\u0142a mnie zar\u00f3wno problematyka utwor\u00f3w, jak i forma w jakiej by\u0142y napisane, czyli pod postaci\u0105 dziennika komputerowego. Opisane wydarzenia s\u0105 jak najbardziej spotykane w \u017cyciu codziennym, dzi\u0119ki czemu r\u00f3wnie\u017c gor\u0105co polecam przeczytanie obydwu utwor\u00f3w.<\/p>\n","protected":false},"excerpt":{"rendered":"<p>Ostatnio przeczyta\u0142am dwie ksi\u0105\u017cki autorstwa Marty Fox. Nosz\u0105 one tytu\u0142y \u201eMagda.doc\u201d oraz \u201ePaulina.doc\u201d. Problematyk\u0105 obydwu tych utwor\u00f3w jest m.in. r\u00f3\u017cnorodno\u015b\u0107 \u015brodowisk bohater\u00f3w, konflikt pokoleniowy \u2013 konflikt mi\u0119dzy g\u0142\u00f3wn\u0105 bohaterk\u0105 \u2013 [&hellip;]<\/p>\n","protected":false},"author":18,"featured_media":0,"comment_status":"open","ping_status":"open","sticky":false,"template":"","format":"standard","meta":{"_tec_requires_first_save":true,"_crdt_document":"","pgc_sgb_lightbox_settings":"","_EventAllDay":false,"_EventTimezone":"","_EventStartDate":"","_EventEndDate":"","_EventStartDateUTC":"","_EventEndDateUTC":"","_EventShowMap":false,"_EventShowMapLink":false,"_EventURL":"","_EventCost":"","_EventCostDescription":"","_EventCurrencySymbol":"","_EventCurrencyCode":"","_EventCurrencyPosition":"","_EventDateTimeSeparator":"","_EventTimeRangeSeparator":"","_EventOrganizerID":[],"_EventVenueID":[],"_OrganizerEmail":"","_OrganizerPhone":"","_OrganizerWebsite":"","_VenueAddress":"","_VenueCity":"","_VenueCountry":"","_VenueProvince":"","_VenueState":"","_VenueZip":"","_VenuePhone":"","_VenueURL":"","_VenueStateProvince":"","_VenueLat":"","_VenueLng":"","_VenueShowMap":false,"_VenueShowMapLink":false,"_tribe_blocks_recurrence_rules":"","_tribe_blocks_recurrence_description":"","_tribe_blocks_recurrence_exclusions":"","footnotes":""},"categories":[110],"tags":[],"class_list":["post-7389","post","type-post","status-publish","format-standard","hentry","category-recenzje-klubowiczow"],"publishpress_future_action":{"enabled":false,"date":"2026-05-06 06:24:01","action":"change-status","newStatus":"draft","terms":[],"taxonomy":"category","extraData":[]},"publishpress_future_workflow_manual_trigger":{"enabledWorkflows":[]},"_links":{"self":[{"href":"https:\/\/wbp.lublin.pl\/index.php\/wp-json\/wp\/v2\/posts\/7389","targetHints":{"allow":["GET"]}}],"collection":[{"href":"https:\/\/wbp.lublin.pl\/index.php\/wp-json\/wp\/v2\/posts"}],"about":[{"href":"https:\/\/wbp.lublin.pl\/index.php\/wp-json\/wp\/v2\/types\/post"}],"author":[{"embeddable":true,"href":"https:\/\/wbp.lublin.pl\/index.php\/wp-json\/wp\/v2\/users\/18"}],"replies":[{"embeddable":true,"href":"https:\/\/wbp.lublin.pl\/index.php\/wp-json\/wp\/v2\/comments?post=7389"}],"version-history":[{"count":2,"href":"https:\/\/wbp.lublin.pl\/index.php\/wp-json\/wp\/v2\/posts\/7389\/revisions"}],"predecessor-version":[{"id":12876,"href":"https:\/\/wbp.lublin.pl\/index.php\/wp-json\/wp\/v2\/posts\/7389\/revisions\/12876"}],"wp:attachment":[{"href":"https:\/\/wbp.lublin.pl\/index.php\/wp-json\/wp\/v2\/media?parent=7389"}],"wp:term":[{"taxonomy":"category","embeddable":true,"href":"https:\/\/wbp.lublin.pl\/index.php\/wp-json\/wp\/v2\/categories?post=7389"},{"taxonomy":"post_tag","embeddable":true,"href":"https:\/\/wbp.lublin.pl\/index.php\/wp-json\/wp\/v2\/tags?post=7389"}],"curies":[{"name":"wp","href":"https:\/\/api.w.org\/{rel}","templated":true}]}}