{"id":7391,"date":"2011-05-31T11:00:33","date_gmt":"2011-05-31T09:00:33","guid":{"rendered":"https:\/\/wbp.lublin.pl8\/index.php\/2011\/05\/31\/fox-marta-kapelusz-zdejmuje-ostatni\/"},"modified":"2018-07-02T21:56:38","modified_gmt":"2018-07-02T19:56:38","slug":"fox-marta-kapelusz-zdejmuje-ostatni","status":"publish","type":"post","link":"https:\/\/wbp.lublin.pl\/index.php\/2011\/05\/31\/fox-marta-kapelusz-zdejmuje-ostatni\/","title":{"rendered":"Fox Marta: Kapelusz zdejmuj\u0119 ostatni"},"content":{"rendered":"<p>Zbi\u00f3r o\u015bmiu opowie\u015bci psychologiczno-obyczajowych jest debiutem pisarskim pochodz\u0105cym z 1992 roku. Ta pierwsza ksi\u0105\u017cka, obj\u0119to\u015bciowo niewielkich rozmiar\u00f3w, bo licz\u0105ca 77 stron, wydana w ma\u0142ym wydawnictwie za w\u0142asne pieni\u0105dze okaza\u0142a si\u0119 udan\u0105 inwestycj\u0105 i pocz\u0105tkiem jej literackiej w\u0119dr\u00f3wki. Sta\u0142a si\u0119 r\u00f3wnie\u017c inspiracj\u0105 do wystawienia przez teatr Wizji Plastyki i Ruchu &#8222;IOTA&#8221; w Katowicach, spektaklu pod tym samym tytu\u0142em.<\/p>\n<p>W zbiorze\u201eKapelusz zdejmuj\u0119 ostatni\u201d Marta Fox pisze o mi\u0142o\u015bci maj\u0105cej wiele twarzy, o \u201egrach\u201d prowadzonych przez zakochanych, o krucho\u015bci \u017cycia, strachu, kt\u00f3ry jest towarzyszem cz\u0142owieka i b\u00f3lu, kt\u00f3ry jest pocz\u0105tkiem wszystkich uczu\u0107.<br \/>\nUj\u0119\u0142a to s\u0142owami: \u201eLudzie nie potrafi\u0105 bez l\u0119ku kocha\u0107, ani nienawidzi\u0107\u201d, a \u201eRado\u015b\u0107 te\u017c boli. Ale to nic. B\u00f3l urzeczywistnia. Tylko on jest prawdziwy. Wszystko z niego: strach, rozpacz, t\u0119sknota, kt\u00f3rej zabi\u0107 nie mo\u017cna, bo przemyca si\u0119 w kolorze oczu i zapachu. I dlatego jest wieczna jak trawa.\u201d<\/p>\n<p>Autorka cierpliwie t\u0142umaczy jak radzi\u0107 sobie z przykrymi i bolesnymi \u017cyciowymi do\u015bwiadczeniami \u201e \u2013 Nie my\u015bl kochana, \u017ce tw\u00f3j b\u00f3l zniknie, gdy w\u0142\u0105czysz p\u0142yt\u0119 i pos\u0142uchasz muzyki. Tego co w \u015brodku, nic nie zag\u0142uszy. Je\u017celi potrafi\u0142a\u015b tyle w\u0142o\u017cy\u0107 energii w upadek ducha, to czy nie mog\u0142aby\u015b cho\u0107 po\u0142owy tej energii zu\u017cy\u0107 na odzyskanie r\u00f3wnowagi i kontynuowanie normalnych zaj\u0119\u0107 ?\u201d \/Magilla\/<br \/>\nTe metaforyczne obrazy to misternie wykradzione z realnego \u017cycia okruchy, kt\u00f3rym nadaje poetyckie brzmienie. Opowie\u015bci przeplata poezj\u0105 r\u00f3wnie\u017c ulotn\u0105 jak chwile w naszym \u017cyciu.<\/p>\n<p>Wyr\u00f3\u017cniaj\u0105cy styl mo\u017cna okre\u015bli\u0107 jako zabaw\u0119 s\u0142owem, obrazem, chwil\u0105. Nale\u017ca\u0142oby tu wspomnie\u0107 o pierwszym opowiadaniu o tytule \u201eGra\u201d, gdzie zakochani rozmawiaj\u0105 cytatami z warto\u015bciowej literatury, a raczej podaj\u0105 sobie \u017ar\u00f3d\u0142a sk\u0105d mog\u0105 czerpa\u0107 inspiracje do rozmowy oraz do wyra\u017cania jak najpe\u0142niej swoich uczu\u0107.<\/p>\n<p>Ksi\u0105\u017cka wbrew pozorom nie jest prosta i czytana wielokrotnie pozwala za ka\u017cdym razem odkry\u0107 nowe przes\u0142anie, uchwyci\u0107 sens, na kt\u00f3ry wcze\u015bniej nie zwr\u00f3ci\u0142o si\u0119 uwagi.<\/p>\n<p>Tak te\u017c jest w opowiadaniu Grzech, gdzie owym grzechem cz\u0142owieka, zreszt\u0105 chyba ka\u017cdego z nas, jest \u201ebezczelne przywi\u0105zanie do \u017cycia\u201d. To z tego grzechu powstaje ca\u0142y \u015bwiat cz\u0142owieka. Normalne jest to, \u017ce po \u015bmierci bliskiej osoby wydaje si\u0119 nam, ze \u015bwiat si\u0119 ko\u0144czy, ale ostatecznie zwyci\u0119\u017ca mi\u0142o\u015b\u0107 do \u017cycia wraz z jego wszystkimi barwami.<\/p>\n<p>Odr\u0119bnym smaczkiem s\u0105 erotyczne opisy \/Mi\u0119dzy snem a snem\/, jak r\u00f3wnie\u017c \u017cartobliwe matematyczne i bardzo odwa\u017cne spojrzenie na mi\u0142o\u015b\u0107 w tr\u00f3jk\u0105cie \/Tr\u00f3jk\u0105t r\u00f3wnoboczny\/. Ironi\u0119 mo\u017cna r\u00f3wnie\u017c dostrzec w opowiadaniu PPPP, gdzie autorka jawnie kpi z Raju Literat\u00f3w, m\u00f3wi\u0105c, \u017ce s\u0142ysz\u0105 tylko to co sami napisali.<br \/>\nTytu\u0142 ksi\u0105\u017cki jest r\u00f3wnie\u017c metafor\u0105, ale nie do ko\u0144ca zrozumia\u0142\u0105. Sama pisarka stwierdza,\u00a0 \u017ce tytu\u0142y jej ksi\u0105\u017cek nie zawsze s\u0105 jasne, ale nawi\u0105zuj\u0105 do tre\u015bci.<br \/>\nKsi\u0105\u017ck\u0119 polecam starszej m\u0142odzie\u017cy, ale r\u00f3wnie\u017c doros\u0142ym, kt\u00f3rzy ju\u017c do\u015bwiadczyli wielu prze\u017cy\u0107 i etap \u201eodkrywania\u201d prawd \u017cyciowych maj\u0105 ju\u017c za sob\u0105, ale chc\u0105 przez chwilk\u0119 \u201ezamy\u015ble\u0107\u201d si\u0119 nad poetyckim obrazem zwyczajnego \u015bwiata.<\/p>\n<p>&nbsp;<\/p>\n<p>Cytaty warte zapami\u0119tania:<br \/>\n\u2022 \u201eRado\u015b\u0107 te\u017c boli. Ale to nic. B\u00f3l urzeczywistnia. Tylko on jest prawdziwy. Wszystko<br \/>\nz niego: strach, rozpacz, t\u0119sknota, kt\u00f3rej zabi\u0107 nie mo\u017cna, bo przemyca si\u0119 w kolorze<br \/>\noczu i zapachu. I dlatego jest wieczna, jak trawa.\u201d<br \/>\n\u2022 \u201eSerce z uszkami &#8211; chcia\u0142abym takie mie\u0107. I by inni je mieli. Bo to serce, kt\u00f3re wszystko<br \/>\ns\u0142yszy, nawet to, co w duszy gra, a to szansa, by kocha\u0107 uwa\u017cnie.\u201d<br \/>\n\u2022 \u201eLudzie nie potrafi\u0105 bez l\u0119ku ani kocha\u0107, ani nienawidzi\u0107.\u201d<br \/>\n\u2022 \u201eGdyby w \u015bwiecie dzia\u0142o si\u0119 rozumnie, to nic by si\u0119 nie dzia\u0142o\u201d \/ F. Dostojewski \/<\/p>\n","protected":false},"excerpt":{"rendered":"<p>Zbi\u00f3r o\u015bmiu opowie\u015bci psychologiczno-obyczajowych jest debiutem pisarskim pochodz\u0105cym z 1992 roku. Ta pierwsza ksi\u0105\u017cka, obj\u0119to\u015bciowo niewielkich rozmiar\u00f3w, bo licz\u0105ca 77 stron, wydana w ma\u0142ym wydawnictwie za w\u0142asne pieni\u0105dze okaza\u0142a si\u0119 [&hellip;]<\/p>\n","protected":false},"author":18,"featured_media":0,"comment_status":"open","ping_status":"open","sticky":false,"template":"","format":"standard","meta":{"_tec_requires_first_save":true,"_crdt_document":"","pgc_sgb_lightbox_settings":"","_EventAllDay":false,"_EventTimezone":"","_EventStartDate":"","_EventEndDate":"","_EventStartDateUTC":"","_EventEndDateUTC":"","_EventShowMap":false,"_EventShowMapLink":false,"_EventURL":"","_EventCost":"","_EventCostDescription":"","_EventCurrencySymbol":"","_EventCurrencyCode":"","_EventCurrencyPosition":"","_EventDateTimeSeparator":"","_EventTimeRangeSeparator":"","_EventOrganizerID":[],"_EventVenueID":[],"_OrganizerEmail":"","_OrganizerPhone":"","_OrganizerWebsite":"","_VenueAddress":"","_VenueCity":"","_VenueCountry":"","_VenueProvince":"","_VenueState":"","_VenueZip":"","_VenuePhone":"","_VenueURL":"","_VenueStateProvince":"","_VenueLat":"","_VenueLng":"","_VenueShowMap":false,"_VenueShowMapLink":false,"_tribe_blocks_recurrence_rules":"","_tribe_blocks_recurrence_description":"","_tribe_blocks_recurrence_exclusions":"","footnotes":""},"categories":[110],"tags":[],"class_list":["post-7391","post","type-post","status-publish","format-standard","hentry","category-recenzje-klubowiczow"],"publishpress_future_action":{"enabled":false,"date":"2026-05-06 05:00:20","action":"change-status","newStatus":"draft","terms":[],"taxonomy":"category","extraData":[]},"publishpress_future_workflow_manual_trigger":{"enabledWorkflows":[]},"_links":{"self":[{"href":"https:\/\/wbp.lublin.pl\/index.php\/wp-json\/wp\/v2\/posts\/7391","targetHints":{"allow":["GET"]}}],"collection":[{"href":"https:\/\/wbp.lublin.pl\/index.php\/wp-json\/wp\/v2\/posts"}],"about":[{"href":"https:\/\/wbp.lublin.pl\/index.php\/wp-json\/wp\/v2\/types\/post"}],"author":[{"embeddable":true,"href":"https:\/\/wbp.lublin.pl\/index.php\/wp-json\/wp\/v2\/users\/18"}],"replies":[{"embeddable":true,"href":"https:\/\/wbp.lublin.pl\/index.php\/wp-json\/wp\/v2\/comments?post=7391"}],"version-history":[{"count":2,"href":"https:\/\/wbp.lublin.pl\/index.php\/wp-json\/wp\/v2\/posts\/7391\/revisions"}],"predecessor-version":[{"id":12875,"href":"https:\/\/wbp.lublin.pl\/index.php\/wp-json\/wp\/v2\/posts\/7391\/revisions\/12875"}],"wp:attachment":[{"href":"https:\/\/wbp.lublin.pl\/index.php\/wp-json\/wp\/v2\/media?parent=7391"}],"wp:term":[{"taxonomy":"category","embeddable":true,"href":"https:\/\/wbp.lublin.pl\/index.php\/wp-json\/wp\/v2\/categories?post=7391"},{"taxonomy":"post_tag","embeddable":true,"href":"https:\/\/wbp.lublin.pl\/index.php\/wp-json\/wp\/v2\/tags?post=7391"}],"curies":[{"name":"wp","href":"https:\/\/api.w.org\/{rel}","templated":true}]}}