{"id":74614,"date":"2025-10-10T15:54:13","date_gmt":"2025-10-10T13:54:13","guid":{"rendered":"https:\/\/wbp.lublin.pl\/?p=74614"},"modified":"2025-10-22T12:25:42","modified_gmt":"2025-10-22T10:25:42","slug":"premiera-ksiazki-dr-marii-ziarkowskiej-tworczosc-wiolonczelowa-andrzeja-cwojdzinskiego-oraz-koncert-zespolu-kameralnego-cwojdzinski-piano-trio","status":"publish","type":"post","link":"https:\/\/wbp.lublin.pl\/index.php\/2025\/10\/10\/premiera-ksiazki-dr-marii-ziarkowskiej-tworczosc-wiolonczelowa-andrzeja-cwojdzinskiego-oraz-koncert-zespolu-kameralnego-cwojdzinski-piano-trio\/","title":{"rendered":"Premiera ksi\u0105\u017cki dr Marii Ziarkowskiej \u201eTw\u00f3rczo\u015b\u0107 wiolonczelowa Andrzeja Cwojdzi\u0144skiego\u201d oraz koncert zespo\u0142u kameralnego Cwojdzi\u0144ski Piano Trio"},"content":{"rendered":"\n<!--more-->\n\n\n\n<p class=\"has-text-align-center wp-block-paragraph\"><strong>Wojew\u00f3dzka Biblioteka Publiczna im. Hieronima \u0141opaci\u0144skiego w Lublinie<br><\/strong>oraz<br><strong>Szko\u0142a Muzyczna I i II stopnia im. Witolda Lutos\u0142awskiego w Lublinie<\/strong><\/p>\n\n\n\n<p class=\"has-text-align-center wp-block-paragraph\">zapraszaj\u0105 na premier\u0119 ksi\u0105\u017cki<\/p>\n\n\n\n<p class=\"has-text-align-center wp-block-paragraph\"><strong>dr Marii Ziarkowskiej<br>\u201eTw\u00f3rczo\u015b\u0107 wiolonczelowa Andrzeja Cwojdzi\u0144skiego\u201d<\/strong><\/p>\n\n\n<div class=\"wp-block-image\">\n<figure class=\"aligncenter size-full is-resized\"><img data-dominant-color=\"dfcfcd\" data-has-transparency=\"false\" loading=\"lazy\" decoding=\"async\" width=\"597\" height=\"835\" sizes=\"auto, (max-width: 597px) 100vw, 597px\" src=\"https:\/\/wbp.lublin.pl\/wp-content\/uploads\/2025\/10\/image-7.webp\" alt=\"Premiera ksi\u0105\u017cki dr Marii Ziarkowskiej \u201eTw\u00f3rczo\u015b\u0107 wiolonczelowa Andrzeja Cwojdzi\u0144skiego\u201d oraz koncert zespo\u0142u kameralnego Cwojdzi\u0144ski Piano Trio\" class=\"wp-image-74616 not-transparent\" style=\"--dominant-color: #dfcfcd; aspect-ratio:0.7149706015377657;width:420px;height:auto\" srcset=\"https:\/\/wbp.lublin.pl\/wp-content\/uploads\/2025\/10\/image-7.webp 597w, https:\/\/wbp.lublin.pl\/wp-content\/uploads\/2025\/10\/image-7-429x600.webp 429w, https:\/\/wbp.lublin.pl\/wp-content\/uploads\/2025\/10\/image-7-286x400.webp 286w\" \/><\/figure>\n<\/div>\n\n\n<p class=\"has-text-align-center wp-block-paragraph\"><strong>21 pa\u017adziernika (wtorek) 2025 r., godz. 18.00<\/strong><br>Galeria Biblioteki (II pi\u0119tro \u2013 bezpo\u015bredni dojazd wind\u0105 nie jest mo\u017cliwy)<br>Wojew\u00f3dzka Biblioteka Publiczna im. Hieronima \u0141opaci\u0144skiego w Lublinie<br>Lublin, ul. Prezydenta Gabriela Narutowicza 4<\/p>\n\n\n\n<p class=\"has-text-align-center wp-block-paragraph\">Uroczysto\u015bci towarzyszy\u0107 b\u0119dzie koncert zespo\u0142u kameralnego <strong>Cwojdzi\u0144ski Piano Trio<\/strong>, kt\u00f3ry tego wieczoru zainauguruje swoj\u0105 dzia\u0142alno\u015b\u0107, u\u015bwietniaj\u0105c premier\u0119 muzycznym spotkaniem z tw\u00f3rczo\u015bci\u0105 kompozytora <strong>Andrzeja Cwojdzi\u0144skiego<\/strong>. <strong>Cwojdzi\u0144ski Piano Trio<\/strong> tworz\u0105:<br><strong>Klaudia \u015alusarska<\/strong> \u2013 skrzypce<br><strong>Maria Ziarkowska<\/strong> \u2013 wiolonczela<br><strong>Maciej Kami\u0144ski<\/strong> \u2013 fortepian<\/p>\n\n\n\n<hr class=\"wp-block-separator has-alpha-channel-opacity\"\/>\n\n\n\n<p class=\"has-text-align-left wp-block-paragraph\">Publikacja zosta\u0142a wydana dzi\u0119ki wsparciu Funduszu Popierania Tw\u00f3rczo\u015bci ZAiKS.<br>Ksi\u0105\u017cka obj\u0119ta jest patronatem honorowym Stowarzyszenia Szk\u00f3\u0142 Artystycznych \u201eProArte\u201d. Patronat medialny sprawuj\u0105: Polskie Centrum Informacji Muzycznej POLMIC, portal Cameral Music oraz magazyn Sztuka Zapisana.<\/p>\n\n\n<div class=\"wp-block-image\">\n<figure class=\"aligncenter size-full\"><img data-dominant-color=\"ede9ea\" data-has-transparency=\"false\" style=\"--dominant-color: #ede9ea;\" loading=\"lazy\" decoding=\"async\" width=\"1160\" height=\"403\" sizes=\"auto, (max-width: 1160px) 100vw, 1160px\" src=\"https:\/\/wbp.lublin.pl\/wp-content\/uploads\/2025\/10\/image-8.webp\" alt=\"Premiera ksi\u0105\u017cki dr Marii Ziarkowskiej \u201eTw\u00f3rczo\u015b\u0107 wiolonczelowa Andrzeja Cwojdzi\u0144skiego\u201d oraz koncert zespo\u0142u kameralnego Cwojdzi\u0144ski Piano Trio\" class=\"wp-image-74618 not-transparent\" srcset=\"https:\/\/wbp.lublin.pl\/wp-content\/uploads\/2025\/10\/image-8.webp 1160w, https:\/\/wbp.lublin.pl\/wp-content\/uploads\/2025\/10\/image-8-600x208.webp 600w, https:\/\/wbp.lublin.pl\/wp-content\/uploads\/2025\/10\/image-8-400x139.webp 400w, https:\/\/wbp.lublin.pl\/wp-content\/uploads\/2025\/10\/image-8-768x267.webp 768w, https:\/\/wbp.lublin.pl\/wp-content\/uploads\/2025\/10\/image-8-947x329.webp 947w, https:\/\/wbp.lublin.pl\/wp-content\/uploads\/2025\/10\/image-8-624x217.webp 624w\" \/><\/figure>\n<\/div>\n\n\n<p class=\"has-text-align-right wp-block-paragraph\"><em>Dzia\u0142 Informacji i Promocji<\/em><\/p>\n","protected":false},"excerpt":{"rendered":"","protected":false},"author":30,"featured_media":74421,"comment_status":"closed","ping_status":"closed","sticky":false,"template":"","format":"standard","meta":{"_tec_requires_first_save":true,"_crdt_document":"","pgc_sgb_lightbox_settings":"","_EventAllDay":false,"_EventTimezone":"","_EventStartDate":"","_EventEndDate":"","_EventStartDateUTC":"","_EventEndDateUTC":"","_EventShowMap":false,"_EventShowMapLink":false,"_EventURL":"","_EventCost":"","_EventCostDescription":"","_EventCurrencySymbol":"","_EventCurrencyCode":"","_EventCurrencyPosition":"","_EventDateTimeSeparator":"","_EventTimeRangeSeparator":"","_EventOrganizerID":[],"_EventVenueID":[],"_OrganizerEmail":"","_OrganizerPhone":"","_OrganizerWebsite":"","_VenueAddress":"","_VenueCity":"","_VenueCountry":"","_VenueProvince":"","_VenueState":"","_VenueZip":"","_VenuePhone":"","_VenueURL":"","_VenueStateProvince":"","_VenueLat":"","_VenueLng":"","_VenueShowMap":false,"_VenueShowMapLink":false,"_tribe_blocks_recurrence_rules":"","_tribe_blocks_recurrence_description":"","_tribe_blocks_recurrence_exclusions":"","footnotes":""},"categories":[752,10,54],"tags":[],"class_list":["post-74614","post","type-post","status-publish","format-standard","has-post-thumbnail","hentry","category-koncert","category-aktualnosci","category-spotkania"],"publishpress_future_action":{"enabled":false,"date":"2026-05-08 18:32:56","action":"change-status","newStatus":"draft","terms":[],"taxonomy":"category","extraData":[]},"publishpress_future_workflow_manual_trigger":{"enabledWorkflows":[]},"_links":{"self":[{"href":"https:\/\/wbp.lublin.pl\/index.php\/wp-json\/wp\/v2\/posts\/74614","targetHints":{"allow":["GET"]}}],"collection":[{"href":"https:\/\/wbp.lublin.pl\/index.php\/wp-json\/wp\/v2\/posts"}],"about":[{"href":"https:\/\/wbp.lublin.pl\/index.php\/wp-json\/wp\/v2\/types\/post"}],"author":[{"embeddable":true,"href":"https:\/\/wbp.lublin.pl\/index.php\/wp-json\/wp\/v2\/users\/30"}],"replies":[{"embeddable":true,"href":"https:\/\/wbp.lublin.pl\/index.php\/wp-json\/wp\/v2\/comments?post=74614"}],"version-history":[{"count":4,"href":"https:\/\/wbp.lublin.pl\/index.php\/wp-json\/wp\/v2\/posts\/74614\/revisions"}],"predecessor-version":[{"id":74621,"href":"https:\/\/wbp.lublin.pl\/index.php\/wp-json\/wp\/v2\/posts\/74614\/revisions\/74621"}],"wp:featuredmedia":[{"embeddable":true,"href":"https:\/\/wbp.lublin.pl\/index.php\/wp-json\/wp\/v2\/media\/74421"}],"wp:attachment":[{"href":"https:\/\/wbp.lublin.pl\/index.php\/wp-json\/wp\/v2\/media?parent=74614"}],"wp:term":[{"taxonomy":"category","embeddable":true,"href":"https:\/\/wbp.lublin.pl\/index.php\/wp-json\/wp\/v2\/categories?post=74614"},{"taxonomy":"post_tag","embeddable":true,"href":"https:\/\/wbp.lublin.pl\/index.php\/wp-json\/wp\/v2\/tags?post=74614"}],"curies":[{"name":"wp","href":"https:\/\/api.w.org\/{rel}","templated":true}]}}